{"id":38767,"date":"2011-08-13T13:06:48","date_gmt":"2011-08-13T10:06:48","guid":{"rendered":"http:\/\/www.korhanyilmaz.com\/?p=38767"},"modified":"2011-08-19T03:47:24","modified_gmt":"2011-08-19T00:47:24","slug":"basbakan-erdoganin-sike-sorusturmasindaifadesi-alinacak-mi","status":"publish","type":"post","link":"http:\/\/www.korhanyilmaz.com\/?p=38767","title":{"rendered":"Ba\u015fbakan Erdo\u011fan&#8217;\u0131n \u015eike Soru\u015fturmas\u0131nda \u0130fadesi Al\u0131nacak m\u0131?"},"content":{"rendered":"<p style=\"text-align: center;\"><a href=\"http:\/\/www.korhanyilmaz.com\/wp-content\/uploads\/2011\/08\/6156.jpg\"  class=\"lightview\"><img loading=\"lazy\" decoding=\"async\" class=\"aligncenter size-full wp-image-38768\" src=\"http:\/\/www.korhanyilmaz.com\/wp-content\/uploads\/2011\/08\/6156.jpg\" alt=\"\" width=\"315\" height=\"221\" \/><\/a><\/p>\n<p style=\"text-align: justify;\">\u015eike soru\u015fturmas\u0131ndan s\u0131zan bilgiler \u201cpes\u201d dedirtirken, sonuncu s\u0131zma meseleyi daha da ilgin\u00e7 hale getirdi. Taraf\u2019\u0131n yay\u0131nlad\u0131\u011f\u0131 son telefon konu\u015fmas\u0131nda Ba\u015fbakan Erdo\u011fan\u2019\u0131n \u201cFederasyon Ba\u015fkan\u0131 kim olsun, Mehmet Ali mi, Mahmut mu\u201d diye, Aziz Y\u0131ld\u0131r\u0131m\u2019a sordu\u011fu iddia ediliyor. \u00dcstelik konu\u015fman\u0131n sahibi de bizzat Aziz Y\u0131ld\u0131r\u0131m.<\/p>\n<p style=\"text-align: justify;\"><!--more--><\/p>\n<p style=\"text-align: justify;\">\u0130stanbul Cumhuriyet Savc\u0131s\u0131 Mehmet Berk, \u015fike soru\u015fturmas\u0131nda telefon kay\u0131tlar\u0131nda ad\u0131 ge\u00e7en, s\u00f6z\u00fc edilen, hatta ima edilen herkesi ifadeye \u00e7a\u011f\u0131rd\u0131. Kimisi konu\u015fmalardaki iddialar nedeniyle tutukland\u0131. Kimisi tutuksuz yarg\u0131lanmak \u00fczere serbest kald\u0131. Kimi de tan\u0131k olarak konu\u015ftu.<\/p>\n<p style=\"text-align: justify;\">\u00dcstelik Trabzonspor Ba\u015fkan\u0131 Sadri \u015eener\u2019in de telefon kay\u0131tlar\u0131nda Y\u0131ld\u0131r\u0131m\u2019\u0131n iddias\u0131n\u0131 do\u011frulayan ifadeler oldu\u011fu ortaya \u00e7\u0131kt\u0131.<\/p>\n<p style=\"text-align: justify;\">Merak ediyoruz, Savc\u0131 Mehmet Berk herkese uygulad\u0131\u011f\u0131 tarifeyi Ba\u015fbakan Erdo\u011fan\u2019a da uygulayacak m\u0131? Hakk\u0131nda tan\u0131k ya da san\u0131k olacak \u015fekilde bir giri\u015fimde bulunacak m\u0131? Yoksa meselenin \u00fczerinden sessizce atlayacak m\u0131?<\/p>\n<p style=\"text-align: justify;\"><a href=\"http:\/\/www.odatv.com\/n.php?n=basbakan-erdoganin-sike-sorusturmasinda-ifadesi-alinacak-mi--1308111200\" target=\"_blank\">Kaynak : Odatv.com<\/a><\/p>\n","protected":false},"excerpt":{"rendered":"<p style=\"text-align: center;\">\n<p style=\"text-align: justify;\">\u015eike soru\u015fturmas\u0131ndan s\u0131zan bilgiler \u201cpes\u201d dedirtirken, sonuncu s\u0131zma meseleyi daha da ilgin\u00e7 hale getirdi. Taraf\u2019\u0131n yay\u0131nlad\u0131\u011f\u0131 son telefon konu\u015fmas\u0131nda Ba\u015fbakan Erdo\u011fan\u2019\u0131n \u201cFederasyon Ba\u015fkan\u0131 kim olsun, Mehmet Ali mi, Mahmut mu\u201d diye, Aziz Y\u0131ld\u0131r\u0131m\u2019a sordu\u011fu iddia ediliyor. \u00dcstelik konu\u015fman\u0131n sahibi de bizzat Aziz Y\u0131ld\u0131r\u0131m.<\/p>\n<p style=\"text-align: justify;\">\n","protected":false},"author":1,"featured_media":0,"comment_status":"open","ping_status":"open","sticky":false,"template":"","format":"standard","meta":{"footnotes":""},"categories":[105],"tags":[],"class_list":["post-38767","post","type-post","status-publish","format-standard","hentry","category-gundem","odd"],"_links":{"self":[{"href":"http:\/\/www.korhanyilmaz.com\/index.php?rest_route=\/wp\/v2\/posts\/38767","targetHints":{"allow":["GET"]}}],"collection":[{"href":"http:\/\/www.korhanyilmaz.com\/index.php?rest_route=\/wp\/v2\/posts"}],"about":[{"href":"http:\/\/www.korhanyilmaz.com\/index.php?rest_route=\/wp\/v2\/types\/post"}],"author":[{"embeddable":true,"href":"http:\/\/www.korhanyilmaz.com\/index.php?rest_route=\/wp\/v2\/users\/1"}],"replies":[{"embeddable":true,"href":"http:\/\/www.korhanyilmaz.com\/index.php?rest_route=%2Fwp%2Fv2%2Fcomments&post=38767"}],"version-history":[{"count":0,"href":"http:\/\/www.korhanyilmaz.com\/index.php?rest_route=\/wp\/v2\/posts\/38767\/revisions"}],"wp:attachment":[{"href":"http:\/\/www.korhanyilmaz.com\/index.php?rest_route=%2Fwp%2Fv2%2Fmedia&parent=38767"}],"wp:term":[{"taxonomy":"category","embeddable":true,"href":"http:\/\/www.korhanyilmaz.com\/index.php?rest_route=%2Fwp%2Fv2%2Fcategories&post=38767"},{"taxonomy":"post_tag","embeddable":true,"href":"http:\/\/www.korhanyilmaz.com\/index.php?rest_route=%2Fwp%2Fv2%2Ftags&post=38767"}],"curies":[{"name":"wp","href":"https:\/\/api.w.org\/{rel}","templated":true}]}}