{"id":38762,"date":"2011-08-18T15:23:28","date_gmt":"2011-08-18T12:23:28","guid":{"rendered":"http:\/\/www.korhanyilmaz.com\/?p=38762"},"modified":"2011-08-19T03:33:20","modified_gmt":"2011-08-19T00:33:20","slug":"muhaliflere-turkiye-uzerinden-gizlice-agir-silahlar-mi-veriliyor","status":"publish","type":"post","link":"http:\/\/www.korhanyilmaz.com\/?p=38762","title":{"rendered":"Muhaliflere T\u00fcrkiye \u00dczerinden Gizlice A\u011f\u0131r Silahlar m\u0131 veriliyor?"},"content":{"rendered":"<p style=\"text-align: center;\"><a href=\"http:\/\/www.korhanyilmaz.com\/wp-content\/uploads\/2011\/08\/6155.jpg\"  class=\"lightview\"><img loading=\"lazy\" decoding=\"async\" class=\"aligncenter size-full wp-image-38763\" src=\"http:\/\/www.korhanyilmaz.com\/wp-content\/uploads\/2011\/08\/6155.jpg\" alt=\"\" width=\"372\" height=\"211\" \/><\/a><\/p>\n<p style=\"text-align: justify;\">Yakla\u015f\u0131k on g\u00fcn kadar \u00f6nce Rusya\u2019n\u0131n NATO \u00f6zel temsilcilerinden Dmitry Rogozin\u2019in Izvestia gazetesine yapt\u0131\u011f\u0131 a\u00e7\u0131klamalar\u0131 okudu\u011fumda k\u0131sa zaman i\u00e7erisinde Suriye ile ilgili baz\u0131 \u00f6nemli geli\u015fmelerin olaca\u011f\u0131n\u0131 anlam\u0131\u015ft\u0131m. 2008 y\u0131l\u0131ndan beri Rusya\u2019n\u0131n NATO ile olan ili\u015fkilerinde etkili bir rol\u00fc bulunan Rogozin\u2019in \u00f6rg\u00fct hakk\u0131nda derin bilgilere ve g\u00fcvenilir kaynaklara sahip oldu\u011fu ger\u00e7e\u011finden yola \u00e7\u0131karak s\u00f6zlerini bir k\u00f6\u015feye not ald\u0131m.<!--more--><\/p>\n<p style=\"text-align: justify;\">Rogozin r\u00f6portajda as\u0131l hedefin Iran oldu\u011funu belirtirken Yemen ve Suriye\u2019deki geli\u015fmeler ile birlikte Tahran etraf\u0131ndaki \u00e7emberin daralmaya ba\u015flad\u0131\u011f\u0131n\u0131 ve bu iki \u00fclkede sular\u0131n durulmas\u0131n\u0131n ard\u0131ndan Iran\u2019a kar\u015f\u0131 bir NATO harekat\u0131n\u0131n s\u00f6z konusu olabilece\u011fine i\u015faret ediyordu. Bununla yetinmeyerek bu plan do\u011frultusunda a\u00e7\u0131kca NATO\u2019yu Suriye\u2019deki olaylar\u0131 organize etmekle ve Kuzey Afrika\u2019da geni\u015f \u00e7apl\u0131 bir askeri ve propaganda operasyonu i\u00e7erisinde olmakla su\u00e7luyordu. Son olarak Libya\u2019dan ders al\u0131nmas\u0131 gerekti\u011fini ve g\u00fc\u00e7 kullanarak bir sonu\u00e7 elde edilemeyece\u011finin alt\u0131n\u0131 \u00e7izerek Suriye\u2019ye kar\u015f\u0131 yap\u0131lacak bir NATO operasyonuna kar\u015f\u0131 Rusya\u2019n\u0131n sessiz kalmayaca\u011f\u0131 mesaj\u0131n\u0131 vermekten geri kalm\u0131yordu.<\/p>\n<p style=\"text-align: justify;\">Peki, T\u00fcrkiye Rus temsilcinin s\u00f6z\u00fcn\u00fc etti\u011fi bu plan\u0131n neresinde yer al\u0131yor? Bu yaz\u0131y\u0131 bir hafta \u00f6nce kaleme al\u0131yor olsayd\u0131m kesinlikle a\u015fa\u011f\u0131da yazaca\u011f\u0131m sat\u0131rlara yer vermezdim. Ancak s\u0131n\u0131rda \u2018tampon b\u00f6lge\u2019 olu\u015fturulmas\u0131 ile bir s\u00fcredir farkl\u0131 kaynaklardan duydu\u011fum iddialar\u0131n ger\u00e7ek olma ihtimali ciddi bir bi\u00e7imde artt\u0131\u011f\u0131ndan \u00fczerinde biraz fikir jimnasti\u011fi yapman\u0131n do\u011fru olaca\u011f\u0131n\u0131 d\u00fc\u015f\u00fcn\u00fcyorum.<\/p>\n<p style=\"text-align: justify;\">NATO i\u00e7erisinde en b\u00fcy\u00fck ikinci ve Atlantik Okyanusu\u2019nun bu yakas\u0131ndaki en b\u00fcy\u00fck askeri g\u00fc\u00e7 olan T\u00fcrk ordusuna So\u011fuk Sava\u015f sonras\u0131nda \u2018global polis\u2019 rol\u00fc bi\u00e7ildi\u011fi uzun y\u0131llard\u0131r bilinen bir ger\u00e7ek. Bunun \u00fczerine siyasi ve ekonomik olarak d\u0131\u015f deste\u011fe ihtiya\u00e7 duyan, \u00fczerine \u201csifon \u00e7ekilmesi\u201d korkusu ile ya\u015fayan bir iktidar, onun B\u00fcy\u00fck Ortado\u011fu Projesi\u2019nin E\u015fba\u015fkan\u0131 olmakla \u00f6v\u00fcnen bir ba\u015fbakan\u0131 ve tasviye edilmi\u015f bir ordu komuta kademesi ger\u00e7e\u011fini ekleyince ortaya \u00e7\u0131kan tablo daha derin bir anlam kazan\u0131yor.<\/p>\n<p style=\"text-align: justify;\">Tayyip Erdo\u011fan\u2019\u0131n Suriye\u2019deki olaylar\u0131 \u201c<strong>T\u00fcrkiye\u2019nin i\u00e7i\u015fleri<\/strong>\u201d olarak de\u011ferlendirmesi, Esad muhalifleri ile g\u00f6r\u00fc\u015fmesi, onlar i\u00e7in toplant\u0131lar d\u00fczenlemesi, tehdit ve \u015fantaj kokan s\u00f6ylemler ile \u2018eski kankas\u0131\u2019 Be\u015far\u2019\u0131 \u2018bertaraf\u2019 etmeye \u00e7al\u0131\u015fmas\u0131 ve bunlar\u0131n Amerika taraf\u0131ndan art\u0131k b\u0131kk\u0131nl\u0131k veren \u0130slam d\u00fcnyas\u0131na \u2018<strong>model demokrasi<\/strong>\u2019 cilas\u0131 ile sunulmas\u0131 dikkatlerden ka\u00e7mamal\u0131. Buna ba\u011fl\u0131 olarak yanda\u015f medya ve j\u00f6lelilerin sava\u015f \u00e7\u0131\u011f\u0131rtkanl\u0131\u011f\u0131na soyunmas\u0131, a\u00e7\u0131kca \u201c<strong>emperyal T\u00fcrkiye\u2019den<\/strong>\u201d bahsetmesi , BOP \u00e7er\u00e7evesinde T\u00fcrkiye merkezli bir federasyon hayalini pazarlamaya \u00e7al\u0131\u015fmas\u0131 g\u00f6zden ka\u00e7\u0131r\u0131lmamas\u0131 gereken \u00f6nemli ayr\u0131nt\u0131lar.<\/p>\n<p style=\"text-align: justify;\">Ba\u015fbakan bitmek t\u00fckenmek bilmeyen \u00f6fkesi ile D\u0131\u015fi\u015fleri Bakan\u0131 Davuto\u011flu ise Popstar Ajdar\u2019\u0131 aratmayan bo\u015f kibiri ve iflas eden irrasyonel \u2018<strong>s\u0131f\u0131r sorun<\/strong>\u2019 vizyonu ile trib\u00fcnlere oynarken ger\u00e7ekte Amerika\u2019n\u0131n ta\u015feronlu\u011fu ve postac\u0131l\u0131\u011f\u0131 d\u0131\u015f\u0131nda bir \u015fey yapm\u0131yor. T\u00fcrkiye\u2019nin bu oyunda \u00f6n plana s\u00fcr\u00fclmesinin ba\u015fl\u0131ca nedeni Amerika\u2019n\u0131n Irak\u2019ta oldu\u011fu gibi tek yanl\u0131 bir m\u00fcdahaleye cesaret edememesi, d\u00fcnyada ve \u00f6zellikle \u0130slam aleminde T\u00fcrkiye\u2019yi bir Truva at\u0131 gibi kullanarak Suriye\u2019ye (ve uzun vadede \u0130ran\u2019a) askeri m\u00fcdahale yap\u0131lmas\u0131 y\u00f6n\u00fcnde bir kamuoyu olu\u015fturmaktan ibaret.<\/p>\n<p style=\"text-align: justify;\">Bunun yan\u0131nda BOP E\u015fba\u015fkan\u0131 Erdo\u011fan ve destek\u00e7ileri Suriye konusunu b\u00f6lgede \u0130ran etkisini k\u0131rmak i\u00e7in bir f\u0131rsat olarak g\u00f6r\u00fcyor. Bu durumun fark\u0131nda olan Tahran y\u00f6netimi ise \u015eam y\u00f6netimine olan deste\u011fini artt\u0131r\u0131yor. Bu ba\u011flamda hen\u00fcz Davuto\u011flu\u2019nun \u015eam\u2019dan ayr\u0131lmas\u0131n\u0131n \u00fczerinden saatler ge\u00e7mi\u015fken \u0130ran Esad\u2019a bir T\u00fcrkiye\/NATO sald\u0131r\u0131s\u0131 durumda askeri destek s\u00f6z\u00fc veriyor ve \u00fclkeye sald\u0131r\u0131larda kullan\u0131lacak askeri hedeflere y\u00f6nelik roket sald\u0131r\u0131lar\u0131nda bulunaca\u011f\u0131 yolunda taahh\u00fctte bulunuyor.<\/p>\n<p style=\"text-align: justify;\">Nitekim \u0130ran D\u0131\u015fi\u015fleri Bakan\u0131 Ramin Mehmanparast d\u00fcn yapt\u0131\u011f\u0131 a\u00e7\u0131klamada Erdo\u011fan\u2019\u0131n \u201c<strong>Suriye bizim i\u00e7 meselemizdir<\/strong>\u201d s\u00f6z\u00fcne at\u0131fta bulunarak Suriye\u2019ye kar\u015f\u0131 yap\u0131lacak bir askeri m\u00fcdahalenin kabul edilemez ve hukuk d\u0131\u015f\u0131 oldu\u011funu belirtti. Bu a\u00e7\u0131klaman\u0131n Birle\u015fik Krall\u0131k D\u0131\u015fi\u015fleri Bakan\u0131 William Hague\u2019\u0131n Suriye\u2019ye askeri m\u00fcdahalenin uzak bir ihtimal olmad\u0131\u011f\u0131n\u0131 s\u00f6ylemesinin hemen \u00fczerine yap\u0131lmas\u0131 son derece \u00f6nemli.<\/p>\n<p style=\"text-align: justify;\">Gelelim yaz\u0131n\u0131n giri\u015finde s\u00f6z\u00fcn\u00fc etti\u011fim istihbarata. Libya\u2019daki hava harekat\u0131 merkezli NATO m\u00fcdahalesinin ba\u015far\u0131s\u0131zl\u0131\u011f\u0131 nedeni ile NATO ve Amerika\u2019n\u0131n Suriye\u2019de farkl\u0131 bir y\u00f6ntem aray\u0131\u015f\u0131 i\u00e7erisinde oldu\u011fu ve bu \u00e7er\u00e7evede Br\u00fcksel\u2019deki NATO merkezi ile T\u00fcrk Genelkurmay\u0131nda yo\u011fun \u00e7al\u0131\u015fmalar yap\u0131ld\u0131\u011f\u0131 iddialar\u0131 var.<\/p>\n<p style=\"text-align: justify;\">Buna g\u00f6re ilk at\u0131lacak ad\u0131m Suriye\u2019deki rejim kar\u015f\u0131tlar\u0131na a\u011f\u0131r silahlar, hatta helikopter ve tanklar sa\u011flanmas\u0131. Ge\u00e7ti\u011fimiz g\u00fcnlerde Suriye donanmas\u0131n\u0131n liman \u015fehirlerini ku\u015fatmas\u0131n\u0131n arkas\u0131nda deniz yolu ile L\u00fcbnan\u2019dan gelen silahlar\u0131 engellemek oldu\u011fu gibi, s\u00f6zkonusu bu NATO kaynakl\u0131 silahlar\u0131n bloke edilmesi amac\u0131n\u0131 g\u00fctt\u00fc\u011f\u00fc s\u00f6yleniyor.<\/p>\n<p style=\"text-align: justify;\">Di\u011fer taraftan Suriye Hava Kuvvetlerinin bu silahlar\u0131n \u00fclkeye hava yolu ile sokulmas\u0131na izin vermeyece\u011fi ger\u00e7e\u011finden yola \u00e7\u0131karsak geriye mant\u0131kl\u0131 tek yol olarak bunlar\u0131n Suriye\u2019ye T\u00fcrkiye \u00fczerinden karadan sokulmas\u0131 kal\u0131yor. Bunun \u00fczerine bu silahlar\u0131 kullanacak ki\u015filerin T\u00fcrkiye\u2019de e\u011fitilece\u011fi (ve hatta halihaz\u0131rda e\u011fitildi\u011fi), bu silahlar\u0131n rejim muhaliflerine T\u00fcrk ordusu eli ile ula\u015ft\u0131r\u0131laca\u011f\u0131 istihbarat\u0131n\u0131 koyarsak T\u00fcrkiye \u2013 Suriye s\u0131n\u0131r\u0131nda olu\u015fturulan \u2018tampon b\u00f6lge\u2019 bu iddialar\u0131 g\u00fc\u00e7lendirecek ciddi \u015f\u00fcpheler uyand\u0131r\u0131yor.<\/p>\n<p style=\"text-align: justify;\">Bu iddialar\u0131n asl\u0131n\u0131 ve geli\u015fmeleri hep beraber g\u00f6rece\u011fiz. Ancak birileri Ba\u015fbakana Yavuz (Goeben) ve Midilli (Breslau) kruvaz\u00f6rlerinin Rus limanlar\u0131n\u0131 bombalamas\u0131 ile ba\u015flayan s\u00fcreci anlatsa hi\u00e7 fena olmayacak.<\/p>\n<p style=\"text-align: justify;\"><a href=\"http:\/\/www.odatv.com\/n.php?n=muhaliflere-turkiye-uzerinden-gizlice-agir-silahlar-mi-veriliyor-1808111200\" target=\"_blank\">Kaynak : \u00a0K. Murat YILDIZ &#8211;\u00a0Odatv.com<\/a><\/p>\n","protected":false},"excerpt":{"rendered":"<p style=\"text-align: center;\">\n<p style=\"text-align: justify;\">Yakla\u015f\u0131k on g\u00fcn kadar \u00f6nce Rusya\u2019n\u0131n NATO \u00f6zel temsilcilerinden Dmitry Rogozin\u2019in Izvestia gazetesine yapt\u0131\u011f\u0131 a\u00e7\u0131klamalar\u0131 okudu\u011fumda k\u0131sa zaman i\u00e7erisinde Suriye ile ilgili baz\u0131 \u00f6nemli geli\u015fmelerin olaca\u011f\u0131n\u0131 anlam\u0131\u015ft\u0131m. 2008 y\u0131l\u0131ndan beri Rusya\u2019n\u0131n NATO ile olan ili\u015fkilerinde etkili bir rol\u00fc bulunan Rogozin\u2019in \u00f6rg\u00fct hakk\u0131nda derin bilgilere ve g\u00fcvenilir kaynaklara sahip oldu\u011fu ger\u00e7e\u011finden <\/p>\n","protected":false},"author":1,"featured_media":0,"comment_status":"open","ping_status":"open","sticky":false,"template":"","format":"standard","meta":{"footnotes":""},"categories":[105],"tags":[],"class_list":["post-38762","post","type-post","status-publish","format-standard","hentry","category-gundem","odd"],"_links":{"self":[{"href":"http:\/\/www.korhanyilmaz.com\/index.php?rest_route=\/wp\/v2\/posts\/38762","targetHints":{"allow":["GET"]}}],"collection":[{"href":"http:\/\/www.korhanyilmaz.com\/index.php?rest_route=\/wp\/v2\/posts"}],"about":[{"href":"http:\/\/www.korhanyilmaz.com\/index.php?rest_route=\/wp\/v2\/types\/post"}],"author":[{"embeddable":true,"href":"http:\/\/www.korhanyilmaz.com\/index.php?rest_route=\/wp\/v2\/users\/1"}],"replies":[{"embeddable":true,"href":"http:\/\/www.korhanyilmaz.com\/index.php?rest_route=%2Fwp%2Fv2%2Fcomments&post=38762"}],"version-history":[{"count":0,"href":"http:\/\/www.korhanyilmaz.com\/index.php?rest_route=\/wp\/v2\/posts\/38762\/revisions"}],"wp:attachment":[{"href":"http:\/\/www.korhanyilmaz.com\/index.php?rest_route=%2Fwp%2Fv2%2Fmedia&parent=38762"}],"wp:term":[{"taxonomy":"category","embeddable":true,"href":"http:\/\/www.korhanyilmaz.com\/index.php?rest_route=%2Fwp%2Fv2%2Fcategories&post=38762"},{"taxonomy":"post_tag","embeddable":true,"href":"http:\/\/www.korhanyilmaz.com\/index.php?rest_route=%2Fwp%2Fv2%2Ftags&post=38762"}],"curies":[{"name":"wp","href":"https:\/\/api.w.org\/{rel}","templated":true}]}}