{"id":38758,"date":"2011-08-19T00:06:14","date_gmt":"2011-08-18T21:06:14","guid":{"rendered":"http:\/\/www.korhanyilmaz.com\/?p=38758"},"modified":"2011-08-19T03:09:12","modified_gmt":"2011-08-19T00:09:12","slug":"pkk-kamplarina-ikinci-harekat","status":"publish","type":"post","link":"http:\/\/www.korhanyilmaz.com\/?p=38758","title":{"rendered":"PKK kamplar\u0131na ikinci harekat"},"content":{"rendered":"<p style=\"text-align: center;\"><a href=\"http:\/\/www.korhanyilmaz.com\/wp-content\/uploads\/2011\/08\/6154.jpg\"  class=\"lightview\"><img loading=\"lazy\" decoding=\"async\" class=\"aligncenter size-full wp-image-38759\" src=\"http:\/\/www.korhanyilmaz.com\/wp-content\/uploads\/2011\/08\/6154.jpg\" alt=\"\" width=\"307\" height=\"236\" \/><\/a><\/p>\n<p style=\"text-align: justify;\">Diyarbak\u0131r 2. Hava Kuvvet Komutanl\u0131\u011f\u0131 8. Ana Jjet \u00dcss\u00fc&#8217;nden kalkan sava\u015f u\u00e7aklar\u0131n Irak topraklar\u0131na girerek PKK kamplar\u0131n\u0131 bombalad\u0131\u011f\u0131 iddia edildi.<\/p>\n<p style=\"text-align: justify;\">T\u00fcrk Silahl\u0131 Kuvvetlerinin d\u00fcn PKK\u2019n\u0131n Kuzey Irak\u2019taki kamplar\u0131na y\u00f6nelik ba\u015flatt\u0131\u011f\u0131 hava sald\u0131r\u0131s\u0131n\u0131n ard\u0131ndan bug\u00fcn ak\u015fam saatlerinde de Diyarbak\u0131r 2&#8217;inci Hava Kuvvet Komutanl\u0131\u011f\u0131 8&#8217;inci Ana Jet \u00dcss\u00fcn&#8217;den kalkan F-16 sava\u015f u\u00e7aklar\u0131n\u0131n yeniden PKK\u2019n\u0131n ba\u015fta Kandil ba\u015fta olmak \u00fczere Kuzey Irak\u2019taki kamplar\u0131n\u0131 bombalad\u0131\u011f\u0131 belirtildi.\u00a0<!--more--><\/p>\n<p style=\"text-align: justify;\">T\u00fcrk Silahl\u0131 Kuvvetleri&#8217;nin d\u00fcn gece PKK&#8217;n\u0131n Kuzey Irak&#8217;ta PKK kamplar\u0131na y\u00f6nelik d\u00fczenledi\u011fi hava harekat\u0131n\u0131n ard\u0131ndan, bu gecede yeni bir harekat d\u00fczenlendi.<\/p>\n<p style=\"text-align: justify;\">Bug\u00fcn saat 21.40 s\u0131ralar\u0131ndan 8&#8217;inci Ana Jet \u00dcss\u00fc&#8217;nden 2\u2019\u015ferli gruplar halinde kalkan sava\u015f u\u00e7aklar\u0131n\u0131n Irak hava sahas\u0131na girdi\u011fi ve PKK\u2019n\u0131n Kuzey Irak\u2019taki kamplar\u0131n\u0131 bombalad\u0131\u011f\u0131 belirtildi.<\/p>\n<p style=\"text-align: justify;\">Yerel kaynaklar, Hakkari\u2019nin \u00c7ukurca ve \u015eemdinli il\u00e7eleri \u00fczerinden Irak hava sahas\u0131na giren F-16 sava\u015f u\u00e7aklar\u0131n\u0131n \u00f6zellikle \u00f6rg\u00fct\u00fcn Kandil, Hakurk, Metina, Hinere, Sidekan, Lolan, Zap ve Ava\u015fin-Basyan kamplar\u0131n\u0131 yeniden bombalad\u0131\u011f\u0131n\u0131 duyurdular.<\/p>\n<p style=\"text-align: justify;\">Ancak, resmi kaynaklardan \u015fu ana kadar hava operasyonu ile ilgili bir teyit bilginin gelmedi\u011fi \u00f6\u011frenildi.<\/p>\n<p style=\"text-align: justify;\">PKK ile ayn\u0131 \u00e7izgide yay\u0131n yapan Roj TV\u2019de s\u00f6z konusu kamplar\u0131n yeniden bombaland\u0131\u011f\u0131n\u0131 duyurdu.<\/p>\n<p style=\"text-align: justify;\">PKK&#8217;n\u0131n Kuzey Irak&#8217;taki kamplar\u0131na d\u00fcn de bir harekat d\u00fczenlenmi\u015fti.<\/p>\n<p style=\"text-align: justify;\"><a href=\"http:\/\/www.cnnturk.com\/2011\/turkiye\/08\/18\/pkk.kamplarina.ikinci.harekat\/626571.0\/index.html\" target=\"_blank\">Kaynak : CNN T\u00dcRK<\/a><\/p>\n","protected":false},"excerpt":{"rendered":"<p style=\"text-align: center;\">\n<p style=\"text-align: justify;\">Diyarbak\u0131r 2. Hava Kuvvet Komutanl\u0131\u011f\u0131 8. Ana Jjet \u00dcss\u00fc&#8217;nden kalkan sava\u015f u\u00e7aklar\u0131n Irak topraklar\u0131na girerek PKK kamplar\u0131n\u0131 bombalad\u0131\u011f\u0131 iddia edildi.<\/p>\n<p style=\"text-align: justify;\">T\u00fcrk Silahl\u0131 Kuvvetlerinin d\u00fcn PKK\u2019n\u0131n Kuzey Irak\u2019taki kamplar\u0131na y\u00f6nelik ba\u015flatt\u0131\u011f\u0131 hava sald\u0131r\u0131s\u0131n\u0131n ard\u0131ndan bug\u00fcn ak\u015fam saatlerinde de Diyarbak\u0131r 2&#8217;inci Hava Kuvvet Komutanl\u0131\u011f\u0131 8&#8217;inci Ana Jet \u00dcss\u00fcn&#8217;den kalkan F-16 <\/p>\n","protected":false},"author":1,"featured_media":0,"comment_status":"open","ping_status":"open","sticky":false,"template":"","format":"standard","meta":{"footnotes":""},"categories":[105],"tags":[],"class_list":["post-38758","post","type-post","status-publish","format-standard","hentry","category-gundem","odd"],"_links":{"self":[{"href":"http:\/\/www.korhanyilmaz.com\/index.php?rest_route=\/wp\/v2\/posts\/38758","targetHints":{"allow":["GET"]}}],"collection":[{"href":"http:\/\/www.korhanyilmaz.com\/index.php?rest_route=\/wp\/v2\/posts"}],"about":[{"href":"http:\/\/www.korhanyilmaz.com\/index.php?rest_route=\/wp\/v2\/types\/post"}],"author":[{"embeddable":true,"href":"http:\/\/www.korhanyilmaz.com\/index.php?rest_route=\/wp\/v2\/users\/1"}],"replies":[{"embeddable":true,"href":"http:\/\/www.korhanyilmaz.com\/index.php?rest_route=%2Fwp%2Fv2%2Fcomments&post=38758"}],"version-history":[{"count":0,"href":"http:\/\/www.korhanyilmaz.com\/index.php?rest_route=\/wp\/v2\/posts\/38758\/revisions"}],"wp:attachment":[{"href":"http:\/\/www.korhanyilmaz.com\/index.php?rest_route=%2Fwp%2Fv2%2Fmedia&parent=38758"}],"wp:term":[{"taxonomy":"category","embeddable":true,"href":"http:\/\/www.korhanyilmaz.com\/index.php?rest_route=%2Fwp%2Fv2%2Fcategories&post=38758"},{"taxonomy":"post_tag","embeddable":true,"href":"http:\/\/www.korhanyilmaz.com\/index.php?rest_route=%2Fwp%2Fv2%2Ftags&post=38758"}],"curies":[{"name":"wp","href":"https:\/\/api.w.org\/{rel}","templated":true}]}}