{"id":38754,"date":"2011-08-18T23:06:19","date_gmt":"2011-08-18T20:06:19","guid":{"rendered":"http:\/\/www.korhanyilmaz.com\/?p=38754"},"modified":"2011-08-19T02:53:01","modified_gmt":"2011-08-18T23:53:01","slug":"mesud-barzaniden-kandil-tepkisi","status":"publish","type":"post","link":"http:\/\/www.korhanyilmaz.com\/?p=38754","title":{"rendered":"Mesud Barzani&#8217;den &#8220;Kandil&#8221; tepkisi"},"content":{"rendered":"<p style=\"text-align: justify;\"><a href=\"http:\/\/www.korhanyilmaz.com\/wp-content\/uploads\/2011\/08\/6153.jpg\"  class=\"lightview\"><img loading=\"lazy\" decoding=\"async\" class=\"aligncenter size-full wp-image-38755\" title=\"\" src=\"http:\/\/www.korhanyilmaz.com\/wp-content\/uploads\/2011\/08\/6153.jpg\" alt=\"\" width=\"292\" height=\"278\" \/><\/a><\/p>\n<p style=\"text-align: justify;\">Kuzey Irak&#8217;a y\u00f6nelik hava operasyonunda en az bir k\u00f6y\u00fcn zarar g\u00f6rd\u00fc\u011f\u00fcn\u00fc \u00f6ne s\u00fcren B\u00f6lgesel K\u00fcrt Y\u00f6netimi ad\u0131na yap\u0131lan a\u00e7\u0131klamada, 8 askerin \u015fehit olmas\u0131ndan duyulan \u00fcz\u00fcnt\u00fc dile getirilirken, b\u00f6lgedeki bar\u0131\u015f\u00e7\u0131l s\u00fcrece zarar veren bu t\u00fcr giri\u015fimlere bir an \u00f6nce son verilmesi \u00e7a\u011fr\u0131s\u0131 yap\u0131ld\u0131.\u00a0<!--more--><\/p>\n<p style=\"text-align: justify;\">B\u00f6lgesel K\u00fcrt Y\u00f6netimi ve Irak K\u00fcrdistan Demokrat Partisi&#8217;ne ba\u011fl\u0131 Kurdistan TV ile Irak Devlet Ba\u015fkan\u0131 Celal Talabani&#8217;nin lideri oldu\u011fu K\u00fcrdistan Yurtsver Birli\u011fi&#8217;ne ba\u011fl\u0131 NRT kanal\u0131 Kandil Da\u011f\u0131 eteklerinde isabet alan baz\u0131 noktalarda \u00e7ekilen g\u00f6r\u00fcnt\u00fcleri yay\u0131nlad\u0131.<\/p>\n<p style=\"text-align: justify;\">Kandil Da\u011f\u0131&#8217;ndaki PKK kamplar\u0131n\u0131 hedef alan operasyonda bir \u00e7ok k\u00f6y\u00fcn isabet ald\u0131\u011f\u0131 \u00f6ne s\u00fcr\u00fcl\u00fcrken, Revand\u0131z yak\u0131nlar\u0131ndaki Werte b\u00f6lgesinde bulunan Kozine k\u00f6y\u00fcnde k\u00f6yl\u00fclere ait ba\u011f, bah\u00e7e ve ekili arazilerinde tahrip edildi\u011fi iddia edildi.<\/p>\n<p style=\"text-align: justify;\"><strong>Barzani&#8217;nin a\u00e7\u0131klamas\u0131\u00a0<\/strong><\/p>\n<p style=\"text-align: justify;\">Kuzey Irak&#8217;taki Mesud Barzani liderli\u011findeki K\u00fcrdistan B\u00f6lge Ba\u015fkanl\u0131k Divan\u0131, Hakkari- \u00c7ukurca karayolunda meydana gelen ve \u00e7ok say\u0131da T\u00fcrk askerinin \u015fehit oldu\u011fu patlamaya ili\u015fkin bug\u00fcn yaz\u0131l\u0131 a\u00e7\u0131klama yapt\u0131.<\/p>\n<p style=\"text-align: justify;\">A\u00e7\u0131klamada, T\u00fcrkiye&#8217;de bir kez daha sava\u015f ve \u00e7at\u0131\u015fmalar\u0131n ya\u015fanmas\u0131ndan \u00fcz\u00fcnt\u00fc ve endi\u015fe duyuldu\u011fu belirtildi.<\/p>\n<p style=\"text-align: justify;\">Hakkari-\u00c7ukurca karayolunda meydana gelen ve \u00e7ok say\u0131da T\u00fcrk askerinin hayat\u0131n\u0131 kaybetti\u011fi patlama k\u0131nand\u0131.<\/p>\n<p style=\"text-align: justify;\">Sava\u015f ve askeri y\u00f6ntemlerin y\u0131k\u0131m ve ac\u0131lara yol a\u00e7mak d\u0131\u015f\u0131nda bir sonu\u00e7 vermedi\u011fi, sorunlar\u0131n daha da \u00e7\u00f6z\u00fcms\u00fcz hale gelmesine yol a\u00e7t\u0131\u011f\u0131 belirtilen a\u00e7\u0131klamada b\u00f6lgedeki bar\u0131\u015f\u00e7\u0131l s\u00fcrece zarar veren bu t\u00fcr giri\u015fimlere biran \u00f6nce son verilmesi ve sorunlar\u0131n diyalog y\u00f6ntemi ile \u00e7\u00f6z\u00fclmesi i\u00e7in \u00e7aba sarf edilmesi \u00e7a\u011fr\u0131s\u0131 yap\u0131ld\u0131.<\/p>\n<p style=\"text-align: justify;\"><a href=\"http:\/\/www.cnnturk.com\/2011\/dunya\/08\/18\/mesud.barzaniden.kandil.tepkisi\/626569.0\/index.html\" target=\"_blank\">Kaynak : CNN T\u00dcRK<\/a><\/p>\n","protected":false},"excerpt":{"rendered":"<p style=\"text-align: justify;\">\n<p style=\"text-align: justify;\">Kuzey Irak&#8217;a y\u00f6nelik hava operasyonunda en az bir k\u00f6y\u00fcn zarar g\u00f6rd\u00fc\u011f\u00fcn\u00fc \u00f6ne s\u00fcren B\u00f6lgesel K\u00fcrt Y\u00f6netimi ad\u0131na yap\u0131lan a\u00e7\u0131klamada, 8 askerin \u015fehit olmas\u0131ndan duyulan \u00fcz\u00fcnt\u00fc dile getirilirken, b\u00f6lgedeki bar\u0131\u015f\u00e7\u0131l s\u00fcrece zarar veren bu t\u00fcr giri\u015fimlere bir an \u00f6nce son verilmesi \u00e7a\u011fr\u0131s\u0131 yap\u0131ld\u0131. <\/p>\n","protected":false},"author":1,"featured_media":0,"comment_status":"open","ping_status":"open","sticky":false,"template":"","format":"standard","meta":{"footnotes":""},"categories":[105],"tags":[],"class_list":["post-38754","post","type-post","status-publish","format-standard","hentry","category-gundem","odd"],"_links":{"self":[{"href":"http:\/\/www.korhanyilmaz.com\/index.php?rest_route=\/wp\/v2\/posts\/38754","targetHints":{"allow":["GET"]}}],"collection":[{"href":"http:\/\/www.korhanyilmaz.com\/index.php?rest_route=\/wp\/v2\/posts"}],"about":[{"href":"http:\/\/www.korhanyilmaz.com\/index.php?rest_route=\/wp\/v2\/types\/post"}],"author":[{"embeddable":true,"href":"http:\/\/www.korhanyilmaz.com\/index.php?rest_route=\/wp\/v2\/users\/1"}],"replies":[{"embeddable":true,"href":"http:\/\/www.korhanyilmaz.com\/index.php?rest_route=%2Fwp%2Fv2%2Fcomments&post=38754"}],"version-history":[{"count":0,"href":"http:\/\/www.korhanyilmaz.com\/index.php?rest_route=\/wp\/v2\/posts\/38754\/revisions"}],"wp:attachment":[{"href":"http:\/\/www.korhanyilmaz.com\/index.php?rest_route=%2Fwp%2Fv2%2Fmedia&parent=38754"}],"wp:term":[{"taxonomy":"category","embeddable":true,"href":"http:\/\/www.korhanyilmaz.com\/index.php?rest_route=%2Fwp%2Fv2%2Fcategories&post=38754"},{"taxonomy":"post_tag","embeddable":true,"href":"http:\/\/www.korhanyilmaz.com\/index.php?rest_route=%2Fwp%2Fv2%2Ftags&post=38754"}],"curies":[{"name":"wp","href":"https:\/\/api.w.org\/{rel}","templated":true}]}}