{"id":38748,"date":"2011-08-18T10:17:37","date_gmt":"2011-08-18T07:17:37","guid":{"rendered":"http:\/\/www.korhanyilmaz.com\/?p=38748"},"modified":"2011-08-18T22:13:23","modified_gmt":"2011-08-18T19:13:23","slug":"hakkaride-neler-oluyor","status":"publish","type":"post","link":"http:\/\/www.korhanyilmaz.com\/?p=38748","title":{"rendered":"Hakkari&#8217;de neler oluyor?"},"content":{"rendered":"<p style=\"text-align: center;\"><a href=\"http:\/\/www.korhanyilmaz.com\/wp-content\/uploads\/2011\/08\/6152.jpg\"  class=\"lightview\"><img loading=\"lazy\" decoding=\"async\" class=\"aligncenter size-full wp-image-38751\" src=\"http:\/\/www.korhanyilmaz.com\/wp-content\/uploads\/2011\/08\/6152.jpg\" alt=\"\" width=\"384\" height=\"254\" \/><\/a><\/p>\n<p style=\"text-align: justify;\">G\u00fcvenlik probleminin \u00fcst d\u00fczeyde oldu\u011fu il olan Hakkari merkezde PKK kimlik kontrol\u00fc yap\u0131yor.<\/p>\n<p style=\"text-align: justify;\">12 askerin \u015fehit oldu\u011fu sald\u0131r\u0131 sonras\u0131 g\u00f6zler yeniden Hakkari&#8217;ye \u00e7evrildi. Siyasi ikna kamplar\u0131yla g\u00fcndeme gelen b\u00f6lgeden gelen haberler deh\u015fet verici.<\/p>\n<p style=\"text-align: justify;\">Zaman gazetesinde Hakkari&#8217;de PKK&#8217;n\u0131n nas\u0131l cirit att\u0131\u011f\u0131na dair \u00e7arp\u0131c\u0131 bir haber yer ald\u0131. \u015eehre yar\u0131m saat mesafedeki kamplara g\u00f6t\u00fcr\u00fclen insanlara ter\u00f6ristler kendi adaletini uyguluyor.\u00a0<!--more--><\/p>\n<p style=\"text-align: justify;\"><strong>50 B\u0130N ASKER VAR AMA<\/strong><\/p>\n<p style=\"text-align: justify;\">\u00c7ukurca&#8217;da 7 A\u011fustos&#8217;ta da yola d\u00f6\u015fenen patlay\u0131c\u0131 polis arac\u0131n\u0131n ge\u00e7i\u015fi s\u0131ras\u0131nda patlat\u0131lm\u0131\u015f, sald\u0131r\u0131da 1 polis \u015fehit olurken, 3 polis yaralanm\u0131\u015ft\u0131. Yine 8 A\u011fustos&#8217;ta Hakkari&#8217;de sokak ortas\u0131nda bir sivil polis \u015fehit edildi. Hakk\u00e2ri, T\u00fcrkiye&#8217;nin en sarp ve da\u011fl\u0131k y\u00f6resi. Ciddi bir g\u00fcvenlik problemi var. Hakk\u00e2ri&#8217;de il\u00e7eler de dahil edildi\u011finde yakla\u015f\u0131k 50 bin asker bulunuyor.<\/p>\n<p style=\"text-align: justify;\"><strong>\u015eEHRE YARIM SAAT MESAFEDE<\/strong><\/p>\n<p style=\"text-align: justify;\">Hakk\u00e2ri ve \u00e7evresini bask\u0131 alt\u0131na alan PKK&#8217;l\u0131 grubun Kavakl\u0131 b\u00f6lgesindeki Kato-Marinus kamp\u0131nda ya\u015fad\u0131\u011f\u0131 belirtiliyor. 150 ki\u015filik ter\u00f6rist grubun bar\u0131nd\u0131\u011f\u0131 kamp\u0131 b\u00fct\u00fcn Hakk\u00e2rililer biliyor. \u0130nsanlar, \u015fehre yar\u0131m saat mesafedeki PKK kamplar\u0131na g\u00f6t\u00fcr\u00fclerek yarg\u0131lan\u0131yor. Hatta \u00f6rg\u00fct, ceza bile kesiyor. Kahvedeki insanlar, kimin sorguya al\u0131nd\u0131\u011f\u0131n\u0131, kim taraf\u0131ndan hesaba \u00e7ekildi\u011fini, hangi cezaya \u00e7arpt\u0131r\u0131ld\u0131\u011f\u0131n\u0131 tek tek s\u0131ral\u0131yor.<\/p>\n<p style=\"text-align: justify;\"><strong>KAMPA G\u00d6T\u00dcR\u00dcL\u00dcP DAYAK ATILIYOR, SOKAKTA GEZENLERE PAROLA SORULUYOR<\/strong><\/p>\n<p style=\"text-align: justify;\">\u0130ki a\u015firet reisinin kampa g\u00f6t\u00fcr\u00fclerek sabaha kadar d\u00f6v\u00fcld\u00fc\u011f\u00fc anlat\u0131l\u0131yor. Gece bir mahalleden di\u011ferine giderken arabas\u0131n\u0131n durduruldu\u011funu, militanlar taraf\u0131ndan kendisine parola soruldu\u011funu anlatanlar hi\u00e7 de az de\u011fil.<\/p>\n<p style=\"text-align: justify;\"><strong>BASKIDAN BIKANLAR G\u00d6\u00c7 ED\u0130YOR<\/strong><\/p>\n<p style=\"text-align: justify;\">Asl\u0131nda Hakkari&#8217;nin bu durumu en \u00e7ok Hakkarilileri vuruyor. \u00d6zellikle bir y\u0131l \u00f6nce yine Ramazan ay\u0131nda imam Aziz Tan&#8217;\u0131n PKK&#8217;l\u0131lar taraf\u0131ndan \u015fehit edilmesinden sonra insanlardaki endi\u015feler artt\u0131. Bir\u00e7ok Hakkarili Van ba\u015fta olmak \u00fczere \u00e7evre illere g\u00f6\u00e7 etmeye ba\u015flad\u0131. <span style=\"color: #888888;\">(Zaman)<\/span><\/p>\n<p style=\"text-align: justify;\"><a href=\"http:\/\/www.radikal.com.tr\/Radikal.aspx?aType=RadikalDetayV3&amp;ArticleID=1060408&amp;Date=18.08.2011&amp;CategoryID=77\" target=\"_blank\">Kaynak : Radikal.com.tr<\/a><\/p>\n","protected":false},"excerpt":{"rendered":"<p style=\"text-align: center;\">\n<p style=\"text-align: justify;\">G\u00fcvenlik probleminin \u00fcst d\u00fczeyde oldu\u011fu il olan Hakkari merkezde PKK kimlik kontrol\u00fc yap\u0131yor.<\/p>\n<p style=\"text-align: justify;\">12 askerin \u015fehit oldu\u011fu sald\u0131r\u0131 sonras\u0131 g\u00f6zler yeniden Hakkari&#8217;ye \u00e7evrildi. Siyasi ikna kamplar\u0131yla g\u00fcndeme gelen b\u00f6lgeden gelen haberler deh\u015fet verici.<\/p>\n<p style=\"text-align: justify;\">Zaman gazetesinde Hakkari&#8217;de PKK&#8217;n\u0131n nas\u0131l cirit att\u0131\u011f\u0131na dair \u00e7arp\u0131c\u0131 bir haber yer ald\u0131. <\/p>\n","protected":false},"author":1,"featured_media":0,"comment_status":"open","ping_status":"open","sticky":false,"template":"","format":"standard","meta":{"footnotes":""},"categories":[105],"tags":[],"class_list":["post-38748","post","type-post","status-publish","format-standard","hentry","category-gundem","odd"],"_links":{"self":[{"href":"http:\/\/www.korhanyilmaz.com\/index.php?rest_route=\/wp\/v2\/posts\/38748","targetHints":{"allow":["GET"]}}],"collection":[{"href":"http:\/\/www.korhanyilmaz.com\/index.php?rest_route=\/wp\/v2\/posts"}],"about":[{"href":"http:\/\/www.korhanyilmaz.com\/index.php?rest_route=\/wp\/v2\/types\/post"}],"author":[{"embeddable":true,"href":"http:\/\/www.korhanyilmaz.com\/index.php?rest_route=\/wp\/v2\/users\/1"}],"replies":[{"embeddable":true,"href":"http:\/\/www.korhanyilmaz.com\/index.php?rest_route=%2Fwp%2Fv2%2Fcomments&post=38748"}],"version-history":[{"count":0,"href":"http:\/\/www.korhanyilmaz.com\/index.php?rest_route=\/wp\/v2\/posts\/38748\/revisions"}],"wp:attachment":[{"href":"http:\/\/www.korhanyilmaz.com\/index.php?rest_route=%2Fwp%2Fv2%2Fmedia&parent=38748"}],"wp:term":[{"taxonomy":"category","embeddable":true,"href":"http:\/\/www.korhanyilmaz.com\/index.php?rest_route=%2Fwp%2Fv2%2Fcategories&post=38748"},{"taxonomy":"post_tag","embeddable":true,"href":"http:\/\/www.korhanyilmaz.com\/index.php?rest_route=%2Fwp%2Fv2%2Ftags&post=38748"}],"curies":[{"name":"wp","href":"https:\/\/api.w.org\/{rel}","templated":true}]}}