{"id":38745,"date":"2011-08-18T19:02:16","date_gmt":"2011-08-18T16:02:16","guid":{"rendered":"http:\/\/www.korhanyilmaz.com\/?p=38745"},"modified":"2011-08-18T22:07:30","modified_gmt":"2011-08-18T19:07:30","slug":"mgk-45-saat-surdu","status":"publish","type":"post","link":"http:\/\/www.korhanyilmaz.com\/?p=38745","title":{"rendered":"MGK 4,5 saat s\u00fcrd\u00fc"},"content":{"rendered":"<p style=\"text-align: center;\"><a href=\"http:\/\/www.korhanyilmaz.com\/wp-content\/uploads\/2011\/08\/6151.jpg\"  class=\"lightview\"><img loading=\"lazy\" decoding=\"async\" class=\"aligncenter size-full wp-image-38746\" src=\"http:\/\/www.korhanyilmaz.com\/wp-content\/uploads\/2011\/08\/6151.jpg\" alt=\"\" width=\"384\" height=\"254\" \/><\/a><\/p>\n<p style=\"text-align: justify;\">Milli G\u00fcvenlik Kurulu (MGK) sona erdi. 4,5 saat s\u00fcren toplant\u0131n\u0131n ard\u0131ndan yap\u0131lan yaz\u0131l\u0131 a\u00e7\u0131klamada &#8216;PKK ile daha etkin m\u00fccadele y\u00f6ntemlerine ba\u015fvurulacak&#8217; denildi.<\/p>\n<p style=\"text-align: justify;\">Toplant\u0131ya Orgeneral Necdet \u00d6zel Genelkurmay Ba\u015fkan\u0131 olarak ilk kez kat\u0131l\u0131rken, Ba\u015fbakan Yard\u0131mc\u0131s\u0131 Bekir Bozda\u011f, \u0130\u00e7i\u015fleri Bakan\u0131 \u0130dris Naim \u015eahin ve Milli Savunma Bakan\u0131 \u0130smet Y\u0131lmaz\u2019\u0131n yan\u0131 s\u0131ra Kara Kuvvetleri Komutan\u0131 Orgeneral Hayri K\u0131vr\u0131ko\u011flu, Deniz Kuvvetleri Komutan\u0131 Oramiral Murat Bilgel, Hava Kuvvetleri Komutan\u0131 Korgeneral Mehmet Erten ve Jandarma Genel Komutan\u0131 Orgeneral Bekir Kalyoncu da ilk kez kurulda haz\u0131r bulundu.<!--more--><\/p>\n<p style=\"text-align: justify;\">Milli G\u00fcvenlik Kurulu toplant\u0131s\u0131nda, &#8216; PKK&#8217;n\u0131n g\u00fcvenlik g\u00f6revlilerine, kamu g\u00f6revlilerine ve sivil halka y\u00f6nelik ger\u00e7ekle\u015ftirdi\u011fi menfur sald\u0131r\u0131lar\u0131n ve ter\u00f6r \u00f6rg\u00fct\u00fcne kar\u015f\u0131 y\u00fcr\u00fct\u00fclen m\u00fccadelenin t\u00fcm boyutlar\u0131yla ele al\u0131nd\u0131\u011f\u0131 belirtilerek, \u00f6rg\u00fct\u00fcn hain ama\u00e7 ve hedeflerine ula\u015famayaca\u011f\u0131 bir kez daha vurguland\u0131. Ter\u00f6rle m\u00fccadelede al\u0131nacak ilave \u00f6nlem ve tedbirlerin de\u011ferlendirildi\u011fi&#8217; bildirildi.<\/p>\n<p style=\"text-align: justify;\">Milli G\u00fcvenlik Kurulu toplant\u0131s\u0131n\u0131n ard\u0131ndan yay\u0131mlanan bildiride, &#8220;ter\u00f6r \u00f6rg\u00fct\u00fcn\u00fcn menfur eylemlerine, bug\u00fcne kadar oldu\u011fu gibi bundan sonra da en sert \u015fekilde mukabele edilece\u011finin alt\u0131n\u0131n \u00e7izildi\u011fi belirtilerek, &#8220;Daha etkin ve kararl\u0131 \u015fekilde s\u00fcrd\u00fcr\u00fclecek olan ter\u00f6rle m\u00fccadelenin demokrasinden ve huku devleti anlay\u0131\u015f\u0131ndan asla taviz vermeden devam ettirilece\u011fi, hayat\u0131n ola\u011fan ak\u0131\u015f\u0131n\u0131 olumsuz etkileyecek hi\u00e7bir geli\u015fmeye izin verilmeyece\u011fi, devletin t\u00fcm kurum ve kurulu\u015flar\u0131n\u0131n azami uyumu ve koordinasyonuyla daha etkili m\u00fccadele stratejilerinin hayata ge\u00e7irilece\u011fi ifade edilmi\u015ftir&#8221; denildi.<\/p>\n<p style=\"text-align: justify;\"><strong>SUR\u0130YE&#8217;YE DE DE\u011e\u0130N\u0130LD\u0130<\/strong><\/p>\n<p style=\"text-align: justify;\">MGK bildirisinde, Suriye\u2019de 5 ayd\u0131r s\u00fcren toplumsal olaylarda can kay\u0131plar\u0131n\u0131n artarak s\u00fcrmesinden duyulan derin endi\u015fenin dile getirildi\u011fi belirtilerek, &#8220;Sivil halka y\u00f6nelik \u015fiddet ve g\u00fc\u00e7 kullan\u0131m\u0131n\u0131n derhal durdurulmas\u0131, dost ve karde\u015f Suriye halk\u0131n\u0131n me\u015fru talepleri do\u011frultusunda demokratik bir siyasi de\u011fi\u015fim ve d\u00f6n\u00fc\u015f\u00fcm\u00fcn belirli bir takvim \u00e7er\u00e7evesinde ger\u00e7ekle\u015ftirilmesi ve bu s\u00fcre\u00e7te ifade, siyasi parti \u00f6rg\u00fctlenmesi ve bar\u0131\u015f\u00e7\u0131 g\u00f6steri tertiplenmesi \u00f6zg\u00fcrl\u00fcklerinin g\u00fcvence alt\u0131na al\u0131nmas\u0131 gerekti\u011fi bir kez daha vurgulanm\u0131\u015ft\u0131r&#8221; ifadeleri kullan\u0131ld\u0131.<\/p>\n<p style=\"text-align: justify;\">\u00c7ankaya K\u00f6\u015fk\u00fc\u2019nde yap\u0131lan MGK a\u011fustos ay\u0131 ola\u011fan toplant\u0131s\u0131n\u0131n ard\u0131ndan yay\u0131mlanan bildiride, toplant\u0131da, Irak\u2019taki siyasi s\u00fcre\u00e7te ya\u015fanan s\u0131k\u0131nt\u0131lar\u0131n a\u015f\u0131lmas\u0131 ve Irakl\u0131 siyasi liderlerin, bu \u00fclkenin g\u00fcndeminde bulunan konularda mutabakat sa\u011flanmas\u0131 amac\u0131yla y\u00fcr\u00fctt\u00fckleri \u00e7abalar \u00fczerinde durularak, bu \u00e7abalar\u0131n ulusal niteli\u011finin vurguland\u0131\u011f\u0131 belirtildi.<\/p>\n<p style=\"text-align: justify;\">Bu kapsamda, T\u00fcrkiye ile Irak aras\u0131nda her alanda geli\u015fen ili\u015fkilerin derinle\u015ftirilmesi y\u00f6n\u00fcndeki iradenin teyit edildi\u011fi ve Irak\u2019ta kal\u0131c\u0131 istikrar\u0131n tesisine y\u00f6nelik olarak bu \u00fclkeye T\u00fcrkiye\u2019nin deste\u011finin s\u00fcrd\u00fcr\u00fclece\u011fi bildirildi.<\/p>\n<p style=\"text-align: justify;\">Bildiride, Irak\u2019ta son d\u00f6nemde artan ter\u00f6r eylemlerinin k\u0131nand\u0131\u011f\u0131 ve Irak halk\u0131yla dayan\u0131\u015fman\u0131n ifade edildi\u011fi, ayr\u0131ca ter\u00f6rle m\u00fccadele ba\u011flam\u0131nda T\u00fcrkiye-Irak-ABD \u00fc\u00e7l\u00fc mekanizma s\u00fcrecinde son d\u00f6nemde y\u00fcr\u00fct\u00fclen \u00e7al\u0131\u015fmalar\u0131n de\u011ferlendirildi\u011fi ifade edildi.<\/p>\n<p style=\"text-align: justify;\">15 Temmuz 2011 tarihinde \u0130stanbul\u2019da ger\u00e7ekle\u015ftirilen Libya Temas Grubu toplant\u0131s\u0131n\u0131n sonu\u00e7lar\u0131 da de\u011ferlendirilmi\u015f, Libya\u2019da bar\u0131\u015f ve istikrar\u0131n tesis edilmesini teminen kapsay\u0131c\u0131 bir siyasi s\u00fcre\u00e7 ba\u015flat\u0131lmas\u0131n\u0131n elzem oldu\u011funun alt\u0131 \u00e7izilmi\u015f, gerek siyasi s\u00fcrecin \u00f6n\u00fcn\u00fcn a\u00e7\u0131lmas\u0131, gerek Libya halk\u0131na insani ve kalk\u0131nma yard\u0131m\u0131 sa\u011flanmas\u0131 amac\u0131yla T\u00fcrkiye taraf\u0131ndan y\u00fcr\u00fct\u00fclen \u00e7al\u0131\u015fmalar g\u00f6zden ge\u00e7irilmi\u015ftir.&#8221;<\/p>\n<p style=\"text-align: justify;\">Bildiride, Somali\u2019de ya\u015fanan g\u00fcvenlik sorunlar\u0131 ve kurakl\u0131\u011f\u0131n yol a\u00e7t\u0131\u011f\u0131 k\u0131tl\u0131\u011f\u0131n beraberinde getirdi\u011fi sorunlar\u0131n da ele al\u0131nd\u0131\u011f\u0131, T\u00fcrkiye\u2019nin zor durumdaki \u00fclkelere yard\u0131m etmedeki \u00f6nc\u00fc rol\u00fc ile uluslararas\u0131 toplumun harekete ge\u00e7irilmesi y\u00f6n\u00fcndeki samimi \u00e7abalar\u0131n\u0131n da de\u011ferlendirildi\u011fi a\u00e7\u0131kland\u0131.<\/p>\n<p style=\"text-align: justify;\"><a href=\"http:\/\/www.radikal.com.tr\/Radikal.aspx?aType=RadikalDetayV3&amp;ArticleID=1060442&amp;Date=18.08.2011&amp;CategoryID=77\" target=\"_blank\">Kaynak : Radikal.com.tr<\/a><\/p>\n","protected":false},"excerpt":{"rendered":"<p style=\"text-align: center;\">\n<p style=\"text-align: justify;\">Milli G\u00fcvenlik Kurulu (MGK) sona erdi. 4,5 saat s\u00fcren toplant\u0131n\u0131n ard\u0131ndan yap\u0131lan yaz\u0131l\u0131 a\u00e7\u0131klamada &#8216;PKK ile daha etkin m\u00fccadele y\u00f6ntemlerine ba\u015fvurulacak&#8217; denildi.<\/p>\n<p style=\"text-align: justify;\">Toplant\u0131ya Orgeneral Necdet \u00d6zel Genelkurmay Ba\u015fkan\u0131 olarak ilk kez kat\u0131l\u0131rken, Ba\u015fbakan Yard\u0131mc\u0131s\u0131 Bekir Bozda\u011f, \u0130\u00e7i\u015fleri Bakan\u0131 \u0130dris Naim \u015eahin ve Milli Savunma Bakan\u0131 \u0130smet Y\u0131lmaz\u2019\u0131n yan\u0131 <\/p>\n","protected":false},"author":1,"featured_media":0,"comment_status":"open","ping_status":"open","sticky":false,"template":"","format":"standard","meta":{"footnotes":""},"categories":[105],"tags":[],"class_list":["post-38745","post","type-post","status-publish","format-standard","hentry","category-gundem","odd"],"_links":{"self":[{"href":"http:\/\/www.korhanyilmaz.com\/index.php?rest_route=\/wp\/v2\/posts\/38745","targetHints":{"allow":["GET"]}}],"collection":[{"href":"http:\/\/www.korhanyilmaz.com\/index.php?rest_route=\/wp\/v2\/posts"}],"about":[{"href":"http:\/\/www.korhanyilmaz.com\/index.php?rest_route=\/wp\/v2\/types\/post"}],"author":[{"embeddable":true,"href":"http:\/\/www.korhanyilmaz.com\/index.php?rest_route=\/wp\/v2\/users\/1"}],"replies":[{"embeddable":true,"href":"http:\/\/www.korhanyilmaz.com\/index.php?rest_route=%2Fwp%2Fv2%2Fcomments&post=38745"}],"version-history":[{"count":0,"href":"http:\/\/www.korhanyilmaz.com\/index.php?rest_route=\/wp\/v2\/posts\/38745\/revisions"}],"wp:attachment":[{"href":"http:\/\/www.korhanyilmaz.com\/index.php?rest_route=%2Fwp%2Fv2%2Fmedia&parent=38745"}],"wp:term":[{"taxonomy":"category","embeddable":true,"href":"http:\/\/www.korhanyilmaz.com\/index.php?rest_route=%2Fwp%2Fv2%2Fcategories&post=38745"},{"taxonomy":"post_tag","embeddable":true,"href":"http:\/\/www.korhanyilmaz.com\/index.php?rest_route=%2Fwp%2Fv2%2Ftags&post=38745"}],"curies":[{"name":"wp","href":"https:\/\/api.w.org\/{rel}","templated":true}]}}