{"id":38741,"date":"2011-08-18T17:19:57","date_gmt":"2011-08-18T14:19:57","guid":{"rendered":"http:\/\/www.korhanyilmaz.com\/?p=38741"},"modified":"2011-08-18T22:09:10","modified_gmt":"2011-08-18T19:09:10","slug":"suat-kilic-tum-mudurlerin-istifasini-aldi","status":"publish","type":"post","link":"http:\/\/www.korhanyilmaz.com\/?p=38741","title":{"rendered":"Suat K\u0131l\u0131\u00e7, t\u00fcm m\u00fcd\u00fcrlerin istifas\u0131n\u0131 ald\u0131"},"content":{"rendered":"<p style=\"text-align: center;\">\n<p style=\"text-align: center;\"><a href=\"http:\/\/www.korhanyilmaz.com\/wp-content\/uploads\/2011\/08\/61501.jpg\"  class=\"lightview\"><img loading=\"lazy\" decoding=\"async\" class=\"aligncenter size-full wp-image-38749\" src=\"http:\/\/www.korhanyilmaz.com\/wp-content\/uploads\/2011\/08\/61501.jpg\" alt=\"\" width=\"384\" height=\"254\" \/><\/a><\/p>\n<p style=\"text-align: justify;\">Gen\u00e7lik ve Spor Bakan\u0131 Suat K\u0131l\u0131\u00e7, t\u00fcm genel m\u00fcd\u00fcr ve genel m\u00fcd\u00fcr yard\u0131mc\u0131lar\u0131, daire ba\u015fkanlar\u0131, gen\u00e7lik spor il m\u00fcd\u00fcrleri ve il\u00e7e m\u00fcd\u00fcrleri ile bu birimlerde \u00e7al\u0131\u015fan t\u00fcm yetkililerin resmi olarak istifalar\u0131n\u0131 ald\u0131.<\/p>\n<p style=\"text-align: justify;\"><!--more--><\/p>\n<p style=\"text-align: justify;\">B\u00fct\u00fcn genel m\u00fcd\u00fcr yard\u0131mc\u0131lar\u0131, daire ba\u015fkanlar\u0131, il m\u00fcd\u00fcrleri ve il\u00e7e m\u00fcd\u00fcrlerinin istifalar\u0131 istenirken, Bakan Suat K\u0131l\u0131\u00e7&#8217;\u0131n g\u00f6reve atad\u0131\u011f\u0131 ilk iki isim dikkat \u00e7ekiyor. Gen\u00e7lik ve Spor Bakan Yard\u0131mc\u0131l\u0131\u011f\u0131na, Polis Akademisi Ba\u015fkanl\u0131\u011f\u0131 G\u00fcvenlik Bilimleri Enstit\u00fcs\u00fc M\u00fcd\u00fcr Yard\u0131mc\u0131s\u0131 Do\u00e7. Dr. Yusuf Tekin getirilirken, M\u00fcste\u015farl\u0131k ise K\u0131r\u0131kkale \u00dcniversitesi&#8217;nden Do\u00e7. Dr. Hakan Hakyemez&#8217;e verildi. Ayn\u0131 zamanda Bakan Suat K\u0131l\u0131\u00e7&#8217;\u0131n \u015fehri Samsunlu oldu\u011fu bilinen Tekin ve Hakyemez&#8217;in spor ge\u00e7mi\u015fi ise bilinmiyor.<\/p>\n<p style=\"text-align: justify;\"><strong>YUNUS AKG\u00dcL \u0130ST\u0130FA ETT\u0130<\/strong><\/p>\n<p style=\"text-align: justify;\">Gen\u00e7lik ve Spor Genel M\u00fcd\u00fcr\u00fc Yunus Akg\u00fcl, g\u00f6revinden istifa etti\u011fini a\u00e7\u0131klad\u0131. Yunus Akg\u00fcl, a\u00e7\u0131klamas\u0131nda daha \u00f6nce Ba\u015fbakanl\u0131\u011fa ba\u011fl\u0131 olan ve Devlet Bakanl\u0131\u011f\u0131 taraf\u0131ndan y\u00f6netilen T\u00fcrk sporunun, son h\u00fck\u00fcmetle birlikte Gen\u00e7lik ve Spor Bakanl\u0131\u011f\u0131 olarak d\u00fczenlendi\u011fini ve yeni bir bakanl\u0131k olu\u015fturuldu\u011funu belirterek, &#8220;Yeni olu\u015fturulan bakanl\u0131\u011fa ve yeni bakanla birlikte \u00e7al\u0131\u015faca\u011f\u0131 kadrolar\u0131 olu\u015fturmada daha rahat hareket edebilmesi i\u00e7in b\u00f6yle bir karar ald\u0131m&#8221; dedi.<\/p>\n<p style=\"text-align: justify;\"><a href=\"http:\/\/www.radikal.com.tr\/Radikal.aspx?aType=RadikalDetayV3&amp;ArticleID=1060455&amp;Date=18.08.2011&amp;CategoryID=84\" target=\"_blank\">Kaynak : Radikal.com.tr<\/a><\/p>\n","protected":false},"excerpt":{"rendered":"<p style=\"text-align: center;\">\n<p style=\"text-align: center;\">\n<p style=\"text-align: justify;\">Gen\u00e7lik ve Spor Bakan\u0131 Suat K\u0131l\u0131\u00e7, t\u00fcm genel m\u00fcd\u00fcr ve genel m\u00fcd\u00fcr yard\u0131mc\u0131lar\u0131, daire ba\u015fkanlar\u0131, gen\u00e7lik spor il m\u00fcd\u00fcrleri ve il\u00e7e m\u00fcd\u00fcrleri ile bu birimlerde \u00e7al\u0131\u015fan t\u00fcm yetkililerin resmi olarak istifalar\u0131n\u0131 ald\u0131.<\/p>\n<p style=\"text-align: justify;\">\n","protected":false},"author":1,"featured_media":0,"comment_status":"open","ping_status":"open","sticky":false,"template":"","format":"standard","meta":{"footnotes":""},"categories":[105],"tags":[],"class_list":["post-38741","post","type-post","status-publish","format-standard","hentry","category-gundem","odd"],"_links":{"self":[{"href":"http:\/\/www.korhanyilmaz.com\/index.php?rest_route=\/wp\/v2\/posts\/38741","targetHints":{"allow":["GET"]}}],"collection":[{"href":"http:\/\/www.korhanyilmaz.com\/index.php?rest_route=\/wp\/v2\/posts"}],"about":[{"href":"http:\/\/www.korhanyilmaz.com\/index.php?rest_route=\/wp\/v2\/types\/post"}],"author":[{"embeddable":true,"href":"http:\/\/www.korhanyilmaz.com\/index.php?rest_route=\/wp\/v2\/users\/1"}],"replies":[{"embeddable":true,"href":"http:\/\/www.korhanyilmaz.com\/index.php?rest_route=%2Fwp%2Fv2%2Fcomments&post=38741"}],"version-history":[{"count":0,"href":"http:\/\/www.korhanyilmaz.com\/index.php?rest_route=\/wp\/v2\/posts\/38741\/revisions"}],"wp:attachment":[{"href":"http:\/\/www.korhanyilmaz.com\/index.php?rest_route=%2Fwp%2Fv2%2Fmedia&parent=38741"}],"wp:term":[{"taxonomy":"category","embeddable":true,"href":"http:\/\/www.korhanyilmaz.com\/index.php?rest_route=%2Fwp%2Fv2%2Fcategories&post=38741"},{"taxonomy":"post_tag","embeddable":true,"href":"http:\/\/www.korhanyilmaz.com\/index.php?rest_route=%2Fwp%2Fv2%2Ftags&post=38741"}],"curies":[{"name":"wp","href":"https:\/\/api.w.org\/{rel}","templated":true}]}}