{"id":38736,"date":"2011-08-18T14:06:38","date_gmt":"2011-08-18T11:06:38","guid":{"rendered":"http:\/\/www.korhanyilmaz.com\/?p=38736"},"modified":"2011-08-18T17:12:31","modified_gmt":"2011-08-18T14:12:31","slug":"bir-arada-yasami-savunacak-yok-mu","status":"publish","type":"post","link":"http:\/\/www.korhanyilmaz.com\/?p=38736","title":{"rendered":"Bir arada ya\u015fam\u0131 savunacak yok mu"},"content":{"rendered":"<p style=\"text-align: center;\"><a href=\"http:\/\/www.korhanyilmaz.com\/wp-content\/uploads\/2011\/08\/6149.jpg\"  class=\"lightview\"><img loading=\"lazy\" decoding=\"async\" class=\"aligncenter size-full wp-image-38737\" src=\"http:\/\/www.korhanyilmaz.com\/wp-content\/uploads\/2011\/08\/6149.jpg\" alt=\"\" width=\"330\" height=\"248\" \/><\/a><\/p>\n<p style=\"text-align: justify;\">D\u00fcn Hakkari-\u00c7ukurca&#8217;da askeri konvoyun ge\u00e7i\u015fi s\u0131ras\u0131nda patlama meydana geldi. Bunun ard\u0131ndan b\u00f6lgeye sevk edilen kolluk kuvvetleri PKK sald\u0131r\u0131s\u0131na u\u011frad\u0131. Burada 1&#8217;i binba\u015f\u0131 11 asker ya\u015fam\u0131n\u0131 yitirdi, 11 asker ise yaraland\u0131. Siyaset\u00e7iler ya\u015fanan bu olay\u0131n ard\u0131ndan \u00e7ok sert a\u00e7\u0131klamalar yapt\u0131.\u00a0<!--more--><\/p>\n<p style=\"text-align: justify;\"><strong>H\u00dcK\u00dcMET: M\u0130SL\u0130YLE KAR\u015eILIK VER\u0130LECEK<\/strong><\/p>\n<p style=\"text-align: justify;\">H\u00fck\u00fcmet ad\u0131na ilk a\u00e7\u0131klama Milli Savunma Bakan\u0131&#8217;ndan geldi. Bakan \u0130smet Y\u0131lmaz, &#8220;Yap\u0131lanlar misliyle kar\u015f\u0131l\u0131k bulacakt\u0131r&#8221; dedi. Hemen ard\u0131ndan a\u00e7\u0131klama yapan \u00c7evre ve Orman Bakan\u0131 Veysel Ero\u011flu da &#8220;Kanlar\u0131 yerde kalmayacak. PKK&#8217;n\u0131n yok edilece\u011finden kimsenin \u015f\u00fcphesi olmas\u0131n&#8221; dedi.<\/p>\n<p style=\"text-align: justify;\"><strong>ERDO\u011eAN: ARTIK KONU\u015eULMAZ YAPILIR<\/strong><\/p>\n<p style=\"text-align: justify;\">Konuyla ilgili de\u011ferlendirmede bulunan Ba\u015fbakan Recep Tayyip Erdo\u011fan da &#8220;Ramazanla ilgili sabr\u0131m\u0131z t\u00fckenmi\u015ftir. Ter\u00f6rle aras\u0131na mesafe koymayanlarlar da bedelini \u00f6deyecek. Bundan sonra konu\u015fulmaz, yap\u0131l\u0131r, art\u0131k her \u015feyi olunca g\u00f6rece\u011fiz&#8221; dedi.<\/p>\n<p style=\"text-align: justify;\"><strong>G\u00dcL: RAMAZAN&#8217;I BEKLEM\u0130YORUZ<\/strong><\/p>\n<p style=\"text-align: justify;\">D\u00fcn ya\u015fanan sald\u0131r\u0131n\u0131n ard\u0131ndan gazetecilerin sorular\u0131n\u0131 yan\u0131tlayan Cumhurba\u015fkan\u0131 Abdullah G\u00fcl, &#8220;Ramazan&#8217;\u0131n bitmesini beklemek s\u00f6z konusu de\u011fil&#8221; dedi. Abdullah G\u00fcl \u015funlar\u0131 kaydetti: &#8220;Devletin g\u00fcc\u00fc \u00fcst\u00fcnde g\u00fc\u00e7 yoktur. Bunu herkes g\u00f6recek. Ter\u00f6rle m\u00fccadelede zafiyet olmaz. G\u00fcvenlik g\u00fc\u00e7leri gere\u011fini yapar. Bekleme s\u00f6z konusu de\u011fildir. Bunun gecesi g\u00fcnd\u00fcz\u00fc olmaz. Tabii ki ramazan ay\u0131nda halk\u0131n dikkatini \u00e7ekmek i\u00e7in ter\u00f6r\u00fcn ne oldu\u011funu, Ramazan ay\u0131nda bile kalle\u015f\u00e7e sald\u0131r\u0131lar d\u00fczenledi\u011fini anlatmak, \u00f6rg\u00fct\u00fcn ne oldu\u011funu g\u00f6stermek i\u00e7in \u00f6yle s\u00f6ylenmi\u015ftir.&#8221;<\/p>\n<p style=\"text-align: justify;\"><strong>HACIBEKTA\u015e&#8217;TA DO\u011eRU S\u00d6YLER ANKARA&#8217;DA \u015eA\u015eAR<\/strong><\/p>\n<p style=\"text-align: justify;\">CHP Genel Ba\u015fkan\u0131 Kemal K\u0131l\u0131\u00e7daro\u011flu Meclis Ba\u015fkan\u0131 Cemil \u00c7i\u00e7ek\u2019le g\u00f6r\u00fc\u015fmesinin ard\u0131ndan gazetecilerin sorular\u0131n\u0131 yan\u0131tlad\u0131. Meclis\u2019in ola\u011fan\u00fcst\u00fc toplanabilece\u011fini s\u00f6yleyen K\u0131l\u0131\u00e7daro\u011flu, \u201cAK Parti\u2019nin kafas\u0131 net olsun biz her t\u00fcrl\u00fc deste\u011fi veririz. \u015eehitler var ama Ramazan\u2019\u0131n bitmesini bekliyoruz, olacak \u015fey de\u011fil\u201d diye konu\u015ftu.<\/p>\n<p style=\"text-align: justify;\">K\u0131l\u0131\u00e7daro\u011flu, Hac\u0131bekta\u015f-\u0131 Veli anma t\u00f6renlerinde yapt\u0131\u011f\u0131 konu\u015fmada, &#8220;Karde\u015flik tohumlar\u0131 ekilmedi ki son 30 y\u0131lda b\u00fcy\u00fck ac\u0131lar ya\u015fad\u0131k. Bar\u0131\u015f dilini kullanmal\u0131, sevgiyi ve ho\u015fg\u00f6r\u00fcy\u00fc egemen k\u0131lmal\u0131y\u0131z\u201d demi\u015fti.<\/p>\n<p style=\"text-align: justify;\"><strong>MHP: H\u00dcK\u00dcMETE DESTE\u011eE HAZIRIZ<\/strong><\/p>\n<p style=\"text-align: justify;\">MHP&#8217;den yap\u0131lan a\u00e7\u0131klamada h\u00fck\u00fcmete konuyla ilgili 5 \u00f6neri geldi. MHP&#8217;nin \u00f6nerileri \u015f\u00f6yle:<\/p>\n<p style=\"text-align: justify;\">&#8220;1-Kandil&#8217;e y\u00f6nelik kara ve hava operasyonu t\u00fcm boyutuyla g\u00fcndeme al\u0131nmal\u0131 ve bu melanet yuvas\u0131 toz duman edilmelidir.<\/p>\n<p style=\"text-align: justify;\">2-\u0130mral\u0131&#8217;da yatan bebek katiliyle t\u00fcm g\u00f6r\u00fc\u015fmeler kesilmeli ve m\u00fczakereler durdurulmal\u0131d\u0131r.<\/p>\n<p style=\"text-align: justify;\">3-\u0130mral\u0131 canisinin yak\u0131nlar\u0131 d\u0131\u015f\u0131nda kimseyle g\u00f6r\u00fc\u015fmesine izin verilmemeli ve avukatlar\u0131 vas\u0131tas\u0131yla ter\u00f6r \u00f6rg\u00fct\u00fcn\u00fc y\u00f6netmesine m\u00fcsaade edilmemelidir.<\/p>\n<p style=\"text-align: justify;\">4-A\u00e7\u0131l\u0131m denilen y\u0131k\u0131m projesine son verilmeli ve bu projenin koordinat\u00f6r\u00fc olan ilgili Ba\u015fbakan Yard\u0131mc\u0131s\u0131 acilen istifa etmelidir.<\/p>\n<p style=\"text-align: justify;\">5-B\u00f6l\u00fcc\u00fcl\u00fckle m\u00fccadele etmek i\u00e7in kapsaml\u0131 bir plan haz\u0131rlanmal\u0131 ve Ba\u015fbakan Erdo\u011fan bu zamana kadarki yanl\u0131\u015flardan dolay\u0131 nedamet g\u00f6stermelidir.<\/p>\n<p style=\"text-align: justify;\">Milliyet\u00e7i Hareket Partisi, b\u00f6l\u00fcc\u00fcl\u00fckle ve uzant\u0131s\u0131 olan ter\u00f6rle m\u00fccadelede gerekli deste\u011fi vermeye haz\u0131r ve kararl\u0131d\u0131r.&#8221;<\/p>\n<p style=\"text-align: justify;\"><strong>KARAYILAN: BA\u015eBAKAN KEND\u0130S\u0130N\u0130 KAYBETMES\u0130N<\/strong><\/p>\n<p style=\"text-align: justify;\">ANF\u2019nin haberine g\u00f6re Erdo\u011fan\u2019\u0131n tehditlerine kar\u015f\u0131l\u0131k, g\u00fc\u00e7lerinin sadece y\u00fczde 5\u2019ini harekete ge\u00e7irdiklerini belirten PKK\u2019li Murat Karay\u0131lan, \u201cE\u011fer biz sava\u015f g\u00fcc\u00fcm\u00fcz\u00fcn \u00f6n\u00fcn\u00fc a\u00e7ar, resmi sava\u015f karar ve talimat\u0131n\u0131 verirsek, T\u00fcrkiye\u2019yi alt-\u00fcst ederler. Ba\u015fbakan kendisini kaybetmemelidir!\u201d dedi. Karay\u0131lan, \u00d6calan\u2019dan da \u00fc\u00e7 haftad\u0131r haber alamad\u0131klar\u0131n\u0131 belirterek, \u201cE\u011fer \u00d6nderli\u011fimize herhangi bir \u015fey olursa o zaman T\u00fcrkiye\u2019de bir tek lider bile kalmaz\u201d diye konu\u015ftu.<\/p>\n<p style=\"text-align: justify;\"><strong>\u00c7ATI\u015eMA NASIL OLDU?<\/strong><\/p>\n<p style=\"text-align: justify;\">Hakkari-\u00c7ukurca karayolunun 15&#8217;inci kilometresindeki Vali Erdo\u011fan G\u00fcrb\u00fcz \u00c7e\u015fmesi yak\u0131nlar\u0131nda askeri konvoyun ge\u00e7i\u015fi s\u0131ras\u0131nda d\u00fcn saat 09.00\u2019da bir patlama meydana geldi.<\/p>\n<p style=\"text-align: justify;\">Patlaman\u0131n ard\u0131ndan Hakkari-\u00c7ukurca karayolu trafi\u011fe kapat\u0131ld\u0131. G\u00fcvenlik \u00e7emberine al\u0131nan b\u00f6lgeye sadece ambulanslar al\u0131nd\u0131. Patlamada 1 askerin ya\u015fam\u0131n\u0131 yitirdi\u011fi, baz\u0131 askerlerin de yaraland\u0131\u011f\u0131 belirtildi.<\/p>\n<p style=\"text-align: justify;\">Patlaman\u0131n ard\u0131ndan b\u00f6lgeye \u00e7ok say\u0131da asker sevk edilirken, hava destekli operasyon da ba\u015flat\u0131ld\u0131.<\/p>\n<p style=\"text-align: justify;\">Operasyona giden askeri birlik, PKK\u2019liler taraf\u0131ndan pusuya d\u00fc\u015f\u00fcr\u00fcld\u00fc. Hem may\u0131nl\u0131 hem de silahlarla yap\u0131lan sald\u0131r\u0131da, ilk bilgilere g\u00f6re, 1&#8217;i binba\u015f\u0131 11 asker ya\u015fam\u0131n\u0131 yitirdi.<\/p>\n<p style=\"text-align: justify;\">Sald\u0131r\u0131da 11 askerin de yaraland\u0131\u011f\u0131 bildirildi. Yaralanan askerler aras\u0131nda durumu a\u011f\u0131r olanlar\u0131n da bulundu\u011fu bildirildi.<\/p>\n<p style=\"text-align: justify;\"><strong>PATLAMA: KORUCU YA\u015eAMINI Y\u0130T\u0130RD\u0130<\/strong><\/p>\n<p style=\"text-align: justify;\">Hakkari&#8217;nin \u00c7ukurca il\u00e7esinde ya\u015fanan sald\u0131r\u0131da 11 askerin \u00f6lmesi ve 11 askerin yaralanmas\u0131n\u0131n ard\u0131ndan b\u00f6lgede y\u00fcr\u00fct\u00fclen operasyonlarda bir patlama daha meydana geldi. Ya\u015fanan patlamada bir korucu ya\u015fam\u0131n\u0131 yitirirdi.<\/p>\n<p style=\"text-align: justify;\"><a href=\"http:\/\/www.birgun.net\/actuels_index.php?news_code=1313655773&amp;year=2011&amp;month=08&amp;day=18\" target=\"_blank\">Kaynak : BirG\u00fcn<\/a><\/p>\n","protected":false},"excerpt":{"rendered":"<p style=\"text-align: center;\">\n<p style=\"text-align: justify;\">D\u00fcn Hakkari-\u00c7ukurca&#8217;da askeri konvoyun ge\u00e7i\u015fi s\u0131ras\u0131nda patlama meydana geldi. Bunun ard\u0131ndan b\u00f6lgeye sevk edilen kolluk kuvvetleri PKK sald\u0131r\u0131s\u0131na u\u011frad\u0131. Burada 1&#8217;i binba\u015f\u0131 11 asker ya\u015fam\u0131n\u0131 yitirdi, 11 asker ise yaraland\u0131. Siyaset\u00e7iler ya\u015fanan bu olay\u0131n ard\u0131ndan \u00e7ok sert a\u00e7\u0131klamalar yapt\u0131. <\/p>\n","protected":false},"author":1,"featured_media":0,"comment_status":"open","ping_status":"open","sticky":false,"template":"","format":"standard","meta":{"footnotes":""},"categories":[105],"tags":[],"class_list":["post-38736","post","type-post","status-publish","format-standard","hentry","category-gundem","odd"],"_links":{"self":[{"href":"http:\/\/www.korhanyilmaz.com\/index.php?rest_route=\/wp\/v2\/posts\/38736","targetHints":{"allow":["GET"]}}],"collection":[{"href":"http:\/\/www.korhanyilmaz.com\/index.php?rest_route=\/wp\/v2\/posts"}],"about":[{"href":"http:\/\/www.korhanyilmaz.com\/index.php?rest_route=\/wp\/v2\/types\/post"}],"author":[{"embeddable":true,"href":"http:\/\/www.korhanyilmaz.com\/index.php?rest_route=\/wp\/v2\/users\/1"}],"replies":[{"embeddable":true,"href":"http:\/\/www.korhanyilmaz.com\/index.php?rest_route=%2Fwp%2Fv2%2Fcomments&post=38736"}],"version-history":[{"count":0,"href":"http:\/\/www.korhanyilmaz.com\/index.php?rest_route=\/wp\/v2\/posts\/38736\/revisions"}],"wp:attachment":[{"href":"http:\/\/www.korhanyilmaz.com\/index.php?rest_route=%2Fwp%2Fv2%2Fmedia&parent=38736"}],"wp:term":[{"taxonomy":"category","embeddable":true,"href":"http:\/\/www.korhanyilmaz.com\/index.php?rest_route=%2Fwp%2Fv2%2Fcategories&post=38736"},{"taxonomy":"post_tag","embeddable":true,"href":"http:\/\/www.korhanyilmaz.com\/index.php?rest_route=%2Fwp%2Fv2%2Ftags&post=38736"}],"curies":[{"name":"wp","href":"https:\/\/api.w.org\/{rel}","templated":true}]}}