{"id":38732,"date":"2011-08-18T12:58:38","date_gmt":"2011-08-18T09:58:38","guid":{"rendered":"http:\/\/www.korhanyilmaz.com\/?p=38732"},"modified":"2011-08-18T15:45:33","modified_gmt":"2011-08-18T12:45:33","slug":"imamin-ordusu-dedin-mi-demedin-mi","status":"publish","type":"post","link":"http:\/\/www.korhanyilmaz.com\/?p=38732","title":{"rendered":"&#8216;\u0130mam\u0131n ordusu&#8217; dedin mi demedin mi&#8230;?"},"content":{"rendered":"<p style=\"text-align: center;\"><a href=\"http:\/\/www.korhanyilmaz.com\/wp-content\/uploads\/2011\/08\/6148.jpg\"  class=\"lightview\"><img loading=\"lazy\" decoding=\"async\" class=\"aligncenter size-full wp-image-38733\" src=\"http:\/\/www.korhanyilmaz.com\/wp-content\/uploads\/2011\/08\/6148.jpg\" alt=\"\" width=\"350\" height=\"263\" \/><\/a><\/p>\n<p style=\"text-align: justify;\">Metin Lokumcu\u2019nun polis m\u00fcdahalesiyle hayat\u0131n\u0131 kaybetti\u011fi Hopa olaylar\u0131n\u0131 protesto i\u00e7in \u0130zmir\u2019de 1 Haziran\u2019da eylem d\u00fczenleyen \u00e7ok say\u0131da ki\u015fiye soru\u015fturma a\u00e7\u0131ld\u0131. Polis ifade ald\u0131\u011f\u0131 ki\u015filere \u201c\u0130mam\u0131n ordusu y\u0131ld\u0131ramaz bizleri\u201d \u015feklinde slogan at\u0131p atmad\u0131klar\u0131n\u0131 sordu.\u00a0<!--more--><\/p>\n<p style=\"text-align: justify;\">Hopa\u2019da ba\u015fbakan\u0131n mitingi \u00f6ncesi \u00e7\u0131kan olaylar\u0131 protesto etmek i\u00e7in 1 Haziran\u2019da \u0130zmir\u2019de eylem d\u00fczenleyen \u00e7ok say\u0131da ki\u015fiye \u0130zmir Cumhuriyet Ba\u015fsavc\u0131l\u0131\u011f\u0131\u2019n\u0131n talimat\u0131yla soru\u015fturma a\u00e7\u0131ld\u0131. Toplumsal Olaylar B\u00fcro Amirli\u011fi\u2019ne \u00e7a\u011fr\u0131lanlar aras\u0131nda Halkevleri, \u00d6DP, SDP ve \u00d6\u011frenci Kolektifi \u00fcyeleri bulunuyor.<\/p>\n<p style=\"text-align: justify;\">Emniyet, tam olarak ka\u00e7 ki\u015fiye soru\u015fturma a\u00e7\u0131ld\u0131\u011f\u0131n\u0131 belirtmezken, \u00e7a\u011fr\u0131 tutanaklar\u0131 baz\u0131 ki\u015filere sivil polisler taraf\u0131ndan tebli\u011f edildi. Polisin tebli\u011fde bulundu\u011fu ki\u015filere \u201ceyleme kat\u0131lan ka\u00e7 arkada\u015f\u0131n\u0131z varsa hepsini getirin\u201d dedi\u011fi belirtiliyor.<\/p>\n<p style=\"text-align: justify;\">Tebligat\u0131 eline ula\u015f\u0131p emniyete ifadeye gidenlere polis \u201c\u0130mam\u0131n ordusu y\u0131ld\u0131ramaz bizleri\u201d slogan\u0131n\u0131 at\u0131p atmad\u0131klar\u0131n\u0131 sordu.<\/p>\n<p style=\"text-align: justify;\">Hopa\u2019da 31 May\u0131s\u2019ta Metin Lokumcu\u2019nun \u00f6l\u00fcm\u00fcyle sonu\u00e7lanan olaylar sonras\u0131 \u0130zmir muhalefeti 1 Haziran\u2019da soka\u011fa \u00e7\u0131km\u0131\u015f, eylemcilere polisin sald\u0131rmas\u0131yla 5 ki\u015fi yaralanarak hastaneye kald\u0131r\u0131lm\u0131\u015ft\u0131. \u0130zmir\u2019deki eylemde TKP \u00fcyesi Turgut Eraslan da gazdan etkilenerek kalp krizi ge\u00e7irmi\u015f, yo\u011fun bak\u0131mda tedavi edilmi\u015fti.<\/p>\n<p style=\"text-align: justify;\">Hopa olaylar\u0131 nedeniyle y\u00fcze yak\u0131n ki\u015fiye dava a\u00e7\u0131ld\u0131, bug\u00fcne kadar toplam 37 ki\u015fi tutukland\u0131.<span style=\"color: #888888;\">\u00a0(sendika.org)<\/span><\/p>\n<p style=\"text-align: justify;\"><a href=\"http:\/\/www.birgun.net\/actuels_index.php?news_code=1313658817&amp;year=2011&amp;month=08&amp;day=18\" target=\"_blank\">Kaynak : BirG\u00fcn<\/a><\/p>\n","protected":false},"excerpt":{"rendered":"<p style=\"text-align: center;\">\n<p style=\"text-align: justify;\">Metin Lokumcu\u2019nun polis m\u00fcdahalesiyle hayat\u0131n\u0131 kaybetti\u011fi Hopa olaylar\u0131n\u0131 protesto i\u00e7in \u0130zmir\u2019de 1 Haziran\u2019da eylem d\u00fczenleyen \u00e7ok say\u0131da ki\u015fiye soru\u015fturma a\u00e7\u0131ld\u0131. Polis ifade ald\u0131\u011f\u0131 ki\u015filere \u201c\u0130mam\u0131n ordusu y\u0131ld\u0131ramaz bizleri\u201d \u015feklinde slogan at\u0131p atmad\u0131klar\u0131n\u0131 sordu. <\/p>\n","protected":false},"author":1,"featured_media":0,"comment_status":"open","ping_status":"open","sticky":false,"template":"","format":"standard","meta":{"footnotes":""},"categories":[105],"tags":[],"class_list":["post-38732","post","type-post","status-publish","format-standard","hentry","category-gundem","odd"],"_links":{"self":[{"href":"http:\/\/www.korhanyilmaz.com\/index.php?rest_route=\/wp\/v2\/posts\/38732","targetHints":{"allow":["GET"]}}],"collection":[{"href":"http:\/\/www.korhanyilmaz.com\/index.php?rest_route=\/wp\/v2\/posts"}],"about":[{"href":"http:\/\/www.korhanyilmaz.com\/index.php?rest_route=\/wp\/v2\/types\/post"}],"author":[{"embeddable":true,"href":"http:\/\/www.korhanyilmaz.com\/index.php?rest_route=\/wp\/v2\/users\/1"}],"replies":[{"embeddable":true,"href":"http:\/\/www.korhanyilmaz.com\/index.php?rest_route=%2Fwp%2Fv2%2Fcomments&post=38732"}],"version-history":[{"count":0,"href":"http:\/\/www.korhanyilmaz.com\/index.php?rest_route=\/wp\/v2\/posts\/38732\/revisions"}],"wp:attachment":[{"href":"http:\/\/www.korhanyilmaz.com\/index.php?rest_route=%2Fwp%2Fv2%2Fmedia&parent=38732"}],"wp:term":[{"taxonomy":"category","embeddable":true,"href":"http:\/\/www.korhanyilmaz.com\/index.php?rest_route=%2Fwp%2Fv2%2Fcategories&post=38732"},{"taxonomy":"post_tag","embeddable":true,"href":"http:\/\/www.korhanyilmaz.com\/index.php?rest_route=%2Fwp%2Fv2%2Ftags&post=38732"}],"curies":[{"name":"wp","href":"https:\/\/api.w.org\/{rel}","templated":true}]}}