{"id":38724,"date":"2011-08-18T11:14:56","date_gmt":"2011-08-18T08:14:56","guid":{"rendered":"http:\/\/www.korhanyilmaz.com\/?p=38724"},"modified":"2011-08-18T15:23:58","modified_gmt":"2011-08-18T12:23:58","slug":"basbakanin-onunde-birbirlerine-girdiler","status":"publish","type":"post","link":"http:\/\/www.korhanyilmaz.com\/?p=38724","title":{"rendered":"Ba\u015fbakan&#8217;\u0131n \u00f6n\u00fcnde birbirlerine girdiler"},"content":{"rendered":"<p style=\"text-align: center;\"><a href=\"http:\/\/www.korhanyilmaz.com\/wp-content\/uploads\/2011\/08\/6146.jpg\"  class=\"lightview\"><img loading=\"lazy\" decoding=\"async\" class=\"aligncenter size-full wp-image-38725\" src=\"http:\/\/www.korhanyilmaz.com\/wp-content\/uploads\/2011\/08\/6146.jpg\" alt=\"\" width=\"462\" height=\"210\" \/><\/a><\/p>\n<p style=\"text-align: justify;\">K\u0131z\u0131lay&#8217;\u0131n 7 y\u0131ll\u0131k ba\u015fkan\u0131 Tekin K\u00fc\u00e7\u00fckali&#8217;nin istifas\u0131na, \u00d6mer \u00c7elik&#8217;le Dolmabah\u00e7e&#8217;de, Ba\u015fbakan Erdo\u011fan&#8217;\u0131n \u00f6n\u00fcnde yapt\u0131klar\u0131 kavgan\u0131n neden oldu\u011fu ileri s\u00fcr\u00fcld\u00fc.<\/p>\n<p style=\"text-align: justify;\">Siyasi kulislere yans\u0131yan iddialara g\u00f6re AK Parti Genel Ba\u015fkan Yard\u0131mc\u0131s\u0131 \u00d6mer \u00c7elik, Adana K\u0131z\u0131lay Ba\u015fkan\u0131&#8217;n\u0131n g\u00f6revden al\u0131narak yerine bir arkada\u015f\u0131n\u0131n getirilmesini istedi. Bu iste\u011fin yerine getirilmemesi \u00fczerine \u00c7elik, milletvekili aday\u0131 olma haz\u0131rl\u0131\u011f\u0131 i\u00e7inde olan Tekin K\u00fc\u00e7\u00fckali&#8217;nin AK Parti&#8217;den adayl\u0131\u011f\u0131n\u0131 engelledi.<!--more--><\/p>\n<p style=\"text-align: justify;\">Son olarak K\u00fc\u00e7\u00fckali, Ba\u015fbakan Erdo\u011fan&#8217;a kavgan\u0131n i\u00e7 y\u00fcz\u00fcn\u00fc anlatmak i\u00e7in Dolmabal\u00e7e&#8217;deki ofisine geldi. Toplant\u0131ya \u00d6mer \u00c7elik de kat\u0131l\u0131nca ortam gerildi. Gergin tart\u0131\u015fman\u0131n ard\u0131ndan hakaretler ba\u015flay\u0131nca, K\u00fc\u00e7\u00fckali toplant\u0131y\u0131 terk etti. Daha sonra da K\u0131z\u0131lay Ba\u015fkanl\u0131\u011f\u0131&#8217;ndan ayr\u0131ld\u0131.<\/p>\n<p style=\"text-align: justify;\"><strong>\u015eUBE BA\u015eKANI KAVGASI BA\u015eBAKAN&#8217;A UZANDI<\/strong><\/p>\n<p style=\"text-align: justify;\">\u0130ddialara g\u00f6re se\u00e7im \u00f6ncesi AK Parti Genel Ba\u015fkan Yard\u0131mc\u0131s\u0131 \u00d6mer \u00c7elik, Tekin K\u00fc\u00e7\u00fckali&#8217;yi arayarak, Adana K\u0131z\u0131lay \u015eube Ba\u015fkan\u0131n\u0131 g\u00f6revden alarak yerine bir arkada\u015f\u0131n\u0131 getirmesini istedi. K\u00fc\u00e7\u00fckali ise kendisinin g\u00f6reve getirdi\u011fi Adana \u015eube Ba\u015fkan\u0131n\u0131 koruyarak, &#8220;K\u0131z\u0131lay, Adana \u015eube Ba\u015fkan\u0131 benim en iyi \u015fube ba\u015fkan\u0131m. Neden g\u00f6revden alay\u0131m. Bunu yapamam&#8221; yan\u0131t\u0131 verdi.<\/p>\n<p style=\"text-align: justify;\">Ancak \u00c7elik&#8217;in \u0131srarl\u0131 talepleri devam etti. K\u00fc\u00e7\u00fckali ile \u00c7elik&#8217;in birbirlerine telefonda a\u011f\u0131r hakeretlerde bulunduklar\u0131 \u00f6\u011frenildi. G\u00f6r\u00fc\u015fmenin k\u00fcf\u00fcrle\u015fmeye d\u00f6nmesi \u00fczerine K\u00fc\u00e7\u00fckali&#8217;nin &#8220;Sen ne bi\u00e7im adams\u0131n ulan. Ben adam gibi adam\u0131m&#8221; diyerek telefonu \u00c7elik&#8217;in y\u00fcz\u00fcne kapatt\u0131\u011f\u0131 ileri s\u00fcr\u00fcld\u00fc. \u0130ddialara g\u00f6re se\u00e7im s\u00fcrecinde AK Parti&#8217;den milletvekili aday\u0131 olmak isteyen K\u00fc\u00e7\u00fckali&#8217;nin adayl\u0131\u011f\u0131n\u0131 \u00c7elik, &#8220;AK Partinin istediklerini yerine getirmiyor&#8221; diyerek engelledi.<\/p>\n<p style=\"text-align: justify;\"><strong>KR\u0130Z\u0130 TIRMANDIRAN TELEFON<\/strong><\/p>\n<p style=\"text-align: justify;\">Yine iddialara g\u00f6re \u00c7elik, K\u00fc\u00e7\u00fckali&#8217;yi Ba\u015fbakan Erdo\u011fan&#8217;a \u015fikayet etti. Ba\u015fbakan Erdo\u011fan ise 7 y\u0131l \u00f6nce bizzat kendisinin g\u00f6reve getirdi\u011fi ve AK Parti&#8217;nin kurucular\u0131 aras\u0131nda bulunan K\u00fc\u00e7\u00fckali ile bir telefon g\u00f6r\u00fc\u015fmesi yapt\u0131. \u00c7elik&#8217;in de kendilerini dinledi\u011fini s\u00f6yleyerek yap\u0131lan konu\u015fma yine tats\u0131z bitti. Ba\u015fbakan&#8217;\u0131n \u00c7elik&#8217;in kendisine, &#8220;B\u00fct\u00fcn AK Partililere k\u00fcf\u00fcr etti&#8221; dedi\u011fini s\u00f6ylemesi \u00fczerine, K\u00fc\u00e7\u00fckali&#8217;nin, &#8220;K\u00fcf\u00fcr ettim ama \u00c7elik&#8217;in \u015fahs\u0131na k\u00fcf\u00fcr ettim. Ben a\u011fz\u0131mda puro, elimde viski barda\u011f\u0131yla k\u00fcf\u00fcr etmem. Haram paralar\u0131n ge\u00e7ti\u011fi g\u0131rtla\u011f\u0131mla k\u00fcf\u00fcr etmem&#8221; yan\u0131t\u0131 verince konu\u015fman\u0131n burada kesildi\u011fi \u00f6\u011frenildi.<\/p>\n<p style=\"text-align: justify;\"><strong>ERDO\u011eAN&#8217;IN \u00d6N\u00dcNDE TARTI\u015eMA VE \u0130ST\u0130FA<\/strong><\/p>\n<p style=\"text-align: justify;\">Telefonla g\u00f6r\u00fc\u015fmenin bu \u015fekilde bitmesi \u00fczerine Tekin K\u00fc\u00e7\u00fckali, Ba\u015fbakan Erdo\u011fan&#8217;la Dolmabah\u00e7e&#8217;deki \u00e7al\u0131\u015fma ofisinde g\u00f6r\u00fc\u015ft\u00fc. Burada \u00d6mer \u00c7elik ile aralar\u0131nda ge\u00e7en tats\u0131z s\u00fcreci anlat\u0131rken, konu\u015fmaya bir s\u00fcr\u00fc sonra \u00c7elik de kat\u0131ld\u0131. K\u00fc\u00e7\u00fckali ve \u00c7elik&#8217;in bu kez de Erdo\u011fan&#8217;\u0131n \u00f6n\u00fcnde birbirlerine girdikleri, Erdo\u011fan&#8217;\u0131n a\u011f\u0131rl\u0131\u011f\u0131n\u0131 \u00c7elik&#8217;ten yana koyma e\u011filimi g\u00f6stermesi \u00fczerine K\u00fc\u00e7\u00fckali&#8217;nin istifa edece\u011fini s\u00f6yleyerek oday\u0131 terk etti\u011fi \u00f6\u011frenildi. K\u00fc\u00e7\u00fckali&#8217;nin olay\u0131n ard\u0131ndan da istifa ederek memleketi Trabzon&#8217;a gitti\u011fi belirtildi.<\/p>\n<p style=\"text-align: justify;\"><a href=\"http:\/\/www.gazeteport.com.tr\/haber\/47867\/basbakanin_onunde_birbirlerine_girdiler\" target=\"_blank\">Kaynak : \u0130hsan Demir &#8211; GAZETEPORT<\/a><a href=\"http:\/\/www.gazeteport.com.tr\/haber\/47867\/basbakanin_onunde_birbirlerine_girdiler\" target=\"_blank\">\u00a0<\/a><\/p>\n","protected":false},"excerpt":{"rendered":"<p style=\"text-align: center;\">\n<p style=\"text-align: justify;\">K\u0131z\u0131lay&#8217;\u0131n 7 y\u0131ll\u0131k ba\u015fkan\u0131 Tekin K\u00fc\u00e7\u00fckali&#8217;nin istifas\u0131na, \u00d6mer \u00c7elik&#8217;le Dolmabah\u00e7e&#8217;de, Ba\u015fbakan Erdo\u011fan&#8217;\u0131n \u00f6n\u00fcnde yapt\u0131klar\u0131 kavgan\u0131n neden oldu\u011fu ileri s\u00fcr\u00fcld\u00fc.<\/p>\n<p style=\"text-align: justify;\">Siyasi kulislere yans\u0131yan iddialara g\u00f6re AK Parti Genel Ba\u015fkan Yard\u0131mc\u0131s\u0131 \u00d6mer \u00c7elik, Adana K\u0131z\u0131lay Ba\u015fkan\u0131&#8217;n\u0131n g\u00f6revden al\u0131narak yerine bir arkada\u015f\u0131n\u0131n getirilmesini istedi. Bu iste\u011fin yerine getirilmemesi \u00fczerine \u00c7elik, milletvekili <\/p>\n","protected":false},"author":1,"featured_media":0,"comment_status":"open","ping_status":"open","sticky":false,"template":"","format":"standard","meta":{"footnotes":""},"categories":[105],"tags":[],"class_list":["post-38724","post","type-post","status-publish","format-standard","hentry","category-gundem","odd"],"_links":{"self":[{"href":"http:\/\/www.korhanyilmaz.com\/index.php?rest_route=\/wp\/v2\/posts\/38724","targetHints":{"allow":["GET"]}}],"collection":[{"href":"http:\/\/www.korhanyilmaz.com\/index.php?rest_route=\/wp\/v2\/posts"}],"about":[{"href":"http:\/\/www.korhanyilmaz.com\/index.php?rest_route=\/wp\/v2\/types\/post"}],"author":[{"embeddable":true,"href":"http:\/\/www.korhanyilmaz.com\/index.php?rest_route=\/wp\/v2\/users\/1"}],"replies":[{"embeddable":true,"href":"http:\/\/www.korhanyilmaz.com\/index.php?rest_route=%2Fwp%2Fv2%2Fcomments&post=38724"}],"version-history":[{"count":0,"href":"http:\/\/www.korhanyilmaz.com\/index.php?rest_route=\/wp\/v2\/posts\/38724\/revisions"}],"wp:attachment":[{"href":"http:\/\/www.korhanyilmaz.com\/index.php?rest_route=%2Fwp%2Fv2%2Fmedia&parent=38724"}],"wp:term":[{"taxonomy":"category","embeddable":true,"href":"http:\/\/www.korhanyilmaz.com\/index.php?rest_route=%2Fwp%2Fv2%2Fcategories&post=38724"},{"taxonomy":"post_tag","embeddable":true,"href":"http:\/\/www.korhanyilmaz.com\/index.php?rest_route=%2Fwp%2Fv2%2Ftags&post=38724"}],"curies":[{"name":"wp","href":"https:\/\/api.w.org\/{rel}","templated":true}]}}