{"id":38709,"date":"2011-08-18T12:34:58","date_gmt":"2011-08-18T09:34:58","guid":{"rendered":"http:\/\/www.korhanyilmaz.com\/?p=38709"},"modified":"2011-08-18T14:45:58","modified_gmt":"2011-08-18T11:45:58","slug":"gulun-gorev-suresi-belli-oldu","status":"publish","type":"post","link":"http:\/\/www.korhanyilmaz.com\/?p=38709","title":{"rendered":"G\u00fcl&#8217;\u00fcn g\u00f6rev s\u00fcresi belli oldu"},"content":{"rendered":"<p style=\"text-align: center;\"><a href=\"http:\/\/www.korhanyilmaz.com\/wp-content\/uploads\/2011\/08\/6142.jpg\"  class=\"lightview\"><img loading=\"lazy\" decoding=\"async\" class=\"aligncenter size-full wp-image-38710\" src=\"http:\/\/www.korhanyilmaz.com\/wp-content\/uploads\/2011\/08\/6142.jpg\" alt=\"\" width=\"307\" height=\"236\" \/><\/a><\/p>\n<p style=\"text-align: justify;\">AK Parti Grup Ba\u015fkanvekili Mustafa Elita\u015f, Cumhurba\u015fkan\u0131 G\u00fcl&#8217;\u00fcn g\u00f6rev s\u00fcresiyle ilgili olarak, &#8216;Cumhurba\u015fkan\u0131&#8217;n\u0131n g\u00f6rev s\u00fcresini anayasa de\u011fi\u015fikli\u011fiyle 7 y\u0131ldan 5 y\u0131la indirdik. Ama bu d\u00fczenleme bir sonraki cumhurba\u015fkan\u0131n\u0131n g\u00f6rev s\u00fcresi i\u00e7in ge\u00e7erli&#8217; dedi.\u00a0<!--more--><\/p>\n<p style=\"text-align: justify;\">Cumhurba\u015fkan\u0131n\u0131n g\u00f6rev s\u00fcresinin 5 y\u0131l oldu\u011funu, yasal d\u00fczenleme yap\u0131lmamas\u0131 halinde G\u00fcl&#8217;\u00fcn g\u00f6revinin sona erece\u011fini belirten CHP lideri Kemal K\u0131l\u0131\u00e7daro\u011flu&#8217;nu ele\u015ftiren AK Parti Grup Ba\u015fkanvekili Mustafa Elita\u015f, anayasa de\u011fi\u015fikli\u011fiyle milletvekilli\u011fi genel se\u00e7imlerini 5 y\u0131ldan 4 y\u0131la indirdiklerini an\u0131msatt\u0131.<\/p>\n<p style=\"text-align: justify;\">Ak\u015fam gazetesine konu\u015fan Elita\u015f, \u015f\u00f6yle dedi:<\/p>\n<p style=\"text-align: justify;\">&#8216;Ancak bu d\u00fczenleme de bir sonraki se\u00e7im i\u00e7in ge\u00e7erliydi. Buna ra\u011fmen, biz bir y\u0131l\u0131m\u0131zdan feragat ettik ve se\u00e7imleri erkene \u00e7ektik. Se\u00e7imleri 12 Haziran 2011&#8217;de yaparak, erken se\u00e7im yapt\u0131k. Cumhurba\u015fkan\u0131&#8217;n\u0131n g\u00f6rev s\u00fcresini de anayasa de\u011fi\u015fikli\u011fiyle 7 y\u0131ldan 5 y\u0131la indirdik. Ama bu d\u00fczenleme de bir sonraki cumhurba\u015fkan\u0131n\u0131n g\u00f6rev s\u00fcresi i\u00e7in ge\u00e7erli.&#8217; Milletvekilli\u011fi i\u00e7in erken se\u00e7im yap\u0131ld\u0131\u011f\u0131 halde cumhurba\u015fkanl\u0131\u011f\u0131 i\u00e7in b\u00f6yle bir \u015feyin yasal boyutta hi\u00e7 d\u00fc\u015f\u00fcn\u00fclmedi\u011fini vurgulayan Elita\u015f, \u015f\u00f6yle devam etti: &#8216;Cumhurba\u015fkan\u0131 se\u00e7ildi\u011finde y\u00fcr\u00fcrl\u00fckte olan yasa ne ise o s\u00fcre kadar g\u00f6rev yapar. Cumhurba\u015fkan\u0131 Abdullah G\u00fcl se\u00e7ildi\u011finde g\u00f6rev s\u00fcresinin 7 y\u0131l olmas\u0131n\u0131 \u00f6ng\u00f6ren anayasa h\u00fckm\u00fc vard\u0131. Bu y\u00fczden 7 y\u0131l g\u00f6rev yapacak. Aksi halde siz 5 y\u0131la d\u00fc\u015f\u00fcr\u00fcrseniz, yar\u0131n bir ba\u015fkas\u0131 gelir, &#8216;Ben de 3 y\u0131la indirdim&#8217; der. Hatta ba\u015fka iktidar gelir &#8216;Ben de seni \u015fimdi g\u00f6revden al\u0131yorum&#8217; der. Cumhurba\u015fkan\u0131, devletin, 74 milyonun temsilcisidir. G\u00f6rev s\u00fcresi ile oynarsan\u0131z, o makam\u0131 hafifletirsiniz.&#8217;<\/p>\n<p style=\"text-align: justify;\"><strong>K\u00f6\u015fk&#8217;ten yeni bir uygulama daha\u00a0<\/strong><\/p>\n<p style=\"text-align: justify;\">\u00c7ankaya&#8217;dan MGK a\u00e7\u0131l\u0131m\u0131. CHP Genel Ba\u015fkan\u0131 Kemal K\u0131l\u0131\u00e7daro\u011flu&#8217;nun devletin zirvesinin \u00f6nemli konularda ald\u0131\u011f\u0131 kararlar\u0131n kamuoyuyla payla\u015f\u0131lmad\u0131\u011f\u0131na y\u00f6nelik ele\u015ftirileri \u00c7ankaya K\u00f6\u015fk&#8217;\u00fc harekete ge\u00e7irdi.<\/p>\n<p style=\"text-align: justify;\">Cumhurba\u015fkan\u0131 Abdullah G\u00fcl, d\u00fcn s\u00fcrpriz bir karar alarak bundan sonra her MGK toplant\u0131s\u0131n\u0131n ard\u0131ndan ana muhalefet partisi ba\u015fkan\u0131n\u0131 ve TBMM ba\u015fkan\u0131n\u0131 bilgilendirecek. G\u00fcl, d\u00fcn ald\u0131\u011f\u0131 bu karar\u0131 yar\u0131n ya\u015fama ge\u00e7irecek. Cumhurba\u015fkan\u0131, bug\u00fcn yap\u0131lacak kritik MGK toplant\u0131s\u0131n\u0131n ard\u0131ndan, yar\u0131n i\u00e7in davet etti\u011fi CHP lideri Kemal K\u0131l\u0131\u00e7daro\u011flu ile Meclis Ba\u015fkan\u0131 Cemil \u00c7i\u00e7ek&#8217;e ayr\u0131 ayr\u0131 bilgi verecek. G\u00fcl&#8217;\u00fcn, bu uygulamay\u0131 sonraki MGK toplant\u0131lar\u0131n ard\u0131ndan da s\u00fcrd\u00fcrece\u011fi bildirildi.<\/p>\n<p style=\"text-align: justify;\"><a href=\"http:\/\/www.cnnturk.com\/2011\/turkiye\/08\/18\/gulun.gorev.suresi.belli.oldu\/626499.0\/index.html\" target=\"_blank\">Kaynak : CNN T\u00dcRK<\/a><\/p>\n","protected":false},"excerpt":{"rendered":"<p style=\"text-align: center;\">\n<p style=\"text-align: justify;\">AK Parti Grup Ba\u015fkanvekili Mustafa Elita\u015f, Cumhurba\u015fkan\u0131 G\u00fcl&#8217;\u00fcn g\u00f6rev s\u00fcresiyle ilgili olarak, &#8216;Cumhurba\u015fkan\u0131&#8217;n\u0131n g\u00f6rev s\u00fcresini anayasa de\u011fi\u015fikli\u011fiyle 7 y\u0131ldan 5 y\u0131la indirdik. Ama bu d\u00fczenleme bir sonraki cumhurba\u015fkan\u0131n\u0131n g\u00f6rev s\u00fcresi i\u00e7in ge\u00e7erli&#8217; dedi. <\/p>\n","protected":false},"author":1,"featured_media":0,"comment_status":"open","ping_status":"open","sticky":false,"template":"","format":"standard","meta":{"footnotes":""},"categories":[105],"tags":[],"class_list":["post-38709","post","type-post","status-publish","format-standard","hentry","category-gundem","odd"],"_links":{"self":[{"href":"http:\/\/www.korhanyilmaz.com\/index.php?rest_route=\/wp\/v2\/posts\/38709","targetHints":{"allow":["GET"]}}],"collection":[{"href":"http:\/\/www.korhanyilmaz.com\/index.php?rest_route=\/wp\/v2\/posts"}],"about":[{"href":"http:\/\/www.korhanyilmaz.com\/index.php?rest_route=\/wp\/v2\/types\/post"}],"author":[{"embeddable":true,"href":"http:\/\/www.korhanyilmaz.com\/index.php?rest_route=\/wp\/v2\/users\/1"}],"replies":[{"embeddable":true,"href":"http:\/\/www.korhanyilmaz.com\/index.php?rest_route=%2Fwp%2Fv2%2Fcomments&post=38709"}],"version-history":[{"count":0,"href":"http:\/\/www.korhanyilmaz.com\/index.php?rest_route=\/wp\/v2\/posts\/38709\/revisions"}],"wp:attachment":[{"href":"http:\/\/www.korhanyilmaz.com\/index.php?rest_route=%2Fwp%2Fv2%2Fmedia&parent=38709"}],"wp:term":[{"taxonomy":"category","embeddable":true,"href":"http:\/\/www.korhanyilmaz.com\/index.php?rest_route=%2Fwp%2Fv2%2Fcategories&post=38709"},{"taxonomy":"post_tag","embeddable":true,"href":"http:\/\/www.korhanyilmaz.com\/index.php?rest_route=%2Fwp%2Fv2%2Ftags&post=38709"}],"curies":[{"name":"wp","href":"https:\/\/api.w.org\/{rel}","templated":true}]}}