{"id":38702,"date":"2011-08-17T23:15:29","date_gmt":"2011-08-17T20:15:29","guid":{"rendered":"http:\/\/www.korhanyilmaz.com\/?p=38702"},"modified":"2011-08-18T05:39:53","modified_gmt":"2011-08-18T02:39:53","slug":"kandile-hava-harekati","status":"publish","type":"post","link":"http:\/\/www.korhanyilmaz.com\/?p=38702","title":{"rendered":"Kandil&#8217;e hava harekat\u0131"},"content":{"rendered":"<p style=\"text-align: center;\"><a href=\"http:\/\/www.korhanyilmaz.com\/wp-content\/uploads\/2011\/08\/6141.jpg\"  class=\"lightview\"><img loading=\"lazy\" decoding=\"async\" class=\"aligncenter size-full wp-image-38703\" src=\"http:\/\/www.korhanyilmaz.com\/wp-content\/uploads\/2011\/08\/6141.jpg\" alt=\"\" width=\"307\" height=\"236\" \/><\/a><\/p>\n<p style=\"text-align: justify;\">Diyarbak\u0131r ve Maltaya&#8217;dan kalkan T\u00fcrk sava\u015f u\u00e7aklar\u0131, Kandil ve Zap&#8217;taki PKK hedeflerini bombalad\u0131. Askeri kaynaklardan edinilen bilgilere g\u00f6re jetler Kandil, Zap, Hakurk, Metina, Haftanin, Hinera ve Sideka kamplar\u0131n\u0131 e\u015f zamanl\u0131 olarak vurdu.<\/p>\n<p style=\"text-align: justify;\">(DHA) &#8212; Diyarbak\u0131r&#8217;da 2&#8217;inci Hava Kuvvet Komutanl\u0131\u011f\u0131 8&#8217;inci Ana Jet \u00dcss\u00fc&#8217;nde bug\u00fcn son aylar\u0131n en yo\u011fun hava hareketlili\u011fi ya\u015fand\u0131.\u00a0<!--more--><\/p>\n<p style=\"text-align: justify;\">\u00d6\u011fleden sonra ba\u015flayan haraketlilik saat 20.30 s\u0131ralar\u0131nda en \u00fcst seviyeye ula\u015ft\u0131. \u00dcsten ard arda havalanan yakla\u015f\u0131k 10 F-16 sava\u015f u\u00e7a\u011f\u0131 Irak s\u0131n\u0131r\u0131na do\u011fru y\u00f6neldi.<\/p>\n<p style=\"text-align: justify;\">U\u00e7aklar\u0131n kalk\u0131\u015f\u0131ndan bir s\u00fcre sonra Hakkari&#8217;nin Irak s\u0131n\u0131rda bulunan \u00c7ukurca, \u015eemdinli ile Y\u00fcksekova il\u00e7eleri semalar\u0131nda da yo\u011fun u\u00e7ak hareketli\u011fi g\u00f6r\u00fcld\u00fc. U\u00e7aklar\u0131n Irak s\u0131n\u0131r\u0131n\u0131n s\u0131f\u0131r noktas\u0131na gittikleri g\u00f6zlemlendi.<\/p>\n<p style=\"text-align: justify;\">Diyarbak\u0131r&#8217;dan kalkan jetlerin PKK&#8217;n\u0131n Kuzey Irak&#8217;ta bulunan kamplar\u0131n\u0131 bombalad\u0131\u011f\u0131 iddia edildi.<\/p>\n<p style=\"text-align: justify;\">PKK&#8217;ya yak\u0131n internet siteleri u\u00e7aklar\u0131n ba\u015fta Kandil Da\u011f\u0131 olmak \u00fczere, T\u00fcrkiye-\u0130ran s\u0131n\u0131r\u0131ndaki Hinere, T\u00fcrkiye s\u0131n\u0131r\u0131na yak\u0131n olan Zap, Hakurk kamplar\u0131n\u0131 bombalad\u0131\u011f\u0131n\u0131 duyurdu.<\/p>\n<p style=\"text-align: justify;\"><strong>U\u00e7aksavarlar etkisiz hale getirildi\u00a0<\/strong><\/p>\n<p style=\"text-align: justify;\">PKK&#8217;n\u0131n Kuzey Irak&#8217;ta bulunan kamplar\u0131n\u0131n bombalanmas\u0131na Diyarbak\u0131r 2&#8217;inci Hava Kuvvet Komutanl\u0131\u011f\u0131 ve Malatya Erha\u00e7 Hava \u00dcss\u00fc&#8217;nden kalkan F-16&#8217;lar\u0131n yan\u0131 s\u0131ra F-104 sava\u015f u\u00e7aklar\u0131n\u0131n da destek verdi\u011fi belirtildi.<\/p>\n<p style=\"text-align: justify;\">Askeri kaynaklardan edinilen bilgilere g\u00f6re, jetler Kandil, Zap, Hakurk, Metina, Haftanin, Hinera ve Sideka kamplar\u0131n\u0131 e\u015f zamanl\u0131 olarak bombalad\u0131.<\/p>\n<p style=\"text-align: justify;\">\u0130ddiaya g\u00f6re, operasyonlara 30&#8217;dan fazla jet kat\u0131ld\u0131. Jetler, \u00f6nce PKK&#8217;n\u0131n en b\u00fcy\u00fck kamp\u0131 olan Kandil ve Zap&#8217;taki u\u00e7aksavar bataryalar\u0131n\u0131 hedef ald\u0131. Burada bulunan 17 u\u00e7aksavar bataryas\u0131 bombalanarak etkisiz hale getirildi.<\/p>\n<p style=\"text-align: justify;\"><strong>Y\u00f6neticilerin oldu\u011fu yer de vuruldu\u00a0<\/strong><\/p>\n<p style=\"text-align: justify;\">Operasyonda Murat Karay\u0131lan, Cemil Bay\u0131k, Duran Kalkan&#8217;\u0131n ayr\u0131 ayr\u0131 bulundu\u011fu belirtilen Kandil Da\u011f\u0131 ve \u00e7evresindeki 4 ayr\u0131 kamp da hedef al\u0131nd\u0131. Burada ter\u00f6ristlerin bar\u0131nd\u0131\u011f\u0131 ana karargahlar yo\u011fun bombard\u0131man alt\u0131na al\u0131nd\u0131.<\/p>\n<p style=\"text-align: justify;\"><strong>\u0130ran iddias\u0131\u00a0<\/strong><\/p>\n<p style=\"text-align: justify;\">Bu arada Diyarbak\u0131r ve Malatya&#8217;dan kalkan sava\u015f u\u00e7aklar\u0131n\u0131n Kand\u0131il Da\u011f\u0131&#8217;n\u0131 y\u00f6nelik operasyonda al\u0131nan \u00f6zel izinle \u0130ran hava sahas\u0131n\u0131n da kullan\u0131ld\u0131\u011f\u0131 ileri s\u00fcr\u00fcld\u00fc. \u0130ran hava sahas\u0131n\u0131 kullanan u\u00e7aklar\u0131n \u00f6zellikle Kandil Da\u011f\u0131&#8217;n\u0131n arka k\u0131sm\u0131ndan bombalama yapt\u0131\u011f\u0131 iddia edildi.<\/p>\n<p style=\"text-align: justify;\">Jetlerin, Kuzey Irak&#8217;taki kamplar\u0131n\u0131 bombad\u0131\u011f\u0131 iddialar\u0131, hen\u00fcz resmi makamlar taraf\u0131ndan do\u011frulanmad\u0131.<\/p>\n<p style=\"text-align: justify;\"><strong>K\u00fcrt kanallar\u0131 ilk haber olarak verdi\u00a0<\/strong><\/p>\n<p style=\"text-align: justify;\">Kuzey Irak&#8217;taki K\u00fcrt kanallar\u0131 ve PKK&#8217;n\u0131n yay\u0131n organ\u0131 konumundaki Roj TV, T\u00fcrk sava\u015f u\u00e7aklar\u0131n\u0131n bu ak\u015fam d\u00fczenledi\u011fi hava operasyonuna geni\u015f olarak yer verdi.<\/p>\n<p style=\"text-align: justify;\">Roj TV, operasyonu son dakika anonsu ile ekran\u0131ndan duyururken, Kuzey Irak&#8217;taki b\u00f6lgesel K\u00fcrt y\u00f6netimi ve Irak K\u00fcrdistan Demokrat Partisi lideri Mesud Barzani&#8217;ye ba\u011fl\u0131 K\u00fcrdistan TV, Irak Devlet Ba\u015fkan\u0131 ve K\u00fcrdistan Yurtsever Birli\u011fi lideri Celal Talabani&#8217;ye ba\u011fl\u0131 NRT ve Kurtsat kanallar\u0131n\u0131n yan\u0131 s\u0131ra KNN kanallar\u0131 da hava operasyonuna geni\u015f yer verdi.<\/p>\n<p style=\"text-align: justify;\"><a href=\"http:\/\/www.cnnturk.com\/2011\/dunya\/08\/17\/kandile.hava.harekati\/626453.0\/index.html\" target=\"_blank\">Kaynak : CNN T\u00dcRK<\/a><\/p>\n","protected":false},"excerpt":{"rendered":"<p style=\"text-align: center;\">\n<p style=\"text-align: justify;\">Diyarbak\u0131r ve Maltaya&#8217;dan kalkan T\u00fcrk sava\u015f u\u00e7aklar\u0131, Kandil ve Zap&#8217;taki PKK hedeflerini bombalad\u0131. Askeri kaynaklardan edinilen bilgilere g\u00f6re jetler Kandil, Zap, Hakurk, Metina, Haftanin, Hinera ve Sideka kamplar\u0131n\u0131 e\u015f zamanl\u0131 olarak vurdu.<\/p>\n<p style=\"text-align: justify;\">(DHA) &#8212; Diyarbak\u0131r&#8217;da 2&#8217;inci Hava Kuvvet Komutanl\u0131\u011f\u0131 8&#8217;inci Ana Jet \u00dcss\u00fc&#8217;nde bug\u00fcn son aylar\u0131n en yo\u011fun <\/p>\n","protected":false},"author":1,"featured_media":0,"comment_status":"open","ping_status":"open","sticky":false,"template":"","format":"standard","meta":{"footnotes":""},"categories":[105],"tags":[],"class_list":["post-38702","post","type-post","status-publish","format-standard","hentry","category-gundem","odd"],"_links":{"self":[{"href":"http:\/\/www.korhanyilmaz.com\/index.php?rest_route=\/wp\/v2\/posts\/38702","targetHints":{"allow":["GET"]}}],"collection":[{"href":"http:\/\/www.korhanyilmaz.com\/index.php?rest_route=\/wp\/v2\/posts"}],"about":[{"href":"http:\/\/www.korhanyilmaz.com\/index.php?rest_route=\/wp\/v2\/types\/post"}],"author":[{"embeddable":true,"href":"http:\/\/www.korhanyilmaz.com\/index.php?rest_route=\/wp\/v2\/users\/1"}],"replies":[{"embeddable":true,"href":"http:\/\/www.korhanyilmaz.com\/index.php?rest_route=%2Fwp%2Fv2%2Fcomments&post=38702"}],"version-history":[{"count":0,"href":"http:\/\/www.korhanyilmaz.com\/index.php?rest_route=\/wp\/v2\/posts\/38702\/revisions"}],"wp:attachment":[{"href":"http:\/\/www.korhanyilmaz.com\/index.php?rest_route=%2Fwp%2Fv2%2Fmedia&parent=38702"}],"wp:term":[{"taxonomy":"category","embeddable":true,"href":"http:\/\/www.korhanyilmaz.com\/index.php?rest_route=%2Fwp%2Fv2%2Fcategories&post=38702"},{"taxonomy":"post_tag","embeddable":true,"href":"http:\/\/www.korhanyilmaz.com\/index.php?rest_route=%2Fwp%2Fv2%2Ftags&post=38702"}],"curies":[{"name":"wp","href":"https:\/\/api.w.org\/{rel}","templated":true}]}}