{"id":38698,"date":"2011-08-17T17:52:21","date_gmt":"2011-08-17T14:52:21","guid":{"rendered":"http:\/\/www.korhanyilmaz.com\/?p=38698"},"modified":"2011-08-18T14:59:08","modified_gmt":"2011-08-18T11:59:08","slug":"iste-sehitlerin-kimlikleri","status":"publish","type":"post","link":"http:\/\/www.korhanyilmaz.com\/?p=38698","title":{"rendered":"\u0130\u015fte \u015fehitlerin kimlikleri"},"content":{"rendered":"<p style=\"text-align: center;\">\n<p style=\"text-align: center;\"><a href=\"http:\/\/www.korhanyilmaz.com\/wp-content\/uploads\/2011\/08\/6144.jpg\"  class=\"lightview\"><img loading=\"lazy\" decoding=\"async\" class=\"aligncenter size-full wp-image-38717\" src=\"http:\/\/www.korhanyilmaz.com\/wp-content\/uploads\/2011\/08\/6144.jpg\" alt=\"\" width=\"336\" height=\"223\" \/><\/a><\/p>\n<p style=\"text-align: justify;\">Genelkurmay, Hakkari- \u00c7ukurca karayolunda PKK&#8217;n\u0131n sald\u0131r\u0131s\u0131yla ilgili a\u00e7\u0131klama yapt\u0131: 8 asker ve bir korucu \u015fehit oldu, 15 asker ayaral\u0131.<\/p>\n<p style=\"text-align: justify;\">Genelkurmay&#8217;dan Hakkari&#8217;deki sald\u0131r\u0131 ile ilgili a\u00e7\u0131klama: hain sald\u0131r\u0131 sonucu 8 askeri personel ve 1 Ge\u00e7ici K\u00f6y Korucusu \u015fehit olmu\u015f, 15 askeri personel yaralanm\u0131\u015ft\u0131r.\u00a0<!--more--><\/p>\n<p style=\"text-align: justify;\">1. 17 A\u011fustos 2011 g\u00fcn\u00fc HAKK\u00c2R\u0130-\u00c7UKURCA yolu \u00fczerinde intikal halindeki bir askeri konvoya b\u00f6l\u00fcc\u00fc ter\u00f6r \u00f6rg\u00fct\u00fc taraf\u0131ndan hain bir sald\u0131r\u0131da bulunulmu\u015ftur. Bu hain sald\u0131r\u0131 sonucu 8 askeri personel ve 1 Ge\u00e7ici K\u00f6y Korucusu \u015fehit olmu\u015f, 15 askeri personel yaralanm\u0131\u015ft\u0131r. Yaral\u0131lardan biri hari\u00e7 di\u011ferlerinin hayati tehlikesi bulunmamaktad\u0131r.<\/p>\n<p style=\"text-align: justify;\">2. \u015eehit Ge\u00e7ici K\u00f6y Korucusunun naa\u015f\u0131 topra\u011fa verilmi\u015f, di\u011fer \u015fehitlerimizin naa\u015flar\u0131 ise 18-19 A\u011fustos 2011 tarihlerinde memleketlerinde yap\u0131lacak t\u00f6renlerle topra\u011fa verilecektir.<\/p>\n<p style=\"text-align: justify;\">3. \u015eehitlerimize Allah\u2019tan rahmet, yaral\u0131lar\u0131m\u0131za acil \u015fifalar, \u015fehitlerimizin de\u011ferli ailelerine ve y\u00fcce milletimize ba\u015fsa\u011fl\u0131\u011f\u0131 ve sab\u0131rlar dileriz. Kamuoyuna sayg\u0131 ile duyurulur.<\/p>\n<p style=\"text-align: justify;\">Kimlikleri belirlenen \u015fehitler \u015f\u00f6yle:<\/p>\n<p style=\"text-align: justify;\">Tabur Komutan\u0131 Binba\u015f\u0131 Yavuz Ba\u015fer (Ankara), Uzman \u00e7avu\u015flar Turan Kurt (Manisa- Salihli), Nez\u0131r Elitok (K\u0131r\u0131kkale), Samet K\u0131l\u0131\u00e7 (Ordu- Per\u015fembe), Hakan \u00c7il (Kahramanmara\u015f), Erhan Ar (Yozgat- Yerk\u00f6y), jandarma er Sadettin Arslan (Kayseri).<\/p>\n<p style=\"text-align: justify;\">KAHRAMANMARA\u015e- Hakkari\u2019nin \u00c7ukurca il\u00e7esinde askeri konvoyun ge\u00e7i\u015fi s\u0131ras\u0131nda yola d\u00f6\u015fenen may\u0131n\u0131n patlat\u0131lmas\u0131 sonucu \u015fehit olan askerlerden birinin Kahramanmara\u015f\u2019\u0131n Af\u015fin il\u00e7esinden uzman \u00e7avu\u015f Hakan \u00c7il (24) oldu\u011fu bildirildi.<\/p>\n<p style=\"text-align: justify;\">\u015eehit haberini alan Af\u015fin Kaymakam\u0131 Faik Ar\u0131can, Af\u015fin Emniyet M\u00fcd\u00fcr\u00fc Veysel Ate\u015f, Beyce\u011fiz Mahallesi Binbo\u011fa Sokak\u2019ta bulunan aileyi ziyaret ederek bilgi verdi.<\/p>\n<p style=\"text-align: justify;\">\u015eehidin babas\u0131 \u0130stanbul\u2019da oldu\u011fundan dolay\u0131 Kaymakam Ar\u0131can, \u015fehit uzman \u00e7avu\u015f Hakan \u00c7il\u2019in akrabalar\u0131na bilgi verdi. \u015eehidin babas\u0131 \u0130brahim \u00c7il\u2019e ise telefonda o\u011flunun sadece yaraland\u0131\u011f\u0131 bilgisinin verildi\u011fi \u00f6\u011frenildi.<\/p>\n<p style=\"text-align: justify;\">\u015eehit Uzman \u00c7avu\u015f Hakan \u00c7il\u2019in 3 ayl\u0131k evli oldu\u011fu, annesinin yeni vefat etti\u011fi \u00f6\u011frenildi.<\/p>\n<p style=\"text-align: justify;\">\u015eehit \u00c7il\u2019in yar\u0131n Af\u015fin\u2019de d\u00fczenlenecek t\u00f6renin ard\u0131ndan topra\u011fa verilece\u011fi bildirildi.<\/p>\n<p style=\"text-align: justify;\">ORDU- Hakkari-\u00c7ukurca karayolundaki ter\u00f6rist sald\u0131r\u0131da \u015fehit olan Uzman \u00c7avu\u015f Samet K\u0131l\u0131\u00e7\u2019\u0131n (24), Ordu\u2019nun Per\u015fembe il\u00e7esindeki baba evinde yas var.<\/p>\n<p style=\"text-align: justify;\">Per\u015fembe il\u00e7esine ba\u011fl\u0131 So\u011fukp\u0131nar k\u00f6y\u00fcnde ya\u015fayan K\u0131l\u0131\u00e7 ailesine \u015fehit haberini, Kaymakam Abdullah K\u00fc\u00e7\u00fck ve Belediye Ba\u015fkan\u0131 Selami \u00c7ark\u00e7\u0131 ile birlikte k\u00f6ye giden Ordu \u0130l Jandarma Komutan Yard\u0131mc\u0131s\u0131 Yarbay Hac\u0131 Sar\u0131\u0131\u015f\u0131k verdi.<\/p>\n<p style=\"text-align: justify;\">O\u011flunun \u015fehit haberini alan anne \u00d6m\u00fcr K\u0131l\u0131\u00e7, sinir krizi ge\u00e7irdi. Sa\u011fl\u0131k ekipleri, \u015fehit annesine m\u00fcdahale yapt\u0131. Baba Ahmet K\u0131l\u0131\u00e7\u2019\u0131 ise Kaymakam K\u00fc\u00e7\u00fck, Belediye Ba\u015fkan\u0131 \u00c7ark\u00e7\u0131 ve Yarbay Sar\u0131\u0131\u015f\u0131k teskin etmeye \u00e7al\u0131\u015ft\u0131.<\/p>\n<p style=\"text-align: justify;\">\u015eehit Samet K\u0131l\u0131\u00e7\u2019\u0131n 20 \u00f6nce ayn\u0131 k\u00f6yden Merve K\u0131l\u0131\u00e7 ile evlendi\u011fi, 10 g\u00fcn \u00f6nce de e\u015fiyle birlikte g\u00f6rev yerine d\u00f6nd\u00fc\u011f\u00fc, \u015fehidin karde\u015fi karde\u015fi Sercan K\u0131l\u0131\u00e7\u2019\u0131n da bir s\u00fcre \u00f6nce askerden geldi\u011fi \u00f6\u011frenildi.<\/p>\n<p style=\"text-align: justify;\">\u015eehidin T\u00fcrk bayra\u011f\u0131 as\u0131lan baba evine \u00e7ok say\u0131da ki\u015fi de taziye i\u00e7in geldi.<\/p>\n<p style=\"text-align: justify;\">Ezan okundu\u011fu s\u0131rada, &#8220;O\u011flumun salas\u0131n\u0131 m\u0131 veriyorsunuz. Vermeyin, s\u00f6ylemeyin o\u011flumu. O\u011flumun seslerini duymu\u015ftum, mavi\u015f g\u00f6zl\u00fcm, bu ger\u00e7ek olamaz, yalan&#8221; diyerek a\u011flayan anneyi yak\u0131nlar\u0131 sakinle\u015ftirmeye \u00e7al\u0131\u015ft\u0131.<\/p>\n<p style=\"text-align: justify;\">\u0130ki \u00e7ocuklu K\u0131l\u0131\u00e7 ailesinin \u00e7ift\u00e7ilikle ge\u00e7indi\u011fi, baba K\u0131l\u0131\u00e7\u2019\u0131n okul d\u00f6nemi de servis \u015fof\u00f6rl\u00fc\u011f\u00fc yapt\u0131\u011f\u0131 \u00f6\u011frenildi.<\/p>\n<p style=\"text-align: justify;\">MAN\u0130SA-Hakkari \u00c7ukurca\u2019daki hain sald\u0131r\u0131da Uzman \u00c7avu\u015f Turan Kurt\u2019un \u015fehit d\u00fc\u015ft\u00fc\u011f\u00fc haberini alan Manisa\u2019n\u0131n Salihli il\u00e7esindeki ailesi b\u00fcy\u00fck \u00fcz\u00fcnt\u00fc ya\u015f\u0131yor.<\/p>\n<p style=\"text-align: justify;\">Salihli Kaymakam\u0131 Mesut Y\u0131ld\u0131r\u0131m, \u0130l\u00e7e Emniyet M\u00fcd\u00fcr\u00fc Erkan Ta\u015f ve \u0130l\u00e7e Jandarma Komutan\u0131 Y\u00fczba\u015f\u0131 Metin \u015eahin, sa\u011fl\u0131k g\u00f6revlileriyle, Uzman \u00c7avu\u015f Turan Kurt\u2019un (42), Kurtulu\u015f Mahallesi \u015e\u00fcheda Caddesi\u2019ndeki evine gitti.<\/p>\n<p style=\"text-align: justify;\">Kaymakam Y\u0131ld\u0131r\u0131m, Turan Kurt\u2019un \u015fehit oldu\u011fu haberini, e\u015fi \u015eerife Kurt\u2019a bildirerek taziyede bulundu. Haberi alan \u015eerife Kurt ile 16 ya\u015f\u0131ndaki o\u011flu Furkan, 12 ya\u015f\u0131ndaki k\u0131z\u0131 Nihal yasa bo\u011fuldu.<\/p>\n<p style=\"text-align: justify;\">Edirne\u2019de g\u00f6rev yapt\u0131\u011f\u0131 s\u0131rada tayini Hakkari\u2019ye \u00e7\u0131kan ve 17 Temmuz\u2019da Hakkari\u2019de g\u00f6revine ba\u015flad\u0131\u011f\u0131 \u00f6\u011frenilen uzman \u00e7avu\u015f Turan Kurt\u2019un, 2 g\u00fcn \u00f6nce e\u015fiyle telefonla g\u00f6r\u00fc\u015ft\u00fc\u011f\u00fc, \u00e7evrede \u00e7at\u0131\u015fmalar\u0131n ya\u015fand\u0131\u011f\u0131n\u0131, 24 saattir postallar\u0131n\u0131 \u00e7\u0131karmad\u0131\u011f\u0131n\u0131 s\u00f6yledi\u011fi ve &#8220;Burada her an her \u015fey olabilir&#8221; diyerek helallik istedi\u011fi \u00f6\u011frenildi.<\/p>\n<p style=\"text-align: justify;\">Uzman \u00e7avu\u015f Kurt\u2019un, daha \u00f6nce Salihli\u2019de 6 y\u0131l g\u00f6rev yapt\u0131\u011f\u0131 ve e\u015fiyle bu il\u00e7eye yerle\u015fmeyi kararla\u015ft\u0131rd\u0131\u011f\u0131, bir s\u00fcre \u00f6nce de banka kredisiyle ailesinin oturdu\u011fu evi ald\u0131\u011f\u0131 bildirildi.<\/p>\n<p style=\"text-align: justify;\">Kurt\u2019un emeklili\u011fine 9 ay kald\u0131\u011f\u0131 \u00f6\u011frenildi.<\/p>\n<p style=\"text-align: justify;\">Kaymakam Y\u0131ld\u0131r\u0131m, \u015fehidin evinden ayr\u0131l\u0131rken gazetecilere yapt\u0131\u011f\u0131 a\u00e7\u0131klamada, &#8220;\u015eehidimiz, 1,5 ay \u00f6nce Salihli\u2019den ev al\u0131p \u00e7ocuklar\u0131n\u0131 buraya yerle\u015ftirdikten sonra Hakkari\u2019deki g\u00f6rev yerine gitmi\u015f. Bug\u00fcn kendisini kaybettik, ailesine ba\u015f sa\u011fl\u0131\u011f\u0131 diliyorum. Umar\u0131m bu ac\u0131lar biter&#8221; dedi.<\/p>\n<p style=\"text-align: justify;\">\u015eehit uzman \u00e7avu\u015f Kurt\u2019un akrabas\u0131 emekli astsubay Cafer Korkmaz ise &#8220;Kurt, Salihli\u2019yi \u00e7ok sevdi\u011fi ve yak\u0131nlar\u0131 da il\u00e7ede ya\u015fad\u0131\u011f\u0131 i\u00e7in buraya yerle\u015fecekti. Hakkari\u2019deki g\u00f6revine, 1 ay \u00f6nce bug\u00fcn ba\u015flad\u0131. Cenazesinin Salihli\u2019de mi yoksa memleketi Bal\u0131kesir\u2019de defnedilece\u011fi karar\u0131n\u0131 ailesi verecek.<\/p>\n<p style=\"text-align: justify;\"><strong>Vatan sa\u011f olsun&#8221; diye konu\u015ftu.<\/strong><\/p>\n<p style=\"text-align: justify;\">KIRIKKALE-Hakkari-\u00c7ukurca karayolundaki ter\u00f6rist sald\u0131r\u0131da \u015fehit olan Uzman \u00c7avu\u015f Nazir Elitok\u2019un K\u0131r\u0131kkale\u2019deki baba evinde h\u00fcz\u00fcn\u00a0var.<\/p>\n<p style=\"text-align: justify;\">\u015eehit Uzman \u00c7avu\u015f Elitok\u2019un Yuva Mahallesi\u2019ndeki baba evine gelen askeri ekip, sa\u011fl\u0131k g\u00f6revlileri nezaretinde o\u011fullar\u0131n\u0131n \u015fehit haberini bildirdi.<\/p>\n<p style=\"text-align: justify;\">O\u011flunun \u015fehit oldu\u011fu haberinin ard\u0131ndan sinir krizleri ge\u00e7iren anne Nadiye Elitok\u2019a sa\u011fl\u0131k g\u00f6revlileri m\u00fcdahalede bulundu.<\/p>\n<p style=\"text-align: justify;\">\u015eehit haberinin verilmesiyle Elitok ailesinin evine gelen kom\u015fular\u0131 ve yak\u0131nlar\u0131, ba\u015fsa\u011fl\u0131\u011f\u0131 dile\u011finde bulundu.<\/p>\n<p style=\"text-align: justify;\">Anne Nadiye Elitok ile baba Kamil Elitok, o\u011fullar\u0131n\u0131n her gece sahur vaktinde kendilerini telefonla arad\u0131\u011f\u0131n\u0131 belirterek, &#8220;Anneci\u011fim, babac\u0131\u011f\u0131m hay\u0131rl\u0131 sahurlar&#8221; dedi\u011fini s\u00f6yledi.<\/p>\n<p style=\"text-align: justify;\">Nadiye Elitok, &#8220;Bizim ci\u011ferimiz yand\u0131 onlar\u0131n da ci\u011feri yans\u0131n, evlad\u0131mla her gece g\u00f6r\u00fc\u015f\u00fcrken bug\u00fcn \u015fehit haberini ald\u0131m, ci\u011ferimiz yand\u0131&#8221; diyerek g\u00f6zya\u015f\u0131 d\u00f6kt\u00fc.<\/p>\n<p style=\"text-align: justify;\">Evli ve 9 ayl\u0131k 1 \u00e7ocuk babas\u0131 \u015eehit Elitok\u2019un e\u015fi ve k\u0131z\u0131n\u0131n Hakkari\u2019de oldu\u011fu \u00f6\u011frenildi.<\/p>\n<p style=\"text-align: justify;\">ANKARA-Hakkari\u2019deki hain sald\u0131r\u0131da \u015fehit olan Binba\u015f\u0131 Yavuz Ba\u015fayar\u2019\u0131n Ankara\u2019daki babaoca\u011f\u0131na &#8220;ate\u015f d\u00fc\u015ft\u00fc&#8221;. Binba\u015f\u0131n\u0131n \u015fehit haberinin ard\u0131ndan Ba\u015fayar ailesinin evinin bulundu\u011fu apartmana dev T\u00fcrk bayra\u011f\u0131 as\u0131ld\u0131.<\/p>\n<p style=\"text-align: justify;\">Demetevler \u0130vedik Caddesi 939. Sokak\u2019ta oturan \u015fehit Binba\u015f\u0131 Ba\u015fayar\u2019\u0131n annesi \u0130nayet Ba\u015fayar ve babas\u0131 \u0130smail Ba\u015fayar evlerinde taziye ziyaretlerini kabul ederken, sokakta bir ambulans da haz\u0131r bekletiliyor. Sokaktaki esnaf\u0131n da i\u015fyerlerine T\u00fcrk bayra\u011f\u0131 ast\u0131\u011f\u0131 g\u00f6r\u00fcl\u00fcyor.<\/p>\n<p style=\"text-align: justify;\">Bu arada, \u015fehit binba\u015f\u0131n\u0131n ailesine askeri yetkililer de taziye ziyaretinde bulundu.<\/p>\n<p style=\"text-align: justify;\"><strong>HAKKAR\u0130\u2019YE B\u0130R HAFTA \u00d6NCE ATANMI\u015e<\/strong><\/p>\n<p style=\"text-align: justify;\">Yak\u0131nlar\u0131, \u015fehit Binba\u015f\u0131 Ba\u015fayar\u2019\u0131n bir hafta \u00f6nce Tokat\u2019tan Hakkari\u2019deki Fatihler Tabur Komutanl\u0131\u011f\u0131\u2019na atand\u0131\u011f\u0131n\u0131 belirtirken, \u015fehit binba\u015f\u0131n\u0131n karde\u015fi Fatih Ba\u015fayar\u2019\u0131n da \u00f6zel harekatta g\u00f6revli polis memuru oldu\u011fu \u00f6\u011frenildi.<\/p>\n<p style=\"text-align: justify;\">\u0130ki \u00e7ocu\u011fu oldu\u011fu belirtilen \u015fehit Binba\u015f\u0131 Ba\u015fayar\u2019\u0131n yar\u0131n Kazan\u2019da topra\u011fa verilece\u011fi ifade edildi.<\/p>\n<p style=\"text-align: justify;\">ARDAHAN- Hakkari\u2019deki ter\u00f6rist sald\u0131r\u0131da \u015fehit olan er Vedat G\u00fclder\u2019in (21) Ardahan\u2019\u0131n G\u00f6le il\u00e7esindeki baba evinde yas var.<\/p>\n<p style=\"text-align: justify;\">G\u00f6le il\u00e7esinin Budakl\u0131 k\u00f6y\u00fcnde ya\u015fayan G\u00fclder ailesine \u015fehit haberini, G\u00f6le Kaymakam\u0131 Kemal Atasoy ile askeri yetkililerin, sa\u011fl\u0131k ekipleri g\u00f6zetiminde verdi\u011fi bildirildi.<\/p>\n<p style=\"text-align: justify;\">Ardahan Valisi Mustafa Tekmen, Hakkari\u2019de hain sald\u0131r\u0131da \u015fehit edilenlerden birisinin Ardahan\u2019l\u0131 oldu\u011funu belirterek, \u00fcz\u00fcnt\u00fcl\u00fc olduklar\u0131n\u0131 s\u00f6yledi.<\/p>\n<p style=\"text-align: justify;\">Ate\u015fin d\u00fc\u015ft\u00fc\u011f\u00fc yeri yakt\u0131\u011f\u0131n\u0131 belirten Tekmen, &#8220;Bize de ate\u015f d\u00fc\u015ft\u00fc, derinden \u00fcz\u00fcnt\u00fcl\u00fcy\u00fcz. \u015eimdilik bu kadar, diyecek ba\u015fka bir \u015feyim yok&#8221; dedi.<\/p>\n<p style=\"text-align: justify;\">\u015eehit er Vedat G\u00fclder\u2019in \u00fc\u00e7 \u00e7ocuklu ailenin ortanca \u00e7ocu\u011fu oldu\u011fu ve bekar oldu\u011fu \u00f6\u011frenildi.<\/p>\n<p style=\"text-align: justify;\">Hakkari\u2019deki ter\u00f6rist sald\u0131r\u0131da \u015fehit olan er Serkan Altay\u2019\u0131n Burdur\u2019un Tefenni il\u00e7esindeki baba evinde yas var.<\/p>\n<p style=\"text-align: justify;\">BURDUR- Tefenni\u2019de ya\u015fayan Altay ailesine \u015fehit haberini, askeri yetkililer, sa\u011fl\u0131k ekiplerinin g\u00f6zetiminde verdi.<\/p>\n<p style=\"text-align: justify;\">Mu\u015f\u2019un Malazgirt il\u00e7esinden Tefenni il\u00e7esine g\u00f6\u00e7 eden Altay\u2019\u0131n yak\u0131nlar\u0131, \u015fehit haberini al\u0131nca K\u00fcrt\u00e7e a\u011f\u0131t yakt\u0131. \u015eehidin evine T\u00fcrk bayra\u011f\u0131 as\u0131ld\u0131.<\/p>\n<p style=\"text-align: justify;\">\u015eehit Serkan Altay\u2019\u0131n babas\u0131 Naif Altay, yeni yapt\u0131klar\u0131 ev i\u00e7in &#8220;Bu evi o\u011fluma \u015fehit evi olsun diye de\u011fil o\u011flum ve gelinim i\u00e7in yapm\u0131\u015ft\u0131m&#8221; dedi.<\/p>\n<p style=\"text-align: justify;\">\u015eehit Altay\u2019\u0131n amcas\u0131 Nevzat Altay ise 10 o\u011flu oldu\u011funu ve hepsinin askere gitmesini istedi\u011fini belirterek, ter\u00f6r\u00fcn bitirilmesini istedi.<\/p>\n<p style=\"text-align: justify;\">Ailesini ter\u00f6rden kurtarmak i\u00e7in Tefenni\u2019ye geldi\u011fini ifade eden Nevzat Altay, &#8220;Ama yine de kurtaramad\u0131m&#8221; dedi.<\/p>\n<p style=\"text-align: justify;\">Terhisine 68 g\u00fcn kald\u0131\u011f\u0131 belirtilen \u015fehit er Serkan Altay\u2019\u0131n alt\u0131 \u00e7ocuklu ailenin en b\u00fcy\u00fck \u00e7ocu\u011fu oldu\u011fu ve askerden \u00f6nce s\u00f6zlendi\u011fi \u00f6\u011frenildi. Serkan Altay\u2019\u0131n k\u00fc\u00e7\u00fck karde\u015fi Serdar Altay\u2019\u0131n da 7 ay sonra askere gidece\u011fi belirtildi.<\/p>\n<p style=\"text-align: justify;\"><strong>K\u00d6Y KORUCUSU TOPRA\u011eA VER\u0130LD\u0130<\/strong><\/p>\n<p style=\"text-align: justify;\">\u00c7ukurca karayolundaki ter\u00f6rist sald\u0131r\u0131da \u015fehit olan k\u00f6y korucusu Cabbar G\u00fcltekin\u2019in cenazesi, K\u0131r\u0131kda\u011f k\u00f6y\u00fcnde topra\u011fa verildi.<\/p>\n<p style=\"text-align: justify;\">Hakkari-\u00c7ukurca karayolunun 12. kilometresinde, askeri konvoyun ge\u00e7i\u015fi s\u0131ras\u0131nda ter\u00f6r \u00f6rg\u00fct\u00fc PKK \u00fcyelerince yola d\u00f6\u015fenen 4 patlay\u0131c\u0131n\u0131n infilak etmesi sonucu \u015fehit olan korucu Cabbar G\u00fcltekin\u2019in (40) T\u00fcrk bayra\u011f\u0131na sar\u0131l\u0131 cenazesi, yak\u0131nlar\u0131 taraf\u0131ndan Hakkari Asker Hastanesinin morgundan al\u0131narak kent merkezine ba\u011fl\u0131 K\u0131r\u0131kda\u011f k\u00f6y\u00fcne getirildi.<\/p>\n<p style=\"text-align: justify;\">\u015eehidin e\u015fi \u015eirin G\u00fcltekin, e\u015finin tabutuna sar\u0131larak uzun s\u00fcre g\u00f6zya\u015f\u0131 d\u00f6kt\u00fc.<\/p>\n<p style=\"text-align: justify;\">\u015eehit korucunun cenazesi, namaz k\u0131l\u0131nmas\u0131n\u0131n ard\u0131ndan K\u00fcrt\u00e7e a\u011f\u0131tlar e\u015fli\u011finde k\u00f6y mezarl\u0131\u011f\u0131nda topra\u011fa verildi.<\/p>\n<p style=\"text-align: justify;\">Cabbar G\u00fcltekin\u2019in evli ve 6 \u00e7ocuk babas\u0131 oldu\u011fu \u00f6\u011frenildi. <span style=\"color: #888888;\">(ajanslar)<\/span><\/p>\n<p style=\"text-align: justify;\"><a href=\"http:\/\/www.radikal.com.tr\/Radikal.aspx?aType=RadikalDetayV3&amp;ArticleID=1060325&amp;Date=18.08.2011&amp;CategoryID=77\" target=\"_blank\">Kaynak : Radikal.com.tr<\/a><\/p>\n","protected":false},"excerpt":{"rendered":"<p style=\"text-align: center;\">\n<p style=\"text-align: center;\">\n<p style=\"text-align: justify;\">Genelkurmay, Hakkari- \u00c7ukurca karayolunda PKK&#8217;n\u0131n sald\u0131r\u0131s\u0131yla ilgili a\u00e7\u0131klama yapt\u0131: 8 asker ve bir korucu \u015fehit oldu, 15 asker ayaral\u0131.<\/p>\n<p style=\"text-align: justify;\">Genelkurmay&#8217;dan Hakkari&#8217;deki sald\u0131r\u0131 ile ilgili a\u00e7\u0131klama: hain sald\u0131r\u0131 sonucu 8 askeri personel ve 1 Ge\u00e7ici K\u00f6y Korucusu \u015fehit olmu\u015f, 15 askeri personel yaralanm\u0131\u015ft\u0131r. <\/p>\n","protected":false},"author":1,"featured_media":0,"comment_status":"open","ping_status":"open","sticky":false,"template":"","format":"standard","meta":{"footnotes":""},"categories":[105],"tags":[],"class_list":["post-38698","post","type-post","status-publish","format-standard","hentry","category-gundem","odd"],"_links":{"self":[{"href":"http:\/\/www.korhanyilmaz.com\/index.php?rest_route=\/wp\/v2\/posts\/38698","targetHints":{"allow":["GET"]}}],"collection":[{"href":"http:\/\/www.korhanyilmaz.com\/index.php?rest_route=\/wp\/v2\/posts"}],"about":[{"href":"http:\/\/www.korhanyilmaz.com\/index.php?rest_route=\/wp\/v2\/types\/post"}],"author":[{"embeddable":true,"href":"http:\/\/www.korhanyilmaz.com\/index.php?rest_route=\/wp\/v2\/users\/1"}],"replies":[{"embeddable":true,"href":"http:\/\/www.korhanyilmaz.com\/index.php?rest_route=%2Fwp%2Fv2%2Fcomments&post=38698"}],"version-history":[{"count":0,"href":"http:\/\/www.korhanyilmaz.com\/index.php?rest_route=\/wp\/v2\/posts\/38698\/revisions"}],"wp:attachment":[{"href":"http:\/\/www.korhanyilmaz.com\/index.php?rest_route=%2Fwp%2Fv2%2Fmedia&parent=38698"}],"wp:term":[{"taxonomy":"category","embeddable":true,"href":"http:\/\/www.korhanyilmaz.com\/index.php?rest_route=%2Fwp%2Fv2%2Fcategories&post=38698"},{"taxonomy":"post_tag","embeddable":true,"href":"http:\/\/www.korhanyilmaz.com\/index.php?rest_route=%2Fwp%2Fv2%2Ftags&post=38698"}],"curies":[{"name":"wp","href":"https:\/\/api.w.org\/{rel}","templated":true}]}}