{"id":38695,"date":"2011-08-17T09:52:59","date_gmt":"2011-08-17T06:52:59","guid":{"rendered":"http:\/\/www.korhanyilmaz.com\/?p=38695"},"modified":"2011-08-18T05:13:43","modified_gmt":"2011-08-18T02:13:43","slug":"cukurcada-hain-pusu","status":"publish","type":"post","link":"http:\/\/www.korhanyilmaz.com\/?p=38695","title":{"rendered":"\u00c7ukurca&#8217;da hain pusu"},"content":{"rendered":"<p style=\"text-align: justify;\"><a href=\"http:\/\/www.korhanyilmaz.com\/wp-content\/uploads\/2011\/08\/6139.jpg\"  class=\"lightview\"><img loading=\"lazy\" decoding=\"async\" class=\"aligncenter size-full wp-image-38696\" title=\"\" src=\"http:\/\/www.korhanyilmaz.com\/wp-content\/uploads\/2011\/08\/6139.jpg\" alt=\"\" width=\"292\" height=\"224\" \/><\/a><\/p>\n<p style=\"text-align: justify;\">Hakkari&#8217;de askeri konvoyun ge\u00e7i\u015fi s\u0131ras\u0131nda PKK&#8217;n\u0131n \u00f6nceden yola koydu\u011fu bomban\u0131n patlamalar\u0131n biri korucu 10 g\u00fcvenlik g\u00f6revilisi \u015fehit oldu.<\/p>\n<p style=\"text-align: justify;\">HAKKAR\u0130 &#8211; \u00c7ukurca&#8217;da askeri konvoyun ge\u00e7i\u015fi s\u0131ras\u0131nda yola d\u00f6\u015fedikleri may\u0131n\u0131 infilak ettiren PKK, b\u00f6lgeye sevk edilen askerleri pusuya d\u00fc\u015f\u00fcrd\u00fc. Askerlerin kulland\u0131\u011f\u0131 &#8220;BTR&#8221; adl\u0131 z\u0131rhl\u0131 arac\u0131n ge\u00e7isi s\u0131ras\u0131nda PKK&#8217;n\u0131n d\u00f6\u015fedi\u011fi may\u0131n patlad\u0131. May\u0131n\u0131n z\u0131rhl\u0131 ara\u00e7lar\u0131 etkisiz hale getirmek i\u00e7in kullan\u0131lan may\u0131n\u0131n i\u00e7inde C-4 t\u00fcr\u00fc patlay\u0131c\u0131 maddenin de bulundu\u011fu yakla\u015f\u0131k 5 ayr\u0131 noktoda 100 kilograml\u0131k anti tank may\u0131n\u0131 oldu\u011fu \u00f6\u011frenildi. Daha sonra askerlere roketatarlarla sald\u0131r\u0131ld\u0131.\u00a0<!--more--><\/p>\n<p style=\"text-align: justify;\"><strong>VAL\u0130 T\u00dcRKER: 8 \u015eEH\u0130T CANEZ\u0130 VAR, 2 CENAZEYE DE ULA\u015eAMADIK<\/strong><\/p>\n<p style=\"text-align: justify;\">Hakkari Valisi Muammer T\u00fcrker, ak\u015fam saatlerinde DHA muhaberine telefonla yapt\u0131\u011f\u0131 a\u00e7\u0131klamada, ellerinde k\u00f6y korucusu ile birlikte 8 \u015fehit cenazesinin oldu\u011funu s\u00f6yledi.<\/p>\n<p style=\"text-align: justify;\">Vali T\u00fcrker, isim a\u00e7\u0131klamadan &#8220;Elimizde 8 \u015fehit cenazesi var. 2 cenazeye de ula\u015famad\u0131k. Cenazelerden biri Binba\u015f\u0131\u2019ya, di\u011feri de uzman \u00e7avu\u015f ait&#8221;dedi.<\/p>\n<p style=\"text-align: justify;\">Vali T\u00fcrker, \u015fehitler i\u00e7in yar\u0131n Hakkari Da\u011f ve Komando Tugay Komutanl\u0131\u011f\u0131\u2019nda da t\u00f6ren yap\u0131laca\u011f\u0131n\u0131 belirtti.<\/p>\n<p style=\"text-align: justify;\"><strong>SALDIRI NASIL OLDU?<\/strong><\/p>\n<p style=\"text-align: justify;\">Sabah saatlerinde b\u00f6lgede g\u00f6revli korucular, yola may\u0131n d\u00f6\u015fendi\u011fini fark etti. Bunun \u00fczerine Hakkari- \u00c7ukurca karayolu trafi\u011fe kapat\u0131larak, may\u0131n\u0131 imha etmek ve yol g\u00fcvenli\u011fini sa\u011flamak i\u00e7in askerler z\u0131rhl\u0131 personel ta\u015f\u0131y\u0131c\u0131larla b\u00f6lgeye sevk edildi. Ancak askeri birlik korucular\u0131n may\u0131n\u0131n bulundu\u011fu kesime daha ula\u015fmadan PKK, bu kez z\u0131rhl\u0131 ara\u00e7lara kar\u015f\u0131 kullan\u0131lan antitank may\u0131nlar\u0131 ve C- 4 patlay\u0131c\u0131lar\u0131 infilak ettirdi. Yakla\u015f\u0131k 50 kiloluk patlay\u0131c\u0131n\u0131n infilak\u0131 s\u0131ras\u0131nda konvoydaki 3 z\u0131rhl\u0131 personel ta\u015f\u0131y\u0131c\u0131 havaya u\u00e7tu. Ara\u00e7lardan biri Zap suyuna d\u00fc\u015ft\u00fc. \u00c7at\u0131\u015fman\u0131n ya\u015fand\u0131\u011f\u0131 b\u00f6lgede meydana gelen ikinci bir patlamada ise bir korucu \u015fehit oldu. Ba\u015fbakan Erdo\u011fan \u00f6\u011fleden sonra \u015fehit say\u0131s\u0131n\u0131 biri korucu dokuz ki\u015fi olarak a\u00e7\u0131klad\u0131. \u00d6\u011fleden sonraysa ac\u0131 haber geldi. Zap suyuna d\u00fc\u015fen ara\u00e7tan \u00fc\u00e7 ceset daha \u00e7\u0131kar\u0131ld\u0131. B\u00f6ylece \u015fehit say\u0131s\u0131 12&#8217;ye y\u00fckseldi.<\/p>\n<p style=\"text-align: justify;\"><a href=\"http:\/\/www.radikal.com.tr\/Radikal.aspx?aType=RadikalDetayV3&amp;ArticleID=1060278&amp;Date=18.08.2011&amp;CategoryID=77\" target=\"_blank\">Kaynak : Radikal.com.tr<\/a><\/p>\n","protected":false},"excerpt":{"rendered":"<p style=\"text-align: justify;\">\n<p style=\"text-align: justify;\">Hakkari&#8217;de askeri konvoyun ge\u00e7i\u015fi s\u0131ras\u0131nda PKK&#8217;n\u0131n \u00f6nceden yola koydu\u011fu bomban\u0131n patlamalar\u0131n biri korucu 10 g\u00fcvenlik g\u00f6revilisi \u015fehit oldu.<\/p>\n<p style=\"text-align: justify;\">HAKKAR\u0130 &#8211; \u00c7ukurca&#8217;da askeri konvoyun ge\u00e7i\u015fi s\u0131ras\u0131nda yola d\u00f6\u015fedikleri may\u0131n\u0131 infilak ettiren PKK, b\u00f6lgeye sevk edilen askerleri pusuya d\u00fc\u015f\u00fcrd\u00fc. Askerlerin kulland\u0131\u011f\u0131 &#8220;BTR&#8221; adl\u0131 z\u0131rhl\u0131 arac\u0131n ge\u00e7isi s\u0131ras\u0131nda PKK&#8217;n\u0131n d\u00f6\u015fedi\u011fi may\u0131n <\/p>\n","protected":false},"author":1,"featured_media":0,"comment_status":"open","ping_status":"open","sticky":false,"template":"","format":"standard","meta":{"footnotes":""},"categories":[105],"tags":[],"class_list":["post-38695","post","type-post","status-publish","format-standard","hentry","category-gundem","odd"],"_links":{"self":[{"href":"http:\/\/www.korhanyilmaz.com\/index.php?rest_route=\/wp\/v2\/posts\/38695","targetHints":{"allow":["GET"]}}],"collection":[{"href":"http:\/\/www.korhanyilmaz.com\/index.php?rest_route=\/wp\/v2\/posts"}],"about":[{"href":"http:\/\/www.korhanyilmaz.com\/index.php?rest_route=\/wp\/v2\/types\/post"}],"author":[{"embeddable":true,"href":"http:\/\/www.korhanyilmaz.com\/index.php?rest_route=\/wp\/v2\/users\/1"}],"replies":[{"embeddable":true,"href":"http:\/\/www.korhanyilmaz.com\/index.php?rest_route=%2Fwp%2Fv2%2Fcomments&post=38695"}],"version-history":[{"count":0,"href":"http:\/\/www.korhanyilmaz.com\/index.php?rest_route=\/wp\/v2\/posts\/38695\/revisions"}],"wp:attachment":[{"href":"http:\/\/www.korhanyilmaz.com\/index.php?rest_route=%2Fwp%2Fv2%2Fmedia&parent=38695"}],"wp:term":[{"taxonomy":"category","embeddable":true,"href":"http:\/\/www.korhanyilmaz.com\/index.php?rest_route=%2Fwp%2Fv2%2Fcategories&post=38695"},{"taxonomy":"post_tag","embeddable":true,"href":"http:\/\/www.korhanyilmaz.com\/index.php?rest_route=%2Fwp%2Fv2%2Ftags&post=38695"}],"curies":[{"name":"wp","href":"https:\/\/api.w.org\/{rel}","templated":true}]}}