{"id":38689,"date":"2011-08-16T22:16:50","date_gmt":"2011-08-16T19:16:50","guid":{"rendered":"http:\/\/www.korhanyilmaz.com\/?p=38689"},"modified":"2011-08-17T04:57:45","modified_gmt":"2011-08-17T01:57:45","slug":"fatih-altaylidan-cok-carpici-iddia","status":"publish","type":"post","link":"http:\/\/www.korhanyilmaz.com\/?p=38689","title":{"rendered":"Fatih Altayl\u0131&#8217;dan \u00e7ok \u00e7arp\u0131c\u0131 iddia"},"content":{"rendered":"<p><a href=\"http:\/\/www.korhanyilmaz.com\/wp-content\/uploads\/2011\/08\/6137.jpg\"  class=\"lightview\"><img loading=\"lazy\" decoding=\"async\" class=\"aligncenter size-full wp-image-38690\" title=\"\" src=\"http:\/\/www.korhanyilmaz.com\/wp-content\/uploads\/2011\/08\/6137.jpg\" alt=\"\" width=\"292\" height=\"224\" \/><\/a><\/p>\n<p>Habert\u00fcrk gazetesi yazar\u0131 Fatih Altayl\u0131, h\u00fck\u00fcmetin yeni d\u00f6nemdeki ter\u00f6rle m\u00fccadele stratejisiyle ilgili olarak \u00e7ok \u00e7arp\u0131c\u0131 bir iddia ortaya att\u0131. Altayl\u0131, 800 ile 1400 ki\u015finin tutuklanaca\u011f\u0131 bir listeden s\u00f6z ederken, listede DTK&#8217;l\u0131lar ile BDP&#8217;li siyaset\u00e7iler ve yemin etmeyen milletvekillerinin oldu\u011funu yazd\u0131.<!--more--><\/p>\n<p style=\"text-align: justify;\"><em>\u0130\u015fte Fatih Altayl\u0131&#8217;n\u0131n o yaz\u0131s\u0131\u00a0:<\/em><\/p>\n<p style=\"text-align: justify;\"><span style=\"text-decoration: underline;\"><strong>Ba\u015fbakan karar verdi bir kere\u00a0<\/strong><\/span><\/p>\n<p style=\"text-align: justify;\">&#8220;7 A\u011fustos g\u00fcn\u00fc \u015f\u00f6yle yazm\u0131\u015ft\u0131m, hemen hemen 10 g\u00fcn \u00f6nce:<\/p>\n<p style=\"text-align: justify;\">\u201cBa\u015fbakan Erdo\u011fan her konuda \u2018yapaca\u011f\u0131m\u2019 dedi\u011fi \u015feyi \u2018yapan\u2019 bir lider oldu. Sadece K\u00fcrt konusu bunun d\u0131\u015f\u0131nda kald\u0131. Burada ba\u015far\u0131l\u0131 olunamamas\u0131n\u0131n nedeni Erdo\u011fan de\u011fil. Sorun \u2018etnik K\u00fcrt politikas\u0131n\u0131 y\u00fcr\u00fctenlerde\u2019. Ne istediklerini isimlendiremedikleri i\u00e7in, kararl\u0131l\u0131kla \u00e7\u00f6z\u00fclecek bir noktaya var\u0131lam\u0131yor. PKK eksenli \u2018\u00e7\u00f6z\u00fcmlere\u2019 bile a\u00e7\u0131k oldu\u011funu hissettiren iktidar partisine \u2018\u00c7\u00f6z\u00fcm budur\u2019 denilemedi\u011fi i\u00e7in bir yere var\u0131lam\u0131yor. Erdo\u011fan \u2018\u00e7aresiz\u2019 b\u0131rak\u0131l\u0131yor. Erdo\u011fan zorla \u2018zor kullanmaya\u2019 y\u00f6nlendirilmek isteniyor gibi bir hava olu\u015fuyor. Sanki \u00f6rg\u00fct ya da \u00f6rg\u00fct\u00fc y\u00f6nlendirenler, h\u00fck\u00fcmeti 1990\u2019lar\u0131n ilk yar\u0131s\u0131ndaki \u2018sert\u2019 politikaya d\u00f6nmeye zorluyor. Burada korkutucu olan Erdo\u011fan gibi \u2018kararl\u0131\u2019 bir liderin bu \u2018politikaya\u2019 zorlanmas\u0131. \u00c7\u00fcnk\u00fc e\u011fer Erdo\u011fan \u2018G\u00fczellikle olmuyorsa ben bunu ba\u015fka yolla \u00e7\u00f6zerim\u2019 deme noktas\u0131na gelirse, o zaman T\u00fcrkiye \u00e7ok de\u011fi\u015fik y\u00f6nlere gider. Kimse de \u2018O g\u00fcnler ge\u00e7ti. Avrupa ve Amerika buna izin vermez\u2019 falan hesab\u0131 yapmas\u0131n. Erdo\u011fan ve T\u00fcrkiye bug\u00fcnlerde \u00f6ylesine vazge\u00e7ilmez ve \u00f6ylesine haval\u0131 ki, kimsenin g\u0131k\u0131 \u00e7\u0131kmayabilir.\u201d<\/p>\n<p style=\"text-align: justify;\">Erdo\u011fan\u2019\u0131n \u00f6nceki ak\u015fam bir iftar daveti s\u0131ras\u0131nda s\u00f6yledikleri bizi hakl\u0131 \u00e7\u0131kard\u0131.<\/p>\n<p style=\"text-align: justify;\">\u00c7\u00fcnk\u00fc Erdo\u011fan \u201ckendi gibi\u201d bir lider.<\/p>\n<p style=\"text-align: justify;\">Neye nas\u0131l tav\u0131r alaca\u011f\u0131 belli. Tutarl\u0131.<\/p>\n<p style=\"text-align: justify;\">\u015eimdi herkes \u201cRamazan bitince ne olacak?\u201d diye soruyor.<\/p>\n<p style=\"text-align: justify;\">Ben size ne olaca\u011f\u0131 konusundaki hissiyat\u0131m\u0131 s\u00f6yleyeyim.<\/p>\n<p style=\"text-align: justify;\">Yarg\u0131 devreye girecek.<\/p>\n<p style=\"text-align: justify;\">\u201cSu\u00e7 olup da su\u00e7 olmayan su\u00e7lar\u201d yine \u201csu\u00e7 olarak g\u00f6r\u00fclecek\u201d.<\/p>\n<p style=\"text-align: justify;\">\u00d6ncelikle herkesin bahsetti\u011fi 800 ila 1400 ki\u015fi aras\u0131nda de\u011fi\u015fen bir \u201ctutuklama\u201d listesi var.<\/p>\n<p style=\"text-align: justify;\">Bunlar tutuklanmaya ba\u015flayacak.<\/p>\n<p style=\"text-align: justify;\">Bu listede kimlermi var.<\/p>\n<p style=\"text-align: justify;\">Ba\u015fta Demokratik Toplum Kongresi dedikleri \u201ckerameti kendindenmenkul\u201d \u00f6rg\u00fctlenmenin \u00fcyeleri, sorumlular\u0131 ve s\u00f6zc\u00fcleri.<\/p>\n<p style=\"text-align: justify;\">Bunlar \u201c\u00f6zerklik ilan\u0131n\u0131n\u2019 arkas\u0131ndaki ki\u015filer. Bunlar toplanacak.<\/p>\n<p style=\"text-align: justify;\">Ter\u00f6r \u00f6rg\u00fct\u00fc ile ba\u011flant\u0131lar\u0131n\u0131 a\u00e7\u0131k\u00e7a belirtmekten \u00e7ekinmeyen ve hatta bununla \u00f6v\u00fcnen BDP\u2019li siyaset\u00e7iler ve hatta yemin etmeyen milletvekilleri de listede.<\/p>\n<p style=\"text-align: justify;\">\u00d6rg\u00fct\u00fcn s\u00f6zc\u00fcl\u00fc\u011f\u00fcne soyunan baz\u0131 gazetecilerin de tutuklanacaklar aras\u0131nda yer ald\u0131\u011f\u0131 s\u00f6yleniyor.<\/p>\n<p style=\"text-align: justify;\">Listenin 1400 ki\u015fiye kadar uzand\u0131\u011f\u0131 dedikodular\u0131 konu\u015fuluyor.<\/p>\n<p style=\"text-align: justify;\">Bu i\u015fin yarg\u0131 boyutu.<\/p>\n<p style=\"text-align: justify;\">Di\u011fer yandan \u00e7ok \u015fiddetli bir \u201cg\u00fcvenlik operasyonu\u201dna ba\u015flanaca\u011f\u0131 da s\u00f6yleniyor.<\/p>\n<p style=\"text-align: justify;\">Bu operasyonda ABD ve Kuzey Irak K\u00fcrt y\u00f6netiminin de deste\u011fi olmas\u0131 muhtemel. \u0130ran\u2019\u0131n kendi Kuzey Irak s\u0131n\u0131r\u0131ndaki g\u00fcvenli\u011fi art\u0131r\u0131p, s\u0131n\u0131r\u0131 tam anlam\u0131yla kontrol alt\u0131na almas\u0131 da bunun g\u00f6stergesi.<\/p>\n<p style=\"text-align: justify;\">\u0130ran\u2019\u0131n, muhtemelen ABD destekli T\u00fcrk kuvvetlerinin \u201cs\u0131cak takip\u201d gerek\u00e7esiyle kendi topraklar\u0131na girmesini engellemek ve ter\u00f6rist gruplar\u0131n \u0130ran s\u0131n\u0131r\u0131n\u0131 a\u015fmas\u0131na izin vermemek i\u00e7in s\u0131n\u0131r g\u00fcvenli\u011fini art\u0131rd\u0131\u011f\u0131n\u0131 \u00f6ng\u00f6rmek m\u00fcmk\u00fcn.<\/p>\n<p style=\"text-align: justify;\">B\u00fct\u00fcn bu olup bitecekler s\u0131ras\u0131nda Bat\u0131\u2019n\u0131n tavr\u0131na g\u00fcvenenler varsa onlar da yanl\u0131\u015f hesap i\u00e7inde.<\/p>\n<p style=\"text-align: justify;\">\u00c7\u00fcnk\u00fc Bat\u0131, T\u00fcrkiye\u2019nin bu meselede att\u0131\u011f\u0131 ad\u0131mlar\u0131 \u00e7ok olumlu buluyor ve destekliyordu.<\/p>\n<p style=\"text-align: justify;\">T\u00fcrkiye\u2019de demokrasinin ve \u00f6zg\u00fcrl\u00fcklerin geni\u015fledi\u011fini d\u00fc\u015f\u00fcn\u00fcyor.<\/p>\n<p style=\"text-align: justify;\">Bu y\u00fczden de \u201c\u015f\u0131mar\u0131k\u00e7a ilan edilmi\u015f\u201d bir \u00f6zerkli\u011fin, kabul edilemez oldu\u011funun onlar da fark\u0131nda.<\/p>\n<p style=\"text-align: justify;\">Fark\u0131nda olup olmamalar\u0131 da \u00e7ok \u00f6nemli de\u011fil. T\u00fcrkiye g\u00fc\u00e7l\u00fc ve Bat\u0131 kendi dertleriyle daha me\u015fgul.<\/p>\n<p style=\"text-align: justify;\">T\u00fcrk liberal ayd\u0131nlar\u0131n\u0131n ve akl\u0131 ba\u015f\u0131nda K\u00fcrtlerin de \u201cK\u00fcrt fa\u015fistlerine destek vermesi\u201d pek m\u00fcmk\u00fcn g\u00f6r\u00fclm\u00fcyor bu saatten sonra.<\/p>\n<p style=\"text-align: justify;\">Ke\u015fke bunlara gerek kalmasayd\u0131 diyor insan ama sadece kendi kendine.<\/p>\n<p style=\"text-align: justify;\">\u00c7\u00fcnk\u00fc duyan yok.<\/p>\n<p style=\"text-align: justify;\"><a href=\"http:\/\/www.cnnturk.com\/2011\/yasam\/diger\/08\/16\/fatih.altaylidan.cok.carpici.iddia\/626331.0\/index.html\" target=\"_blank\">Kaynak : CNN T\u00dcRK<\/a><\/p>\n","protected":false},"excerpt":{"rendered":"<\/p>\n<p>Habert\u00fcrk gazetesi yazar\u0131 Fatih Altayl\u0131, h\u00fck\u00fcmetin yeni d\u00f6nemdeki ter\u00f6rle m\u00fccadele stratejisiyle ilgili olarak \u00e7ok \u00e7arp\u0131c\u0131 bir iddia ortaya att\u0131. Altayl\u0131, 800 ile 1400 ki\u015finin tutuklanaca\u011f\u0131 bir listeden s\u00f6z ederken, listede DTK&#8217;l\u0131lar ile BDP&#8217;li siyaset\u00e7iler ve yemin etmeyen milletvekillerinin oldu\u011funu yazd\u0131.<\/p>\n","protected":false},"author":1,"featured_media":0,"comment_status":"open","ping_status":"open","sticky":false,"template":"","format":"standard","meta":{"footnotes":""},"categories":[105],"tags":[],"class_list":["post-38689","post","type-post","status-publish","format-standard","hentry","category-gundem","odd"],"_links":{"self":[{"href":"http:\/\/www.korhanyilmaz.com\/index.php?rest_route=\/wp\/v2\/posts\/38689","targetHints":{"allow":["GET"]}}],"collection":[{"href":"http:\/\/www.korhanyilmaz.com\/index.php?rest_route=\/wp\/v2\/posts"}],"about":[{"href":"http:\/\/www.korhanyilmaz.com\/index.php?rest_route=\/wp\/v2\/types\/post"}],"author":[{"embeddable":true,"href":"http:\/\/www.korhanyilmaz.com\/index.php?rest_route=\/wp\/v2\/users\/1"}],"replies":[{"embeddable":true,"href":"http:\/\/www.korhanyilmaz.com\/index.php?rest_route=%2Fwp%2Fv2%2Fcomments&post=38689"}],"version-history":[{"count":0,"href":"http:\/\/www.korhanyilmaz.com\/index.php?rest_route=\/wp\/v2\/posts\/38689\/revisions"}],"wp:attachment":[{"href":"http:\/\/www.korhanyilmaz.com\/index.php?rest_route=%2Fwp%2Fv2%2Fmedia&parent=38689"}],"wp:term":[{"taxonomy":"category","embeddable":true,"href":"http:\/\/www.korhanyilmaz.com\/index.php?rest_route=%2Fwp%2Fv2%2Fcategories&post=38689"},{"taxonomy":"post_tag","embeddable":true,"href":"http:\/\/www.korhanyilmaz.com\/index.php?rest_route=%2Fwp%2Fv2%2Ftags&post=38689"}],"curies":[{"name":"wp","href":"https:\/\/api.w.org\/{rel}","templated":true}]}}