{"id":38680,"date":"2011-08-16T16:02:19","date_gmt":"2011-08-16T13:02:19","guid":{"rendered":"http:\/\/www.korhanyilmaz.com\/?p=38680"},"modified":"2011-08-16T21:41:24","modified_gmt":"2011-08-16T18:41:24","slug":"uc-buyuklerin-hisselerini-kim-aldi","status":"publish","type":"post","link":"http:\/\/www.korhanyilmaz.com\/?p=38680","title":{"rendered":"\u00dc\u00e7 b\u00fcy\u00fcklerin hisselerini kim ald\u0131?"},"content":{"rendered":"<p style=\"text-align: center;\"><a href=\"http:\/\/www.korhanyilmaz.com\/wp-content\/uploads\/2011\/08\/61331.jpg\"  class=\"lightview\"><img loading=\"lazy\" decoding=\"async\" class=\"aligncenter size-full wp-image-38681\" src=\"http:\/\/www.korhanyilmaz.com\/wp-content\/uploads\/2011\/08\/61331.jpg\" alt=\"\" width=\"307\" height=\"236\" \/><\/a><\/p>\n<p style=\"text-align: justify;\">CHP Grup Ba\u015fkanvekili Muharrem \u0130nce, &#8217;10 A\u011fustos&#8217;tan \u00f6nce ve sonra \u00fc\u00e7 b\u00fcy\u00fck kul\u00fcb\u00fcn k\u00e2\u011f\u0131tlar\u0131n\u0131 kimler ald\u0131? Futbol federasyonuna yak\u0131n, onlar\u0131n ailelerine yak\u0131n isimler var m\u0131? As\u0131l \u015fike burada&#8217; dedi.<\/p>\n<p style=\"text-align: justify;\">ANKARA &#8211; \u0130nce, \u015eike soru\u015fturmas\u0131n\u0131n ba\u015flamas\u0131ndan sonra Fenerbah\u00e7e, Galatasaray ve Be\u015fikta\u015f&#8217;\u0131n hisselerinin en d\u00fc\u015f\u00fck seviyede bulundu\u011funu bug\u00fcn ise y\u00fckseldi\u011fini belirterek, &#8221;SPK&#8217;y\u0131 g\u00f6reve davet ediyorum.<!--more--><\/p>\n<p style=\"text-align: justify;\">10 A\u011fustos&#8217;tan \u00f6nce ve sonra bu tak\u0131mlar\u0131n k\u00e2\u011f\u0131tlar\u0131n\u0131 kimler ald\u0131? Futbol Federasyonuna yak\u0131n, onlar\u0131n ailelerine yak\u0131n isimler var m\u0131? As\u0131l \u015fike burada. Yani \u015fikenin \u015fikesi var. Ligleri ertelenmesi bu sonucu do\u011furdu. Neden ligler bir ay ertelendi? SPK&#8217;n\u0131n do\u011fal g\u00f6revidir. Burada keriz mi silkelendi? Kimler k\u00f6\u015feyi d\u00f6nd\u00fc, kimler bire iki kazand\u0131?&#8221; diye konu\u015ftu.<\/p>\n<p style=\"text-align: justify;\"><strong>\u2018\u0130HALE ALANLA ALMAYAN B\u0130R OLUR MU?\u2019<\/strong><\/p>\n<p style=\"text-align: justify;\">Daha sonra gazetecilerin sorular\u0131n\u0131 yan\u0131tlayan \u0130nce, \u00c7evre ve \u015eehircilik Bakan\u0131 Erdo\u011fan Bayraktar&#8217;\u0131n &#8221;Hi\u00e7 oy verenle vermeyen bir olur mu?&#8221; s\u00f6z\u00fcn\u00fc nas\u0131l de\u011ferlendirdi\u011fi sorusuna, &#8221;(Bize oy vermeyenler patates dinindendir) diyordu, bunlar\u0131n hocalar\u0131. Bu da onun torunu, talebesi. Bunu demesi \u00e7ok normal. Ben de Erdo\u011fan Bayraktar&#8217;a \u015funu s\u00f6yl\u00fcyorum; Hi\u00e7 TOK\u0130&#8217;den ihale alanla almayan bir olur mu?&#8221; kar\u015f\u0131l\u0131\u011f\u0131n\u0131 verdi.<\/p>\n<p style=\"text-align: justify;\">\u0130nce, K\u0131z\u0131lay Ba\u015fkan\u0131&#8217;n\u0131n &#8221;Kemal K\u0131l\u0131\u00e7daro\u011flu ile temasa ge\u00e7ti\u011fi i\u00e7in istifa ettirildi\u011fi&#8221; \u015feklindeki haberleri ise, &#8221;Say\u0131n Genel Ba\u015fkan&#8217;\u0131n Somali&#8217;ye gidi\u015fiyle ilgili D\u0131\u015fi\u015flerine g\u00f6r\u00fc\u015f soruldu. Bakt\u0131k ki sonra Say\u0131n Ba\u015fbakan da Somali&#8217;ye gidiyormu\u015f. Yani bir g\u00f6rev \u00e7al\u0131nmas\u0131 s\u00f6z konusu. Ayr\u0131nt\u0131lar\u0131 bilmiyoruz ama olas\u0131l\u0131k d\u00e2hilinde. Art\u0131k muhalefetle bile konu\u015fmak su\u00e7&#8221; diye de\u011ferlendirdi.<\/p>\n<p style=\"text-align: justify;\"><strong>\u2018TAK D\u0130YE S\u00d6YL\u00dcYORLAR \u015eAK D\u0130YE YAPIYOR\u2019<\/strong><\/p>\n<p style=\"text-align: justify;\">&#8221;Valilere s\u00fcper yetki getirilmesiyle&#8221; ilgili haberlerin sorulmas\u0131 \u00fczerine \u0130nce, &#8221;Valilik diye bir kurum kalmad\u0131 T\u00fcrkiye&#8217;de. Devlet y\u00f6netiminin gelenekleri, genleri bozuldu. Bunlar, Tayyip Erdo\u011fan&#8217;\u0131n il ba\u015fkanlar\u0131d\u0131r. Valiler onun emir eri konumunda&#8221; dedi.<\/p>\n<p style=\"text-align: justify;\">\u0130nce, Ramazan sonras\u0131nda s\u0131n\u0131r \u00f6tesi operasyona nas\u0131l bakacaklar\u0131 y\u00f6n\u00fcndeki soruya da &#8221;T\u00fcrkiye, ABD&#8217;nin ve di\u011fer bat\u0131l\u0131 g\u00fc\u00e7lerin ta\u015feronu konumundad\u0131r. Bat\u0131l\u0131 g\u00fc\u00e7ler ne derse T\u00fcrk h\u00fck\u00fcmeti onu yapar. Ramazan nedeniyle PKK&#8217;ya ho\u015fg\u00f6r\u00fc&#8230; Libya&#8217;y\u0131 bombal\u0131yor NATO. Oradakiler M\u00fcsl\u00fcman de\u011fil mi? O NATO g\u00fc\u00e7lerinin i\u00e7inde T\u00fcrk askeri yok mu? Jandarmal\u0131\u011fa soyunmu\u015f bir T\u00fcrkiye var. Tak diye s\u00f6yl\u00fcyorlar \u015fak diye yap\u0131yor Say\u0131n Ba\u015fbakan&#8221; \u015feklinde yan\u0131tlad\u0131.<\/p>\n<p style=\"text-align: justify;\"><a href=\"http:\/\/www.ntvmsnbc.com\/id\/25241883\/\" target=\"_blank\">Kaynak : NTVMSNBC<\/a><\/p>\n","protected":false},"excerpt":{"rendered":"<p style=\"text-align: center;\">\n<p style=\"text-align: justify;\">CHP Grup Ba\u015fkanvekili Muharrem \u0130nce, &#8217;10 A\u011fustos&#8217;tan \u00f6nce ve sonra \u00fc\u00e7 b\u00fcy\u00fck kul\u00fcb\u00fcn k\u00e2\u011f\u0131tlar\u0131n\u0131 kimler ald\u0131? Futbol federasyonuna yak\u0131n, onlar\u0131n ailelerine yak\u0131n isimler var m\u0131? As\u0131l \u015fike burada&#8217; dedi.<\/p>\n<p style=\"text-align: justify;\">ANKARA &#8211; \u0130nce, \u015eike soru\u015fturmas\u0131n\u0131n ba\u015flamas\u0131ndan sonra Fenerbah\u00e7e, Galatasaray ve Be\u015fikta\u015f&#8217;\u0131n hisselerinin en d\u00fc\u015f\u00fck seviyede bulundu\u011funu bug\u00fcn ise y\u00fckseldi\u011fini <\/p>\n","protected":false},"author":1,"featured_media":0,"comment_status":"open","ping_status":"open","sticky":false,"template":"","format":"standard","meta":{"footnotes":""},"categories":[105],"tags":[],"class_list":["post-38680","post","type-post","status-publish","format-standard","hentry","category-gundem","odd"],"_links":{"self":[{"href":"http:\/\/www.korhanyilmaz.com\/index.php?rest_route=\/wp\/v2\/posts\/38680","targetHints":{"allow":["GET"]}}],"collection":[{"href":"http:\/\/www.korhanyilmaz.com\/index.php?rest_route=\/wp\/v2\/posts"}],"about":[{"href":"http:\/\/www.korhanyilmaz.com\/index.php?rest_route=\/wp\/v2\/types\/post"}],"author":[{"embeddable":true,"href":"http:\/\/www.korhanyilmaz.com\/index.php?rest_route=\/wp\/v2\/users\/1"}],"replies":[{"embeddable":true,"href":"http:\/\/www.korhanyilmaz.com\/index.php?rest_route=%2Fwp%2Fv2%2Fcomments&post=38680"}],"version-history":[{"count":0,"href":"http:\/\/www.korhanyilmaz.com\/index.php?rest_route=\/wp\/v2\/posts\/38680\/revisions"}],"wp:attachment":[{"href":"http:\/\/www.korhanyilmaz.com\/index.php?rest_route=%2Fwp%2Fv2%2Fmedia&parent=38680"}],"wp:term":[{"taxonomy":"category","embeddable":true,"href":"http:\/\/www.korhanyilmaz.com\/index.php?rest_route=%2Fwp%2Fv2%2Fcategories&post=38680"},{"taxonomy":"post_tag","embeddable":true,"href":"http:\/\/www.korhanyilmaz.com\/index.php?rest_route=%2Fwp%2Fv2%2Ftags&post=38680"}],"curies":[{"name":"wp","href":"https:\/\/api.w.org\/{rel}","templated":true}]}}