{"id":38676,"date":"2011-08-16T18:36:02","date_gmt":"2011-08-16T15:36:02","guid":{"rendered":"http:\/\/www.korhanyilmaz.com\/?p=38676"},"modified":"2011-08-16T18:36:02","modified_gmt":"2011-08-16T15:36:02","slug":"dokuz-eylul-universitesinde-skandal","status":"publish","type":"post","link":"http:\/\/www.korhanyilmaz.com\/?p=38676","title":{"rendered":"Dokuz Eyl\u00fcl \u00dcniversitesi&#8217;nde skandal"},"content":{"rendered":"<p style=\"text-align: center;\"><a href=\"http:\/\/www.korhanyilmaz.com\/wp-content\/uploads\/2011\/08\/6135.jpg\"  class=\"lightview\"><img loading=\"lazy\" decoding=\"async\" class=\"aligncenter size-full wp-image-38677\" src=\"http:\/\/www.korhanyilmaz.com\/wp-content\/uploads\/2011\/08\/6135.jpg\" alt=\"\" width=\"345\" height=\"266\" \/><\/a><\/p>\n<p style=\"text-align: justify;\">\u0130zmir&#8217;deki Dokuz Eyl\u00fcl \u00dcniversitesi&#8217;nin yemekhanelerinde birka\u00e7 ay \u00f6nce personele, \u00f6\u011frencilere ve kre\u015f \u00e7ocuklar\u0131na at etinden d\u00f6ner servisi yap\u0131ld\u0131\u011f\u0131 ortaya \u00e7\u0131kt\u0131. Ta\u015feronla s\u00f6zle\u015fmeyi iptal eden Rekt\u00f6rl\u00fck, savc\u0131l\u0131\u011fa su\u00e7 duyurusunda bulundu.<\/p>\n<p style=\"text-align: justify;\">Bir grup SES \u0130zmir \u015eubesi \u00fcyesi, Dokuz Eyl\u00fcl \u00dcniversitesi Hastanesi \u00f6n\u00fcnde topland\u0131.\u00a0<!--more--><\/p>\n<p style=\"text-align: justify;\">Hastanenin kendi yemekhanesi d\u0131\u015f\u0131ndaki, ta\u015feronun i\u015fletti\u011fi Dokuz Eyl\u00fcl \u00dcniversitesi&#8217;nin kre\u015f dahil t\u00fcm yemekhanelerinde birka\u00e7 ay \u00f6nce, \u00e7al\u0131\u015fanlara, \u00f6\u011frencilere, personele at eti yedirilmesini protesto etti.<\/p>\n<p style=\"text-align: justify;\">\u015eube Ba\u015fkan\u0131 Dr. Veli Atanur, \u00fcniversite yemekhanelerinde i\u00e7inde at eti bulunan d\u00f6nerin servis edilmesinin, temel ya\u015fam hakk\u0131 olan sa\u011fl\u0131kl\u0131 beslenme hakk\u0131n\u0131n ayaklar alt\u0131na al\u0131nd\u0131\u011f\u0131 ger\u00e7e\u011fini ortaya koydu\u011funu \u00f6ne s\u00fcrd\u00fc.<\/p>\n<p style=\"text-align: justify;\">Beslenme hizmetlerinin ta\u015feronla\u015ft\u0131r\u0131lmas\u0131yla, g\u0131da \u00fcr\u00fcnlerinin denetimsizli\u011finin ac\u0131 sonu\u00e7lar\u0131n\u0131n ya\u015fand\u0131\u011f\u0131n\u0131 belirten Dr. Atanur, sistemi ele\u015ftirdi, h\u00fck\u00fcmetinin uygulamalar\u0131na tepki g\u00f6sterdi.<\/p>\n<p style=\"text-align: justify;\">Atanur \u015funlar\u0131 s\u00f6yledi: &#8220;\u0130nsan sa\u011fl\u0131\u011f\u0131n\u0131 tehdit eden bu duruma yetkili kurumlarca g\u0131da \u00fcr\u00fcnlerinin denetlenmemesi ve sa\u011fl\u0131kl\u0131 beslenme hakk\u0131n\u0131n hizmet al\u0131m\u0131 ad\u0131 alt\u0131nda ta\u015feron firmalara ihale edilmesi neden olmu\u015ftur. G\u0131da \u00fcr\u00fcnlerinin her t\u00fcrl\u00fc denetiminin Tar\u0131m ve K\u00f6yi\u015fleri Bakanl\u0131\u011f\u0131&#8217;na devredilmesi, Sa\u011fl\u0131k Bakanl\u0131\u011f\u0131&#8217;n\u0131n siyasal gerek\u00e7elerle bu alandan tamamen elini \u00e7ekmesi, AKP eli ile ger\u00e7ekle\u015ftirilmi\u015ftir.<\/p>\n<p style=\"text-align: justify;\">\u015eimdilerde ad\u0131 Tar\u0131m G\u0131da ve Hayvanc\u0131l\u0131k Bakanl\u0131\u011f\u0131 olarak an\u0131lan kurum adeta kendisine yap\u0131lan numune ba\u015fvurular\u0131n\u0131 de\u011ferlendiren, yetersiz personel gerek\u00e7esi ile saha denetimini tamamen bo\u015f b\u0131rakan i\u015flevsiz bir kurum haline gelmi\u015ftir.<\/p>\n<p style=\"text-align: justify;\">Bilindi\u011fi \u00fczere ge\u00e7mi\u015fte koruyucu sa\u011fl\u0131k hizmeti olan g\u0131da denetimi sahada \u00e7evre sa\u011fl\u0131k teknisyenleri eliyle birinci basamak sa\u011fl\u0131k kurulu\u015fu olan sa\u011fl\u0131k ocaklar\u0131n\u0131n Tar\u0131m \u0130l M\u00fcd\u00fcrl\u00fckleri ile uyumlu \u00e7al\u0131\u015fmas\u0131 sonucu y\u00fcr\u00fct\u00fclmekte idi. Sa\u011fl\u0131kta y\u0131k\u0131m program\u0131n\u0131n par\u00e7as\u0131 olarak sa\u011fl\u0131k ocaklar\u0131n\u0131n Sa\u011fl\u0131k Bakanl\u0131\u011f\u0131&#8217;nca tasfiyesi sonucu bu i\u015fbirli\u011fi ortadan kalkm\u0131\u015f ve ne yaz\u0131k ki sa\u011fl\u0131kl\u0131 beslenme hakk\u0131 da tehlikeye d\u00fc\u015fm\u00fc\u015ft\u00fcr.<\/p>\n<p style=\"text-align: justify;\">K\u00f6kl\u00fc bir \u00fcniversitemiz olan Dokuz Eyl\u00fcl \u00dcniversitesi&#8217;nde ya\u015fanan at eti skandal\u0131ndan sonra sokaklarda iki liraya yedi\u011fimiz yar\u0131m ekmek aras\u0131 d\u00f6nerlerin etinin ne eti oldu\u011funu bu sorumsuz uygulamalar nedeni ile d\u00fc\u015f\u00fcnmeye bile gerek kalmam\u0131\u015ft\u0131r.&#8221;<\/p>\n<p style=\"text-align: justify;\"><strong>Su\u00e7 duyurusunda bulunuldu\u00a0<\/strong><\/p>\n<p style=\"text-align: justify;\">Dr. Atanur, kamusal sa\u011fl\u0131k hizmetlerinde ya\u015fanan tasfiyenin insan sa\u011fl\u0131\u011f\u0131 a\u00e7\u0131s\u0131ndan kritik \u00f6neme sahip g\u0131da t\u00fcketimi alan\u0131nda da ya\u015fand\u0131\u011f\u0131n\u0131 s\u00f6yledi.<\/p>\n<p style=\"text-align: justify;\">Atanur, maliyet hesab\u0131 yapan ta\u015feron \u015firketlere kamusal alan\u0131n a\u00e7\u0131lmas\u0131yla, d\u00fc\u015f\u00fck maliyetli, kalitesiz, denetim \u015fans\u0131 olmayan g\u0131dalarla sa\u011fl\u0131kl\u0131 beslenmenin risk alt\u0131na al\u0131nd\u0131\u011f\u0131n\u0131 kaydetti.<\/p>\n<p style=\"text-align: justify;\">Atanur, &#8220;Sorumsuz h\u00fck\u00fcmetin ve ilgili bakanl\u0131klar\u0131n tutumlar\u0131n\u0131n aksine Dokuz Eyl\u00fcl \u00dcniversitesi Rekt\u00f6rl\u00fc\u011f\u00fc&#8217;n\u00fcn sorunu a\u00e7\u0131\u011fa \u00e7\u0131karma gayreti ve sorumlu davran\u0131\u015f\u0131 t\u00fcm bu olumsuzluklar i\u00e7inde umut vericidir. Ama t\u00fcm olumlu \u00e7abalar\u0131na ra\u011fmen bu sorunu kamuoyu ve yetkili sendika SES ile payla\u015fmamas\u0131 da bir eksikliktir&#8221; diye konu\u015ftu.<\/p>\n<p style=\"text-align: justify;\">\u00d6te yandan, at etinden d\u00f6nerin o g\u00fcn servis edilen tabldot \u00f6rneklerindenden yap\u0131lan analiz sonucunda ortaya \u00e7\u0131kt\u0131\u011f\u0131, Rekt\u00f6rl\u00fc\u011f\u00fcn hemen devreye girerek savc\u0131l\u0131\u011fa su\u00e7 duyurusunda bulundu\u011fu ve firmayla da s\u00f6zle\u015fmesini iptal etti\u011fi belirtildi.<\/p>\n<p style=\"text-align: justify;\"><a href=\"http:\/\/www.cnnturk.com\/2011\/turkiye\/08\/16\/dokuz.eylul.universitesinde.skandal\/626317.0\/index.html\" target=\"_blank\">Kaynak : CNN T\u00dcRK<\/a><\/p>\n","protected":false},"excerpt":{"rendered":"<p style=\"text-align: center;\">\n<p style=\"text-align: justify;\">\u0130zmir&#8217;deki Dokuz Eyl\u00fcl \u00dcniversitesi&#8217;nin yemekhanelerinde birka\u00e7 ay \u00f6nce personele, \u00f6\u011frencilere ve kre\u015f \u00e7ocuklar\u0131na at etinden d\u00f6ner servisi yap\u0131ld\u0131\u011f\u0131 ortaya \u00e7\u0131kt\u0131. Ta\u015feronla s\u00f6zle\u015fmeyi iptal eden Rekt\u00f6rl\u00fck, savc\u0131l\u0131\u011fa su\u00e7 duyurusunda bulundu.<\/p>\n<p style=\"text-align: justify;\">Bir grup SES \u0130zmir \u015eubesi \u00fcyesi, Dokuz Eyl\u00fcl \u00dcniversitesi Hastanesi \u00f6n\u00fcnde topland\u0131. <\/p>\n","protected":false},"author":1,"featured_media":0,"comment_status":"open","ping_status":"open","sticky":false,"template":"","format":"standard","meta":{"footnotes":""},"categories":[105],"tags":[],"class_list":["post-38676","post","type-post","status-publish","format-standard","hentry","category-gundem","odd"],"_links":{"self":[{"href":"http:\/\/www.korhanyilmaz.com\/index.php?rest_route=\/wp\/v2\/posts\/38676","targetHints":{"allow":["GET"]}}],"collection":[{"href":"http:\/\/www.korhanyilmaz.com\/index.php?rest_route=\/wp\/v2\/posts"}],"about":[{"href":"http:\/\/www.korhanyilmaz.com\/index.php?rest_route=\/wp\/v2\/types\/post"}],"author":[{"embeddable":true,"href":"http:\/\/www.korhanyilmaz.com\/index.php?rest_route=\/wp\/v2\/users\/1"}],"replies":[{"embeddable":true,"href":"http:\/\/www.korhanyilmaz.com\/index.php?rest_route=%2Fwp%2Fv2%2Fcomments&post=38676"}],"version-history":[{"count":0,"href":"http:\/\/www.korhanyilmaz.com\/index.php?rest_route=\/wp\/v2\/posts\/38676\/revisions"}],"wp:attachment":[{"href":"http:\/\/www.korhanyilmaz.com\/index.php?rest_route=%2Fwp%2Fv2%2Fmedia&parent=38676"}],"wp:term":[{"taxonomy":"category","embeddable":true,"href":"http:\/\/www.korhanyilmaz.com\/index.php?rest_route=%2Fwp%2Fv2%2Fcategories&post=38676"},{"taxonomy":"post_tag","embeddable":true,"href":"http:\/\/www.korhanyilmaz.com\/index.php?rest_route=%2Fwp%2Fv2%2Ftags&post=38676"}],"curies":[{"name":"wp","href":"https:\/\/api.w.org\/{rel}","templated":true}]}}