{"id":38620,"date":"2011-08-15T22:18:08","date_gmt":"2011-08-15T19:18:08","guid":{"rendered":"http:\/\/www.korhanyilmaz.com\/?p=38620"},"modified":"2011-08-16T00:22:16","modified_gmt":"2011-08-15T21:22:16","slug":"turkiyeden-suriyeye-cok-net-uyari","status":"publish","type":"post","link":"http:\/\/www.korhanyilmaz.com\/?p=38620","title":{"rendered":"T\u00fcrkiye&#8217;den Suriye&#8217;ye \u00e7ok net uyar\u0131"},"content":{"rendered":"<p style=\"text-align: justify;\"><a href=\"http:\/\/www.korhanyilmaz.com\/wp-content\/uploads\/2011\/08\/6131.jpg\"  class=\"lightview\"><img loading=\"lazy\" decoding=\"async\" class=\"aligncenter size-full wp-image-38622\" title=\"\" src=\"http:\/\/www.korhanyilmaz.com\/wp-content\/uploads\/2011\/08\/6131.jpg\" alt=\"\" width=\"349\" height=\"213\" \/><\/a><\/p>\n<p style=\"text-align: justify;\">D\u0131\u015f i\u015fleri Bakan\u0131 Ahmet Davuto\u011flu, Suriye y\u00f6netiminden sivil halkta kay\u0131plara yol a\u00e7an operasyonlar\u0131n\u0131 derhal durdurmas\u0131n\u0131 talep ederek, e\u011fer operasyonlar durmazsa bundan sonra bu s\u00fcre\u00e7te at\u0131lacak ad\u0131mlar konusunda konu\u015fulacak bir \u015fey kalmayaca\u011f\u0131n\u0131 bildirdi.<\/p>\n<p style=\"text-align: justify;\">Bakan Davuto\u011flu, D\u0131\u015fi\u015fleri Bakanl\u0131\u011f\u0131nda yapt\u0131\u011f\u0131 k\u0131sa a\u00e7\u0131klamada, Suriye&#8217;deki son geli\u015fmelerle ilgili de\u011ferlendirmelerde bulundu.\u00a0<!--more--><\/p>\n<p style=\"text-align: justify;\">Per\u015fembe ak\u015fam\u0131ndan bu yana Suriye y\u00f6netiminin operasyonlar\u0131n\u0131n yo\u011funla\u015ft\u0131\u011f\u0131na dikkati \u00e7eken Davuto\u011flu, o g\u00fcnden bu yana Suriye y\u00f6netimi ile her d\u00fczeyde temasta bulunduklar\u0131n\u0131 ve operasyonlar\u0131n durdurulmas\u0131n\u0131 talep ettiklerini kaydetti.<\/p>\n<p style=\"text-align: justify;\">&#8220;Sa\u011fl\u0131kl\u0131 bir \u015fekilde bir s\u00fcrecin i\u015flemesi i\u00e7in her \u015feyden \u00f6nce akan kan\u0131n durmas\u0131 laz\u0131m&#8221; diyen Davuto\u011flu, Lazkiye&#8217;de ve di\u011fer \u015fehirlerde ya\u015fananlar\u0131n i\u00e7 i\u015fleri olarak g\u00f6r\u00fclmesinin s\u00f6z konusu olamayaca\u011f\u0131n\u0131 ve mazur g\u00f6r\u00fclemeyece\u011fini bildirdi.<\/p>\n<p style=\"text-align: justify;\">Esad&#8217;la \u00fczerinde konu\u015ftuklar\u0131 baz\u0131 konularda Suriye&#8217;nin ilk 2 g\u00fcn i\u00e7inde baz\u0131 ad\u0131mlar\u0131 att\u0131\u011f\u0131n\u0131 belirten Davuto\u011flu, bu ad\u0131mlar\u0131n Hama&#8217;dan tanklar\u0131n \u00e7ekilmesi ve Hama&#8217;n\u0131n T\u00fcrkiye&#8217;nin \u015eam b\u00fcy\u00fckel\u00e7isine ve ulusal ve uluslararas\u0131 medyaya a\u00e7\u0131lmas\u0131 oldu\u011funu kaydetti.<\/p>\n<p style=\"text-align: justify;\">\u00a0Davuto\u011flu, \u015f\u00f6yle konu\u015ftu: &#8220;Ancak, daha sonra, \u00f6zellikle per\u015fembe ak\u015fam\u0131ndan ba\u015flamak \u00fczere bug\u00fcne kadar, maalesef operasyonlar\u0131n durdurulmas\u0131 bir yana, yo\u011funla\u015fmas\u0131 ve yayg\u0131nla\u015fmas\u0131 s\u00f6z konusu olmu\u015ftur. Biz per\u015fembe ak\u015fam\u0131ndan \u015fu ana kadar Suriye y\u00f6netimine, her d\u00fczeyde, her d\u00fczeyde, alt\u0131n\u0131 \u00e7izerek s\u00f6yl\u00fcyorum, temaslarda bulunarak bu operasyonlar\u0131n bir an \u00f6nce durdurulmas\u0131 i\u00e7in taleplerimizi tekrarlad\u0131k. Beklentilerimizi bir kez daha vurgulad\u0131k. \u00c7\u00fcnk\u00fc sa\u011fl\u0131kl\u0131 bir \u015fekilde bu s\u00fcrecin i\u015flemesi i\u00e7in her \u015feyden \u00f6nce akan kan\u0131n durmas\u0131 laz\u0131m. Ne Deir Ez Zor da ne d\u00fcn ve bug\u00fcn Lazkiye&#8217;de ya\u015fananlar mazur g\u00f6r\u00fclemez.&#8221;<\/p>\n<p style=\"text-align: justify;\"><strong>&#8220;Konu\u015facak bir \u015fey kalmaz&#8221;<\/strong><\/p>\n<p style=\"text-align: justify;\">Ya\u015fananlar\u0131n, insan haklar\u0131 ba\u011flam\u0131nda Suriye&#8217;nin i\u00e7i\u015fleri olarak g\u00f6r\u00fclemeyece\u011fine i\u015faret eden Davuto\u011flu, &#8220;Biz bug\u00fcn, Suriye y\u00f6netimine buradan bir kez daha seslenmek istiyoruz: Sivil halka y\u00f6nelik olan ve b\u00fcy\u00fck \u015fehirlerde ve \u015fehirlerin i\u00e7inde yo\u011funla\u015fan bu operasyonlar derhal durdurulmal\u0131d\u0131r. Askeri mevcudiyet \u015fehirlerden \u00e7ekilmeli ve hayat bu anlamda normale d\u00f6nmelidir. E\u011fer operasyonlar durmazsa, bundan sonra bu s\u00fcre\u00e7 \u00fczerinde at\u0131lacak ad\u0131mlar konusunda konu\u015fulacak bir \u015fey de kalmaz&#8221; dedi.<\/p>\n<p style=\"text-align: justify;\">Operasyonlar\u0131n derhal durmas\u0131n\u0131 beklediklerini ifade den Davuto\u011flu, &#8220;Suriye halk\u0131na da mesaj\u0131m\u0131z \u015fudur: Hakl\u0131 demokratik talepleri konusunda T\u00fcrkiye sadece Suriye halk\u0131n\u0131n de\u011fil, M\u0131s\u0131r, Tunus, Libya halk\u0131n\u0131n nas\u0131l yan\u0131nda olduysa, Suriye halk\u0131n\u0131n da yan\u0131nda olmu\u015ftur. Bu ilkesel bir pozisyondur. Bu pozisyonumuzda herhangi bir de\u011fi\u015fiklik s\u00f6z konusu de\u011fildir. Ortado\u011fu&#8217;da bu konudaki taleplerin yan\u0131nda durmaya devam edece\u011fiz. Bu talepleri bar\u0131\u015f\u00e7\u0131l yollarla g\u00fcndeme getirmelerini ve bu taleplerin ger\u00e7ekle\u015fmesi konusunda da T\u00fcrkiye&#8217;nin yanlar\u0131nda oldu\u011funu bir kez daha bilmelerini istiyorum&#8221; diye konu\u015ftu.<\/p>\n<p style=\"text-align: justify;\">Davuto\u011flu, b\u00f6lgesel olarak da \u00e7abalar\u0131n\u0131n s\u00fcrd\u00fc\u011f\u00fcn\u00fc kaydederek, &#8220;\u00dcmidimiz, bu sesimize kulak verilir ve operasyonlar biran \u00f6nce derhal durdurulur ve Suriye&#8217;de, halk\u0131n taleplerini kar\u015f\u0131layacak bir s\u00fcre\u00e7 ba\u015flar ve ileri a\u015famalara getirilir. Bizim nihai olarak s\u00f6z\u00fcm\u00fcz budur. \u015eu an itibariyle, Suriye y\u00f6netiminden beklentimiz her\u015feyden \u00f6nce sivil kay\u0131plara yol a\u00e7an bu operasyonlar\u0131n derhal ve hi\u00e7bir \u015fart \u00f6ne s\u00fcr\u00fclmeksizin durdurulmas\u0131d\u0131r. Bunun, gerek kamuoyumuzca gerek dost Suriye halk\u0131nca gerekse uluslararas\u0131 kamuoyunca bilinmesinde fayda m\u00fclahaza ettik&#8221; dedi.<\/p>\n<p style=\"text-align: justify;\"><a href=\"http:\/\/www.cnnturk.com\/2011\/turkiye\/08\/15\/turkiyeden.suriyeye.cok.net.uyari\/626211.0\/index.html\" target=\"_blank\">Kaynak : CNN T\u00dcRK<\/a><\/p>\n","protected":false},"excerpt":{"rendered":"<p style=\"text-align: justify;\">\n<p style=\"text-align: justify;\">D\u0131\u015f i\u015fleri Bakan\u0131 Ahmet Davuto\u011flu, Suriye y\u00f6netiminden sivil halkta kay\u0131plara yol a\u00e7an operasyonlar\u0131n\u0131 derhal durdurmas\u0131n\u0131 talep ederek, e\u011fer operasyonlar durmazsa bundan sonra bu s\u00fcre\u00e7te at\u0131lacak ad\u0131mlar konusunda konu\u015fulacak bir \u015fey kalmayaca\u011f\u0131n\u0131 bildirdi.<\/p>\n<p style=\"text-align: justify;\">Bakan Davuto\u011flu, D\u0131\u015fi\u015fleri Bakanl\u0131\u011f\u0131nda yapt\u0131\u011f\u0131 k\u0131sa a\u00e7\u0131klamada, Suriye&#8217;deki son geli\u015fmelerle ilgili de\u011ferlendirmelerde bulundu. <\/p>\n","protected":false},"author":1,"featured_media":0,"comment_status":"open","ping_status":"open","sticky":false,"template":"","format":"standard","meta":{"footnotes":""},"categories":[105],"tags":[],"class_list":["post-38620","post","type-post","status-publish","format-standard","hentry","category-gundem","odd"],"_links":{"self":[{"href":"http:\/\/www.korhanyilmaz.com\/index.php?rest_route=\/wp\/v2\/posts\/38620","targetHints":{"allow":["GET"]}}],"collection":[{"href":"http:\/\/www.korhanyilmaz.com\/index.php?rest_route=\/wp\/v2\/posts"}],"about":[{"href":"http:\/\/www.korhanyilmaz.com\/index.php?rest_route=\/wp\/v2\/types\/post"}],"author":[{"embeddable":true,"href":"http:\/\/www.korhanyilmaz.com\/index.php?rest_route=\/wp\/v2\/users\/1"}],"replies":[{"embeddable":true,"href":"http:\/\/www.korhanyilmaz.com\/index.php?rest_route=%2Fwp%2Fv2%2Fcomments&post=38620"}],"version-history":[{"count":0,"href":"http:\/\/www.korhanyilmaz.com\/index.php?rest_route=\/wp\/v2\/posts\/38620\/revisions"}],"wp:attachment":[{"href":"http:\/\/www.korhanyilmaz.com\/index.php?rest_route=%2Fwp%2Fv2%2Fmedia&parent=38620"}],"wp:term":[{"taxonomy":"category","embeddable":true,"href":"http:\/\/www.korhanyilmaz.com\/index.php?rest_route=%2Fwp%2Fv2%2Fcategories&post=38620"},{"taxonomy":"post_tag","embeddable":true,"href":"http:\/\/www.korhanyilmaz.com\/index.php?rest_route=%2Fwp%2Fv2%2Ftags&post=38620"}],"curies":[{"name":"wp","href":"https:\/\/api.w.org\/{rel}","templated":true}]}}