{"id":38614,"date":"2011-08-15T16:28:38","date_gmt":"2011-08-15T13:28:38","guid":{"rendered":"http:\/\/www.korhanyilmaz.com\/?p=38614"},"modified":"2011-08-16T00:11:47","modified_gmt":"2011-08-15T21:11:47","slug":"sehide-son-veda","status":"publish","type":"post","link":"http:\/\/www.korhanyilmaz.com\/?p=38614","title":{"rendered":"\u015eehide son veda"},"content":{"rendered":"<p style=\"text-align: center;\"><a href=\"http:\/\/www.korhanyilmaz.com\/wp-content\/uploads\/2011\/08\/6129.jpg\"  class=\"lightview\"><img loading=\"lazy\" decoding=\"async\" class=\"aligncenter size-full wp-image-38615\" src=\"http:\/\/www.korhanyilmaz.com\/wp-content\/uploads\/2011\/08\/6129.jpg\" alt=\"\" width=\"462\" height=\"210\" \/><\/a><\/p>\n<p style=\"text-align: justify;\">\u015e\u0131rnak\u2019ta \u015fehit olan Onur Karaku\u015f i\u00e7in \u0130stanbul\u2019da d\u00fczenlenen t\u00f6rene Cumhurba\u015fkan\u0131 G\u00fcl de kat\u0131ld\u0131.<\/p>\n<p style=\"text-align: justify;\">\u0130STANBUL &#8211; \u015e\u0131rnak&#8217;\u0131n Beyt\u00fc\u015f\u015febap il\u00e7esinde \u015fehit olan Komando Onba\u015f\u0131 Onur Karaku\u015f&#8217;un cenazesi, Cumhurba\u015fkan\u0131 Abdullah G\u00fcl&#8217;\u00fcn de kat\u0131ld\u0131\u011f\u0131 askeri t\u00f6renle topra\u011fa verildi.<!--more--><\/p>\n<p style=\"text-align: justify;\">Cenazenin getirildi\u011fi Atak\u00f6y 5. K\u0131s\u0131m Camii&#8217;inde taziyeleri tek tek kabul eden \u015fehit Onba\u015f\u0131 Onur Karaku\u015f&#8217;un babas\u0131 Veysel Karaku\u015f, istenilmesi halinde ter\u00f6r\u00fcn 6 ayda bitirilebilece\u011fini s\u00f6yledi. Ac\u0131l\u0131 baba, o\u011flunun ard\u0131ndan &#8220;vatan sa\u011folsun&#8221; dedi. \u015eehit onba\u015f\u0131 Karaku\u015f&#8217;un cenaze t\u00f6reni boyunca g\u00f6zya\u015f\u0131 d\u00f6ken annesi Havva Karaku\u015f da 3 evlad\u0131 oldu\u011funu, onlar\u0131 da askere g\u00f6ndermeye haz\u0131r oldu\u011funu s\u00f6yledi. Ve yine ac\u0131l\u0131 anne de s\u00f6zlerini &#8220;vatan sa\u011folsun&#8221; diye tamamlad\u0131. \u015eehit torununu Levent&#8217;ten askere u\u011furlad\u0131\u011f\u0131n\u0131 s\u00f6yleyen dede \u015e\u00fckr\u00fc Karaku\u015f da cenaze namaz\u0131n\u0131n ard\u0131ndan torununun T\u00fcrk bayra\u011f\u0131na sar\u0131l\u0131 tabutuna sar\u0131ld\u0131.<\/p>\n<p style=\"text-align: justify;\"><strong>CUMHURBA\u015eKANI G\u00dcL DE CENAZEDE<\/strong><\/p>\n\n\t\t\t\t\t\t\t<style type='text\/css'>\n\t\t\t\t\t\t\t\t#gallery-1 {\n\t\t\t\t\t\t\t\t\tmargin: auto;\n\t\t\t\t\t\t\t\t}\n\t\t\t\t\t\t\t\t#gallery-1 .gallery-item {\n\t\t\t\t\t\t\t\t\tfloat: left;\n\t\t\t\t\t\t\t\t\tmargin-top: 10px;\n\t\t\t\t\t\t\t\t\ttext-align: center;\n\t\t\t\t\t\t\t\t\twidth: 33%;\t\t\t}\n\t\t\t\t\t\t\t\t#gallery-1 img {\n\t\t\t\t\t\t\t\t\tborder: 2px solid #cfcfcf;\n\t\t\t\t\t\t\t\t}\n\t\t\t\t\t\t\t\t#gallery-1 .gallery-caption {\n\t\t\t\t\t\t\t\t\tmargin-left: 0;\n\t\t\t\t\t\t\t\t}\n\t\t\t\t\t\t\t<\/style>\n\t\t\t\t\t\t\t<!-- z-Lightview gallery shortcode, see http:\/\/www.zaikos.com\/wp-plugins\/z-lightview\/ -->\n\t\t\t\t\t\t\t<div id='gallery-1' class='gallery galleryid-38614'><dl class='gallery-item'>\n\t\t\t\t\t<dt class='gallery-icon'>\n\t\t\t\t\t\t<a href='http:\/\/www.korhanyilmaz.com\/wp-content\/uploads\/2011\/08\/6129.jpg'>6129<\/a>\n\t\t\t\t\t<\/dt><\/dl><dl class='gallery-item'>\n\t\t\t\t\t<dt class='gallery-icon'>\n\t\t\t\t\t\t<a href='http:\/\/www.korhanyilmaz.com\/wp-content\/uploads\/2011\/08\/6127.jpg'>6127<\/a>\n\t\t\t\t\t<\/dt><\/dl><dl class='gallery-item'>\n\t\t\t\t\t<dt class='gallery-icon'>\n\t\t\t\t\t\t<a href='http:\/\/www.korhanyilmaz.com\/wp-content\/uploads\/2011\/08\/6128.jpg'>6128<\/a>\n\t\t\t\t\t<\/dt><\/dl><br style=\"clear: both\" \/>\n\t\t\t\t\t<br style='clear: both;' \/>\n\t\t\t\t<\/div>\n\n<p style=\"text-align: justify;\">\u015eehit onba\u015f\u0131 Karaku\u015f&#8217;un Habibler&#8217;deki evine g\u00f6t\u00fcr\u00fclen cenazesi burada helallik al\u0131nd\u0131ktan sonra uzun bir konvoy e\u015fli\u011finde Atak\u00f6y 5. K\u0131s\u0131m Camii&#8217;ne getirildi. \u015eehit i\u00e7in cami avlusunda t\u00f6ren haz\u0131rl\u0131klar\u0131 yap\u0131ld\u0131. Cenaze t\u00f6renine Cumhurba\u015fkan\u0131 Abdullah G\u00fcl&#8217;\u00fcn de kat\u0131laca\u011f\u0131 \u00f6\u011frenildikten sonra Cumhurba\u015fkanl\u0131\u011f\u0131 Koruma Ekibine ba\u011fl\u0131 bomba uzman\u0131 k\u00f6peklerle avluda arama yap\u0131ld\u0131. Cenaze t\u00f6renine Cumhurba\u015fkan\u0131 Abdullah G\u00fcl ile birlikte Avrupa Birli\u011fi Bakan\u0131 Egemen Ba\u011f\u0131\u015f, \u0130stanbul Valisi H\u00fcseyin Avni Mutlu, Birinci Ordu Komutan\u0131 Orgeneral Yal\u00e7\u0131n Ataman, CHP Genel Ba\u015fkan Yard\u0131mc\u0131s\u0131 Umut Oran, CHP Genel sekreteri Bihlun Tamayligil, \u0130stanbul B\u00fcy\u00fck\u015fehir Belediye Ba\u015fkan\u0131 Kadir Topba\u015f, \u0130l Emniyet M\u00fcd\u00fcr\u00fc H\u00fcseyin \u00c7apk\u0131n ve \u00e7ok say\u0131da vatanda\u015f kat\u0131ld\u0131.<\/p>\n<p style=\"text-align: justify;\">Ordu Mesudiye n\u00fcfusuna kay\u0131tl\u0131 olan \u015fehit Onba\u015f\u0131 Karaku\u015f&#8217;un cenaze t\u00f6renine \u0130stanbul&#8217;da bulunan b\u00fct\u00fcn Ordu derneklerinin y\u00f6neticileri ve \u00e7ok say\u0131da Ordulu, kendisi de Mesudiyeli olan CHP \u0130stanbul Milletvekili Oktay Ek\u015fi de cenaze t\u00f6reninde yer ald\u0131.<\/p>\n<p style=\"text-align: justify;\">AB Bakan\u0131 Egemen Ba\u011f\u0131\u015f aileye taziyede bulunurken Ba\u015fbakan Erdo\u011fan&#8217;\u0131n taziye mesaj\u0131n\u0131 da iletti. Cumhurba\u015fkan\u0131 Abdullah G\u00fcl de \u015fehit babas\u0131n\u0131n kula\u011f\u0131na e\u011filerek bir \u015feyler s\u00f6yledi. Cumhurba\u015fkan\u0131 G\u00fcl, aile bireylerini tek tek kucaklayarak ba\u015fsa\u011fl\u0131\u011f\u0131 dile\u011finde bulundu.<\/p>\n<p style=\"text-align: justify;\"><strong>M\u00dcFT\u00dc KILDIRDI<\/strong><\/p>\n<p style=\"text-align: justify;\">\u0130stanbul M\u00fcft\u00fcs\u00fc Mustafa \u00c7a\u011fr\u0131c\u0131&#8217;n\u0131n k\u0131ld\u0131rd\u0131\u011f\u0131 cenaze namaz\u0131ndan Cumhurba\u015fkan\u0131 Abdullah G\u00fcl, \u015fehidin dedesi \u015e\u00fckr\u00fc Karaku\u015f ve babas\u0131 Veysel Karaku\u015f aras\u0131nda saf tuttu. Helallik al\u0131nmas\u0131 ve dua edilmesinin ard\u0131ndan \u015fehidin T\u00fcrk Bayra\u011f\u0131na sar\u0131l\u0131 tabutu askerlerin omuzunda top arabas\u0131na ta\u015f\u0131nd\u0131. Askeri bandonun \u00e7ald\u0131\u011f\u0131 cenaze mar\u015f\u0131 e\u015fli\u011finde kortej bir s\u00fcre y\u00fcr\u00fcd\u00fc. \u015eehidin cenazesi protokol ve ailenin \u00f6n\u00fcnden ge\u00e7irildi. Cenaze Edirnekap\u0131 \u015eehitli\u011fi&#8217;nde topra\u011fa verildi.<\/p>\n<p style=\"text-align: justify;\"><strong>\u015eEH\u0130T Y\u00dcZBA\u015eI G\u00d6ZYA\u015eLARIYLA U\u011eURLANDI<\/strong><\/p>\n<p style=\"text-align: justify;\">\u015e\u0131rnak&#8217;\u0131n Beyt\u00fc\u015f\u015febap il\u00e7esinde ter\u00f6rist sald\u0131r\u0131 sonucu \u015fehit olan Jandarma Y\u00fczba\u015f\u0131 Erdal Okul&#8217;un cenazesi Tokat&#8217;\u0131n Turhal il\u00e7esinde d\u00fczenlenen t\u00f6renin ard\u0131ndan topra\u011fa verildi.<\/p>\n<p style=\"text-align: justify;\">\u015eehit Erdal Okul&#8217;un T\u00fcrk bayra\u011f\u0131na sar\u0131l\u0131 cenazesi Turhal Devlet Hastanesi morgundan al\u0131narak konvoy e\u015fli\u011finde il\u00e7eye ba\u011fl\u0131 Atak\u00f6y k\u00f6y\u00fcne g\u00f6t\u00fcr\u00fcld\u00fc.<\/p>\n<p style=\"text-align: justify;\">K\u00f6y mezarl\u0131\u011f\u0131nda d\u00fczenlenen t\u00f6rende konu\u015fan Tokat Jandarma B\u00f6lge Komutanl\u0131\u011f\u0131nda g\u00f6revli Y\u00fczba\u015f\u0131 Zeki Mesut Tekin, \u015funlar\u0131 kaydetti:<\/p>\n<p style=\"text-align: justify;\">&#8221;Bug\u00fcn burada aziz T\u00fcrk milletinin namusuna, birli\u011fine, beraberli\u011fine g\u00f6z diken 10 as\u0131rl\u0131k T\u00fcrk yurdunun mukaddesat\u0131na kastetmeye kalk\u0131\u015fan b\u00f6l\u00fcc\u00fc ter\u00f6r \u00f6rg\u00fct\u00fc mensuplar\u0131n\u0131 bulmak ve etkisiz hale getirmek i\u00e7in d\u00fczenlenen operasyon d\u00f6n\u00fc\u015f\u00fcnde \u015fehit olan jandarma y\u00fczba\u015f\u0131 Erdal Okul&#8217;u ebedi yolculu\u011funa u\u011furluyoruz. T\u00fcrk milleti askerlik \u015ferefini, T\u00fcrkl\u00fc\u011f\u00fcn y\u00fcceli\u011fine, \u00f6z varl\u0131\u011f\u0131n\u0131n \u00e7ok \u00fczerinde g\u00f6ren, tarih boyunca zaferden zafere ko\u015fan, kurdu\u011fu 16 b\u00fcy\u00fck devletle uygarl\u0131k, asalet, adalet izleri b\u0131rakan ba\u011f\u0131ms\u0131zl\u0131\u011f\u0131, \u00f6zg\u00fcrl\u00fc\u011f\u00fc, \u015ferefi, mukaddes de\u011ferleri u\u011fruna can\u0131n\u0131 ortaya koymaktan \u00e7ekinmeyen asil bir millettir.&#8221;<\/p>\n<p style=\"text-align: justify;\">T\u00f6renden sonra Tokat \u0130l M\u00fcft\u00fcs\u00fc Abdurrahman Ko\u00e7ak taraf\u0131ndan k\u0131ld\u0131r\u0131lan cenaze namaz\u0131n\u0131n ard\u0131ndan \u015fehidin cenazesi k\u00f6y mezarl\u0131\u011f\u0131nda topra\u011fa verildi.<\/p>\n<p style=\"text-align: justify;\">Tokat Garnizon Komutan\u0131 Tu\u011fgeneral Ali \u00d6zkara, \u015fehidin tabutunu \u00f6rten T\u00fcrk bayra\u011f\u0131n\u0131 ve foto\u011fraf\u0131n\u0131 e\u015fi Yasemin Okul&#8217;a verdi.<\/p>\n<p style=\"text-align: justify;\">Cenazenin topra\u011fa verili\u015fi s\u0131ras\u0131nda \u015fehidin e\u015fi Yasemin Okul ile annesi Hanife Okul g\u00f6zya\u015flar\u0131na hakim olamad\u0131. Askeri yetkililer, ayakta g\u00fc\u00e7l\u00fckle durdu\u011fu g\u00f6zlenen Yasemin Okul ve Hanife Okul&#8217;un koluna girerek destek oldu. Ac\u0131l\u0131 anneyi akrabalar\u0131 olduklar\u0131 \u00f6\u011frenilen bir albay teskin etmeye \u00e7al\u0131\u015ft\u0131.<\/p>\n<p style=\"text-align: justify;\">T\u00f6rene \u015fehidin ailesi ve yak\u0131nlar\u0131n\u0131n yan\u0131 s\u0131ra Tokat Valisi \u015eerif Y\u0131lmaz, AK Parti Tokat Milletvekilleri Zeyid Aslan, Dilek Y\u00fcksel, CHP Tokat Milletvekili Orhan D\u00fczg\u00fcn, il\u00e7e kaymakamlar\u0131, askeri ve m\u00fclki yetkililer ile \u00e7ok say\u0131da vatanda\u015f kat\u0131ld\u0131.<\/p>\n<p style=\"text-align: justify;\">Bu arada Turhal il\u00e7e merkezinde d\u00fczenlenmesi planlanan cenaze t\u00f6reninin ailenin iste\u011fi \u00fczerine iptal edildi\u011fi bildirildi.<\/p>\n<p style=\"text-align: justify;\"><a href=\"http:\/\/www.gazeteport.com.tr\/haber\/47321\/sehide_son_veda\">Kaynak : GAZETEPORT<\/a><\/p>\n","protected":false},"excerpt":{"rendered":"<p style=\"text-align: center;\">\n<p style=\"text-align: justify;\">\u015e\u0131rnak\u2019ta \u015fehit olan Onur Karaku\u015f i\u00e7in \u0130stanbul\u2019da d\u00fczenlenen t\u00f6rene Cumhurba\u015fkan\u0131 G\u00fcl de kat\u0131ld\u0131.<\/p>\n<p style=\"text-align: justify;\">\u0130STANBUL &#8211; \u015e\u0131rnak&#8217;\u0131n Beyt\u00fc\u015f\u015febap il\u00e7esinde \u015fehit olan Komando Onba\u015f\u0131 Onur Karaku\u015f&#8217;un cenazesi, Cumhurba\u015fkan\u0131 Abdullah G\u00fcl&#8217;\u00fcn de kat\u0131ld\u0131\u011f\u0131 askeri t\u00f6renle topra\u011fa verildi.<\/p>\n","protected":false},"author":1,"featured_media":0,"comment_status":"open","ping_status":"open","sticky":false,"template":"","format":"standard","meta":{"footnotes":""},"categories":[105],"tags":[],"class_list":["post-38614","post","type-post","status-publish","format-standard","hentry","category-gundem","odd"],"_links":{"self":[{"href":"http:\/\/www.korhanyilmaz.com\/index.php?rest_route=\/wp\/v2\/posts\/38614","targetHints":{"allow":["GET"]}}],"collection":[{"href":"http:\/\/www.korhanyilmaz.com\/index.php?rest_route=\/wp\/v2\/posts"}],"about":[{"href":"http:\/\/www.korhanyilmaz.com\/index.php?rest_route=\/wp\/v2\/types\/post"}],"author":[{"embeddable":true,"href":"http:\/\/www.korhanyilmaz.com\/index.php?rest_route=\/wp\/v2\/users\/1"}],"replies":[{"embeddable":true,"href":"http:\/\/www.korhanyilmaz.com\/index.php?rest_route=%2Fwp%2Fv2%2Fcomments&post=38614"}],"version-history":[{"count":0,"href":"http:\/\/www.korhanyilmaz.com\/index.php?rest_route=\/wp\/v2\/posts\/38614\/revisions"}],"wp:attachment":[{"href":"http:\/\/www.korhanyilmaz.com\/index.php?rest_route=%2Fwp%2Fv2%2Fmedia&parent=38614"}],"wp:term":[{"taxonomy":"category","embeddable":true,"href":"http:\/\/www.korhanyilmaz.com\/index.php?rest_route=%2Fwp%2Fv2%2Fcategories&post=38614"},{"taxonomy":"post_tag","embeddable":true,"href":"http:\/\/www.korhanyilmaz.com\/index.php?rest_route=%2Fwp%2Fv2%2Ftags&post=38614"}],"curies":[{"name":"wp","href":"https:\/\/api.w.org\/{rel}","templated":true}]}}