{"id":38610,"date":"2011-08-14T13:45:29","date_gmt":"2011-08-14T10:45:29","guid":{"rendered":"http:\/\/www.korhanyilmaz.com\/?p=38610"},"modified":"2011-08-16T00:06:27","modified_gmt":"2011-08-15T21:06:27","slug":"yurek-acitan-not","status":"publish","type":"post","link":"http:\/\/www.korhanyilmaz.com\/?p=38610","title":{"rendered":"Y\u00fcrek ac\u0131tan not"},"content":{"rendered":"<p style=\"text-align: center;\"><a href=\"http:\/\/www.korhanyilmaz.com\/wp-content\/uploads\/2011\/08\/6125.jpg\"  class=\"lightview\"><img loading=\"lazy\" decoding=\"async\" class=\"aligncenter size-full wp-image-38611\" src=\"http:\/\/www.korhanyilmaz.com\/wp-content\/uploads\/2011\/08\/6125.jpg\" alt=\"\" width=\"416\" height=\"189\" \/><\/a><\/p>\n<p style=\"text-align: justify;\">\u015e\u0131rnak&#8217;ta \u015fehit d\u00fc\u015fen Onur Karaku\u015f&#8217;un Facebook\u2019taki sayfas\u0131nda, &#8220;Beyt\u00fc\u015f\u015febapt\u0131r buras\u0131 bat\u0131da \u015fafak sayanlar\u0131n de\u011fil teskereye bir g\u00fcn kala \u015fehit olanlar\u0131n yeri&#8221; diye yazd\u0131\u011f\u0131 ortaya \u00e7\u0131kt\u0131.<\/p>\n<p style=\"text-align: justify;\">D\u0130YARBAKIR &#8211; Edinilen bilgiye g\u00f6re, Beyt\u00fc\u015f\u015febap il\u00e7esinde ter\u00f6r \u00f6rg\u00fct\u00fc PKK&#8217;n\u0131n silahl\u0131 sald\u0131r\u0131s\u0131 sonucu \u015fehit olan askerlerin Y\u00fczba\u015f\u0131 Erdal Okul (Tokat-Turhal), Er Yusuf Aktan (Adana-Y\u00fcre\u011fir) ve Er Onur Karaku\u015f (\u0130stanbul-Edirnekap\u0131) oldu\u011fu a\u00e7\u0131kland\u0131.\u00a0<!--more--><\/p>\n<p style=\"text-align: justify;\"><a href=\"http:\/\/www.korhanyilmaz.com\/wp-content\/uploads\/2011\/08\/6126.jpg\"  class=\"lightview\"><img loading=\"lazy\" decoding=\"async\" class=\"alignleft size-full wp-image-38612\" style=\"margin-left: 10px; margin-right: 10px;\" src=\"http:\/\/www.korhanyilmaz.com\/wp-content\/uploads\/2011\/08\/6126.jpg\" alt=\"\" width=\"360\" height=\"177\" \/><\/a>\u015eehit olan 3 askerin cenazesi, memleketlerine g\u00f6nderildi. \u015eehit Y\u00fczba\u015f\u0131 Erdal Okul ile \u015fehit erler Yusuf Aktan ve Onur Karaku\u015f i\u00e7in Diyarbak\u0131r Asker Hastanesinde t\u00f6ren d\u00fczenlendi.<\/p>\n<p style=\"text-align: justify;\">Bas\u0131na kapal\u0131 yap\u0131lan t\u00f6renin ard\u0131ndan \u015fehitlerin cenazesi, ambulanslarla 2. Taktik Hava Kuvvet Komutanl\u0131\u011f\u0131na g\u00f6t\u00fcr\u00fcld\u00fc. Burada yap\u0131lan ikinci t\u00f6renin ard\u0131ndan \u015fehitler, u\u00e7akla memleketlerine u\u011furland\u0131. T\u00f6rene, Ba\u015fbakan Yard\u0131mc\u0131s\u0131 Be\u015fir Atalay, \u0130\u00e7i\u015fleri Bakan\u0131 \u0130dris Naim \u015eahin, Diyarbak\u0131r Valisi Mustafa Toprak ile \u00f6teki yetkililer kat\u0131ld\u0131.<\/p>\n<p style=\"text-align: justify;\"><strong>BABA EV\u0130NDE YAS<\/strong><\/p>\n<p style=\"text-align: justify;\">Sald\u0131r\u0131 sonucu \u015fehit olan Jandarma Er Yusuf Aktan&#8217;\u0131n Adana&#8217;daki baba evinde yas var. Aktan&#8217;\u0131n Adana&#8217;n\u0131n merkez Seyhan il\u00e7esi Dumlup\u0131nar Mahallesi&#8217;ndeki baba evine ac\u0131 haber, 6. Kolordu Komutanl\u0131\u011f\u0131ndan gelen askeri g\u00f6revliler taraf\u0131ndan ula\u015ft\u0131r\u0131ld\u0131. \u00c7ocuklar\u0131n\u0131n \u015fehit oldu\u011fu haberini alan baba \u0130brahim ile anne Asiye Aktan, g\u00f6z ya\u015flar\u0131na bo\u011fuldular.<\/p>\n<p style=\"text-align: justify;\">\u015eehit erin Adana&#8217;daki evine T\u00fcrk bayra\u011f\u0131 as\u0131l\u0131rken, 4 \u00e7ocuk babas\u0131 baba \u0130brahim Aktan taziyeleri kabul etti. \u0130brahim Aktan, AA muhabirine yapt\u0131\u011f\u0131 a\u00e7\u0131klamada, son olarak 12 A\u011fustos Cuma g\u00fcn\u00fc ak\u015fam saatlerinde telefonla g\u00f6r\u00fc\u015ft\u00fc\u011f\u00fc o\u011flunun terhisine, 3 ay kald\u0131\u011f\u0131n\u0131 s\u00f6yledi.<\/p>\n<p style=\"text-align: justify;\">Bekar olan \u015eehit Yusuf Aktan&#8217;\u0131n acemi birli\u011finin Manisa&#8217;da oldu\u011funu ve vatani g\u00f6revine gitmeden \u00f6nce elektrik\u00e7i de \u00e7al\u0131\u015ft\u0131\u011f\u0131n\u0131 belirten baba Aktan, &#8221;Askerde komutan postas\u0131 olarak g\u00f6rev yap\u0131yordu. Art\u0131k bu ac\u0131 bitsin, ba\u015fkas\u0131n\u0131n y\u00fcre\u011fi yanmas\u0131n. Ate\u015f d\u00fc\u015ft\u00fc\u011f\u00fc yeri yak\u0131yor. Ba\u015fbakan&#8217;a s\u00f6yleyece\u011fim tek \u015fey, bu ac\u0131y\u0131 bitirsin. Ba\u015fkas\u0131n\u0131n can\u0131 yanmas\u0131n&#8221; dedi.<\/p>\n<p style=\"text-align: justify;\"><strong>&#8220;BURASI TEZKEREYE B\u0130R KALA \u015eEH\u0130T OLANLARIN YER\u0130&#8221;<\/strong><\/p>\n<p style=\"text-align: justify;\">\u015eehit olan Er Onur Karaku\u015f\u2019un bir g\u00fcn \u00f6nce Facebook\u2019taki sayfas\u0131nda, &#8220;Beyt\u00fc\u015f\u015febapt\u0131r buras\u0131 bat\u0131da \u015fafak sayanlar\u0131n de\u011fil teskereye bir g\u00fcn kala \u015fehit olanlar\u0131n yeri&#8221; diye yazd\u0131\u011f\u0131 ortaya \u00e7\u0131kt\u0131.<\/p>\n<p style=\"text-align: justify;\">\u0130stanbul\u2019da oturan ve 1 Nisan 1989 do\u011fumlu Onur Karaku\u015f, d\u00fcn u\u011frad\u0131\u011f\u0131 sald\u0131r\u0131da \u015fehit olmu\u015ftu. Karaku\u015f, Facebook&#8217;taki sayfas\u0131nda cuma g\u00fcn\u00fc saat 14.23\u2019te duvar\u0131na \u015funlar\u0131 yazm\u0131\u015ft\u0131:<\/p>\n<p style=\"text-align: justify;\">&#8220;Buras\u0131 ne cennet ne harikalar diyar\u0131. Buras\u0131 insanlar\u0131n sustu\u011fu mermilerin konu\u015ftu\u011fu, g\u00fcllerin yerine barutun koktu\u011fu, \u0131rmaklar\u0131n yerine kanlar\u0131n akt\u0131\u011f\u0131, ku\u015flar\u0131n ucmaya kurtlar\u0131n ya\u015famaya korktu\u011fu kato besta gabar da\u011flar\u0131n\u0131n tam ortas\u0131. \u015e\u0131rnak beyt\u00fc\u015f\u015febapt\u0131r buras\u0131. Bat\u0131da \u015fafak sayanlar\u0131n de\u011fil teskereye bir g\u00fcn kala \u015fehit olanlar\u0131n yeri. Not yazan Onur Karaku\u015f&#8230;..&#8221;<\/p>\n<p style=\"text-align: justify;\"><a href=\"http:\/\/www.gazeteport.com.tr\/haber\/47139\/yurek_acitan_not\" target=\"_blank\">Kaynak : GAZETEPORT<\/a><\/p>\n","protected":false},"excerpt":{"rendered":"<p style=\"text-align: center;\">\n<p style=\"text-align: justify;\">\u015e\u0131rnak&#8217;ta \u015fehit d\u00fc\u015fen Onur Karaku\u015f&#8217;un Facebook\u2019taki sayfas\u0131nda, &#8220;Beyt\u00fc\u015f\u015febapt\u0131r buras\u0131 bat\u0131da \u015fafak sayanlar\u0131n de\u011fil teskereye bir g\u00fcn kala \u015fehit olanlar\u0131n yeri&#8221; diye yazd\u0131\u011f\u0131 ortaya \u00e7\u0131kt\u0131.<\/p>\n<p style=\"text-align: justify;\">D\u0130YARBAKIR &#8211; Edinilen bilgiye g\u00f6re, Beyt\u00fc\u015f\u015febap il\u00e7esinde ter\u00f6r \u00f6rg\u00fct\u00fc PKK&#8217;n\u0131n silahl\u0131 sald\u0131r\u0131s\u0131 sonucu \u015fehit olan askerlerin Y\u00fczba\u015f\u0131 Erdal Okul (Tokat-Turhal), Er Yusuf Aktan (Adana-Y\u00fcre\u011fir) <\/p>\n","protected":false},"author":1,"featured_media":0,"comment_status":"open","ping_status":"open","sticky":false,"template":"","format":"standard","meta":{"footnotes":""},"categories":[105],"tags":[],"class_list":["post-38610","post","type-post","status-publish","format-standard","hentry","category-gundem","odd"],"_links":{"self":[{"href":"http:\/\/www.korhanyilmaz.com\/index.php?rest_route=\/wp\/v2\/posts\/38610","targetHints":{"allow":["GET"]}}],"collection":[{"href":"http:\/\/www.korhanyilmaz.com\/index.php?rest_route=\/wp\/v2\/posts"}],"about":[{"href":"http:\/\/www.korhanyilmaz.com\/index.php?rest_route=\/wp\/v2\/types\/post"}],"author":[{"embeddable":true,"href":"http:\/\/www.korhanyilmaz.com\/index.php?rest_route=\/wp\/v2\/users\/1"}],"replies":[{"embeddable":true,"href":"http:\/\/www.korhanyilmaz.com\/index.php?rest_route=%2Fwp%2Fv2%2Fcomments&post=38610"}],"version-history":[{"count":0,"href":"http:\/\/www.korhanyilmaz.com\/index.php?rest_route=\/wp\/v2\/posts\/38610\/revisions"}],"wp:attachment":[{"href":"http:\/\/www.korhanyilmaz.com\/index.php?rest_route=%2Fwp%2Fv2%2Fmedia&parent=38610"}],"wp:term":[{"taxonomy":"category","embeddable":true,"href":"http:\/\/www.korhanyilmaz.com\/index.php?rest_route=%2Fwp%2Fv2%2Fcategories&post=38610"},{"taxonomy":"post_tag","embeddable":true,"href":"http:\/\/www.korhanyilmaz.com\/index.php?rest_route=%2Fwp%2Fv2%2Ftags&post=38610"}],"curies":[{"name":"wp","href":"https:\/\/api.w.org\/{rel}","templated":true}]}}