{"id":38606,"date":"2011-08-15T17:03:06","date_gmt":"2011-08-15T14:03:06","guid":{"rendered":"http:\/\/www.korhanyilmaz.com\/?p=38606"},"modified":"2011-08-15T23:23:21","modified_gmt":"2011-08-15T20:23:21","slug":"akpye-o-imzayi-hatirlatti","status":"publish","type":"post","link":"http:\/\/www.korhanyilmaz.com\/?p=38606","title":{"rendered":"AKP&#8217;ye o imzay\u0131 hat\u0131rlatt\u0131"},"content":{"rendered":"<p style=\"text-align: justify;\"><a href=\"http:\/\/www.korhanyilmaz.com\/wp-content\/uploads\/2011\/08\/6124.jpg\"  class=\"lightview\"><img loading=\"lazy\" decoding=\"async\" class=\"aligncenter size-full wp-image-38607\" title=\"\" src=\"http:\/\/www.korhanyilmaz.com\/wp-content\/uploads\/2011\/08\/6124.jpg\" alt=\"\" width=\"292\" height=\"224\" \/><\/a><\/p>\n<p style=\"text-align: justify;\">CHP Genel Ba\u015fkan Yard\u0131mc\u0131s\u0131 G\u00fcrsel Tekin, tutuklu milletvekilleri Mustafa Balbay ve Mehmet Haberal&#8217;\u0131n durumlar\u0131yla ilgili olarak siyasi iktidara seslenerek, &#8220;Parlamentoda kendilerinin de imza att\u0131klar\u0131 bir protokol var. Umut ediyoruz ki, imzalar\u0131n\u0131n arkas\u0131nda dururlar.&#8221; dedi.<\/p>\n<p style=\"text-align: justify;\">CHP Genel Ba\u015fkan Yard\u0131mc\u0131lar\u0131 G\u00fcrsel Tekin ve Volkan Canalio\u011flu ile CHP Bart\u0131n Milletvekili R\u0131za Yal\u00e7\u0131nkaya ve \u0130stanbul Milletvekili Kadir \u00d6\u011f\u00fct, y\u00f6netimi CHP&#8217;ye ge\u00e7en 3 belde belediyesini ziyaret etmek \u00fczere \u00c7ank\u0131r\u0131&#8217;ya geldi.\u00a0<!--more--><\/p>\n<p style=\"text-align: justify;\">Tekin ve beraberindeki heyet, ilk \u00f6nce CHP \u00c7ank\u0131r\u0131 \u0130l Ba\u015fkanl\u0131\u011f\u0131na ge\u00e7ti. CHP \u0130l Ba\u015fkan\u0131 Fikret Tatl\u0131c\u0131 taraf\u0131ndan kar\u015f\u0131lanan heyet, bir s\u00fcre partililerle sohbet etti. G\u00fcrsel Tekin, burada yapt\u0131\u011f\u0131 a\u00e7\u0131klamada, AK Parti hakk\u0131nda s\u00f6ylediklerine bas\u0131nda yer verilmemesinden yak\u0131nd\u0131. Tekin, &#8220;G\u00fcncel olaylarla ilgili s\u00f6ylenecek \u00e7ok \u015fey var, \u00e7ok s\u0131k\u0131nt\u0131 var. AKP ile ilgili ne s\u00f6ylesek, bo\u015fa s\u00f6yleriz. Yaz\u0131l\u0131p \u00e7izilemiyor. Ancak i\u00e7 i\u015flerimizle ilgili \u015feyler olursa bas\u0131nda \u00e7\u0131k\u0131yor.<\/p>\n<p style=\"text-align: justify;\">T\u00fcrkiye&#8217;nin g\u00fcncel sorunlar\u0131 ile ilgilenmesi gereken bas\u0131n, CHP&#8217;nin i\u00e7 sorunlar\u0131 ile ilgileniyor&#8221; diye konu\u015ftu. G\u00fcrsel Tekin, \u015funlar\u0131 s\u00f6yledi:<\/p>\n<p style=\"text-align: justify;\">&#8220;T\u00fcrkiye&#8217;de ciddi bir ekonomi ve ter\u00f6r sorunu var. T\u00fcrkiye&#8217;nin son g\u00fcnlerde insani olmas\u0131 gereken Somali yard\u0131m\u0131n\u0131 bile al\u0131p bir AKP propagandas\u0131na d\u00f6n\u00fc\u015ft\u00fcrd\u00fcler. K\u0131z\u0131lay Ba\u015fkan\u0131 bile tahamm\u00fcl edemedi, istifa etti. Hukuk\u00a0i\u015flemiyor, yarg\u0131 i\u015flemiyor. B\u00fct\u00fcn bunlarla me\u015fgul olmam\u0131z gerekirken, CHP&#8217;nin i\u00e7 i\u015fleri ile me\u015fgul olmazsan\u0131z memnun oluruz. \u0130ktidar\u0131n hi\u00e7bir \u015feye tahamm\u00fcl edemedi\u011fi gibi bizim iktidarla ilgili a\u00e7\u0131klamalar\u0131m\u0131z da gazetelerde, televizyonlarda yer alm\u0131yor. Bas\u0131n ve televizyonlar \u00fczerinde ciddi bask\u0131lar var ama biz biraz olsun gazetecilik yap\u0131lmas\u0131n\u0131 istiyoruz.&#8221;<\/p>\n<p style=\"text-align: justify;\">Bir partilinin, tutuklu milletvekilleri Mustafa Balbay ve Mehmet Haberal&#8217;\u0131n durumlar\u0131n\u0131n ne olaca\u011f\u0131n\u0131 sormas\u0131 \u00fczerine Tekin, \u015f\u00f6yle konu\u015ftu: &#8220;T\u00fcrkiye&#8217;de millet iradesini en \u00e7ok kullanan Say\u0131n Ba\u015fbakan. Yarg\u0131ya, Anayasa Mahkemesine meydan okudu\u011fu zaman &#8216;hi\u00e7bir irade millet iradesinin \u00fcst\u00fcnde de\u011fildir&#8217; diyen Ba\u015fbakan de\u011fil miydi? Sana gelince millet iradesi, bir ba\u015fkas\u0131na gelince millet iradesi olmaz m\u0131? Biliyorsunuz, parlamentoda kendilerinin de imza<\/p>\n<p style=\"text-align: justify;\">att\u0131klar\u0131 bir protokol var. Umut ediyoruz ki, imzalar\u0131n\u0131n arkas\u0131nda dururlar. 73 tane gazeteci arkada\u015f\u0131m\u0131z cezaevinde yat\u0131yor. Y\u00fczlerce gazetecimiz i\u015flerinden edildi. B\u00fct\u00fcn bunlar\u0131n m\u00fccadelesini CHP yapacakt\u0131r.&#8221; Tekin ve beraberindekiler, daha sonra y\u00f6neticileri CHP&#8217;ye ge\u00e7ecek olan Yaprakl\u0131 \u0130l\u00e7esinin Y\u00fckl\u00fc beldesine hareket etti.<\/p>\n<p style=\"text-align: justify;\"><a href=\"http:\/\/www.cnnturk.com\/2011\/turkiye\/08\/15\/akpye.o.imzayi.hatirlatti\/626190.0\/index.html\" target=\"_blank\">Kaynak : CNN T\u00dcRK<\/a><\/p>\n","protected":false},"excerpt":{"rendered":"<p style=\"text-align: justify;\">\n<p style=\"text-align: justify;\">CHP Genel Ba\u015fkan Yard\u0131mc\u0131s\u0131 G\u00fcrsel Tekin, tutuklu milletvekilleri Mustafa Balbay ve Mehmet Haberal&#8217;\u0131n durumlar\u0131yla ilgili olarak siyasi iktidara seslenerek, &#8220;Parlamentoda kendilerinin de imza att\u0131klar\u0131 bir protokol var. Umut ediyoruz ki, imzalar\u0131n\u0131n arkas\u0131nda dururlar.&#8221; dedi.<\/p>\n<p style=\"text-align: justify;\">CHP Genel Ba\u015fkan Yard\u0131mc\u0131lar\u0131 G\u00fcrsel Tekin ve Volkan Canalio\u011flu ile CHP Bart\u0131n Milletvekili R\u0131za <\/p>\n","protected":false},"author":1,"featured_media":0,"comment_status":"open","ping_status":"open","sticky":false,"template":"","format":"standard","meta":{"footnotes":""},"categories":[105],"tags":[],"class_list":["post-38606","post","type-post","status-publish","format-standard","hentry","category-gundem","odd"],"_links":{"self":[{"href":"http:\/\/www.korhanyilmaz.com\/index.php?rest_route=\/wp\/v2\/posts\/38606","targetHints":{"allow":["GET"]}}],"collection":[{"href":"http:\/\/www.korhanyilmaz.com\/index.php?rest_route=\/wp\/v2\/posts"}],"about":[{"href":"http:\/\/www.korhanyilmaz.com\/index.php?rest_route=\/wp\/v2\/types\/post"}],"author":[{"embeddable":true,"href":"http:\/\/www.korhanyilmaz.com\/index.php?rest_route=\/wp\/v2\/users\/1"}],"replies":[{"embeddable":true,"href":"http:\/\/www.korhanyilmaz.com\/index.php?rest_route=%2Fwp%2Fv2%2Fcomments&post=38606"}],"version-history":[{"count":0,"href":"http:\/\/www.korhanyilmaz.com\/index.php?rest_route=\/wp\/v2\/posts\/38606\/revisions"}],"wp:attachment":[{"href":"http:\/\/www.korhanyilmaz.com\/index.php?rest_route=%2Fwp%2Fv2%2Fmedia&parent=38606"}],"wp:term":[{"taxonomy":"category","embeddable":true,"href":"http:\/\/www.korhanyilmaz.com\/index.php?rest_route=%2Fwp%2Fv2%2Fcategories&post=38606"},{"taxonomy":"post_tag","embeddable":true,"href":"http:\/\/www.korhanyilmaz.com\/index.php?rest_route=%2Fwp%2Fv2%2Ftags&post=38606"}],"curies":[{"name":"wp","href":"https:\/\/api.w.org\/{rel}","templated":true}]}}