{"id":38600,"date":"2011-08-15T22:02:52","date_gmt":"2011-08-15T19:02:52","guid":{"rendered":"http:\/\/www.korhanyilmaz.com\/?p=38600"},"modified":"2011-08-15T23:16:26","modified_gmt":"2011-08-15T20:16:26","slug":"osmaniyede-catisma-1-sehit","status":"publish","type":"post","link":"http:\/\/www.korhanyilmaz.com\/?p=38600","title":{"rendered":"Osmaniye&#8217;de \u00e7at\u0131\u015fma: 1 \u015fehit"},"content":{"rendered":"<p style=\"text-align: center;\"><a href=\"http:\/\/www.korhanyilmaz.com\/wp-content\/uploads\/2011\/08\/6123.jpg\"  class=\"lightview\"><img loading=\"lazy\" decoding=\"async\" class=\"aligncenter size-full wp-image-38601\" src=\"http:\/\/www.korhanyilmaz.com\/wp-content\/uploads\/2011\/08\/6123.jpg\" alt=\"\" width=\"379\" height=\"186\" \/><\/a><\/p>\n<p style=\"text-align: justify;\">Osmaniye&#8217;de, g\u00fcvenlik g\u00fc\u00e7leri ile ter\u00f6ristler aras\u0131nda \u00e7\u0131kan \u00e7at\u0131\u015fmada 1 asker \u015fehit oldu, 1 asker yaraland\u0131.<\/p>\n<p style=\"text-align: justify;\">Al\u0131nan bilgeye g\u00f6re, Osmaniye&#8217;nin Zorkun Yaylas\u0131 Ha\u00e7bel mevkisinde g\u00fcvenlik g\u00fc\u00e7leriyle ter\u00f6ristler aras\u0131nda aras\u0131nda \u00e7at\u0131\u015fma \u00e7\u0131kt\u0131.<\/p>\n<p style=\"text-align: justify;\">\u00c7at\u0131\u015fmada bir asker \u015fehit oldu, bir asker yaraland\u0131. Yaral\u0131 asker Osmaniye Devlet Hastanesi&#8217;nde tedavi alt\u0131na al\u0131nd\u0131.\u00a0<!--more--><\/p>\n<p style=\"text-align: justify;\">Vali Celalettin Cerrah yaral\u0131 askerin durumu hakk\u0131nda bilgi almak i\u00e7in hastaneye geldi.<\/p>\n<p style=\"text-align: justify;\">\u00c7\u0131k\u0131\u015fta gazetecilerin sorular\u0131n\u0131 k\u0131saca yan\u0131tlayan Cerrah, \u015funlar\u0131 s\u00f6yledi: &#8220;Operasyon yapan timlerimiz pusu halindeyken, yakla\u015fan ter\u00f6ristler ate\u015f etmi\u015fler. Bir askerimiz \u015fehit bir askerimiz de yaral\u0131. Arazide operasyon devam ediyor. Di\u011fer timlerimiz de \u00e7at\u0131\u015fma b\u00f6lgesine \u00e7ok yak\u0131ndayd\u0131. \u0130n\u015fallah sonu\u00e7 alaca\u011f\u0131z. Yaral\u0131 askerin durumu iyi.&#8221;<\/p>\n<p style=\"text-align: justify;\">Polis ekipleri de Osmaniye \u015fehir giri\u015f ve \u00e7\u0131k\u0131\u015flar\u0131nda kimlik kontrol\u00fc yapmaya ba\u015flad\u0131.<\/p>\n<p style=\"text-align: justify;\"><strong>Beyt\u00fc\u015f\u015febap&#8217;ta \u015fiddetli \u00e7at\u0131\u015fma<\/strong><\/p>\n<p style=\"text-align: justify;\">Bu arada \u015e\u0131rnak&#8217;\u0131n Beyt\u00fc\u015f\u015febap il\u00e7esindeki K\u00fc\u00e7\u00fck Kato Da\u011f\u0131&#8217;nda bulunan 2 g\u00fcvenlik \u00fcs b\u00f6lgesine, PKK&#8217;l\u0131lar taraf\u0131ndan ak\u015fam saatlerinde silahl\u0131 sald\u0131r\u0131 d\u00fczenlendi. \u00dcs b\u00f6lgesinde bulunan askerlerin de kar\u015f\u0131l\u0131k vermesiyle birlikte \u00e7\u0131kan ve 1.5 saat s\u00fcren \u00e7at\u0131\u015fmada, \u00f6l\u00fc ya da yaral\u0131 konusunda herhangi bir bilgi al\u0131namad\u0131.<\/p>\n<p style=\"text-align: justify;\">\u00d6te yandan PKK&#8217;n\u0131n kurulu\u015f y\u0131l d\u00f6n\u00fcm\u00fc nedeniyle bug\u00fcn Siirt&#8217;te yasad\u0131\u015f\u0131 g\u00f6steri d\u00fczenleyen \u00f6rg\u00fct yanda\u015flar\u0131, il merkezinde bir arac\u0131 ate\u015fe verdi.<\/p>\n<p style=\"text-align: justify;\"><a href=\"http:\/\/www.cnnturk.com\/2011\/turkiye\/08\/15\/osmaniyede.catisma.1.sehit\/626214.0\/index.html\" target=\"_blank\">Kaynak : CNN T\u00dcRK<\/a><\/p>\n","protected":false},"excerpt":{"rendered":"<p style=\"text-align: center;\">\n<p style=\"text-align: justify;\">Osmaniye&#8217;de, g\u00fcvenlik g\u00fc\u00e7leri ile ter\u00f6ristler aras\u0131nda \u00e7\u0131kan \u00e7at\u0131\u015fmada 1 asker \u015fehit oldu, 1 asker yaraland\u0131.<\/p>\n<p style=\"text-align: justify;\">Al\u0131nan bilgeye g\u00f6re, Osmaniye&#8217;nin Zorkun Yaylas\u0131 Ha\u00e7bel mevkisinde g\u00fcvenlik g\u00fc\u00e7leriyle ter\u00f6ristler aras\u0131nda aras\u0131nda \u00e7at\u0131\u015fma \u00e7\u0131kt\u0131.<\/p>\n<p style=\"text-align: justify;\">\u00c7at\u0131\u015fmada bir asker \u015fehit oldu, bir asker yaraland\u0131. Yaral\u0131 asker Osmaniye Devlet Hastanesi&#8217;nde tedavi alt\u0131na al\u0131nd\u0131. <\/p>\n","protected":false},"author":1,"featured_media":0,"comment_status":"open","ping_status":"open","sticky":false,"template":"","format":"standard","meta":{"footnotes":""},"categories":[105],"tags":[],"class_list":["post-38600","post","type-post","status-publish","format-standard","hentry","category-gundem","odd"],"_links":{"self":[{"href":"http:\/\/www.korhanyilmaz.com\/index.php?rest_route=\/wp\/v2\/posts\/38600","targetHints":{"allow":["GET"]}}],"collection":[{"href":"http:\/\/www.korhanyilmaz.com\/index.php?rest_route=\/wp\/v2\/posts"}],"about":[{"href":"http:\/\/www.korhanyilmaz.com\/index.php?rest_route=\/wp\/v2\/types\/post"}],"author":[{"embeddable":true,"href":"http:\/\/www.korhanyilmaz.com\/index.php?rest_route=\/wp\/v2\/users\/1"}],"replies":[{"embeddable":true,"href":"http:\/\/www.korhanyilmaz.com\/index.php?rest_route=%2Fwp%2Fv2%2Fcomments&post=38600"}],"version-history":[{"count":0,"href":"http:\/\/www.korhanyilmaz.com\/index.php?rest_route=\/wp\/v2\/posts\/38600\/revisions"}],"wp:attachment":[{"href":"http:\/\/www.korhanyilmaz.com\/index.php?rest_route=%2Fwp%2Fv2%2Fmedia&parent=38600"}],"wp:term":[{"taxonomy":"category","embeddable":true,"href":"http:\/\/www.korhanyilmaz.com\/index.php?rest_route=%2Fwp%2Fv2%2Fcategories&post=38600"},{"taxonomy":"post_tag","embeddable":true,"href":"http:\/\/www.korhanyilmaz.com\/index.php?rest_route=%2Fwp%2Fv2%2Ftags&post=38600"}],"curies":[{"name":"wp","href":"https:\/\/api.w.org\/{rel}","templated":true}]}}