{"id":38596,"date":"2011-08-15T19:05:55","date_gmt":"2011-08-15T16:05:55","guid":{"rendered":"http:\/\/www.korhanyilmaz.com\/?p=38596"},"modified":"2011-08-15T21:25:32","modified_gmt":"2011-08-15T18:25:32","slug":"icisleri-bakanindan-karayilan-aciklamasi","status":"publish","type":"post","link":"http:\/\/www.korhanyilmaz.com\/?p=38596","title":{"rendered":"\u0130\u00e7i\u015fleri Bakan\u0131&#8217;ndan Karay\u0131lan a\u00e7\u0131klamas\u0131"},"content":{"rendered":"<p style=\"text-align: center;\"><a href=\"http:\/\/www.korhanyilmaz.com\/wp-content\/uploads\/2011\/08\/6121.jpg\"  class=\"lightview\"><img loading=\"lazy\" decoding=\"async\" class=\"aligncenter size-full wp-image-38597\" src=\"http:\/\/www.korhanyilmaz.com\/wp-content\/uploads\/2011\/08\/6121.jpg\" alt=\"\" width=\"263\" height=\"250\" \/><\/a><\/p>\n<p style=\"text-align: justify;\">\u0130\u00e7i\u015fleri Bakan\u0131 \u0130dris Naim \u015eahin, Murat Karay\u0131lan&#8217;\u0131n yakaland\u0131\u011f\u0131na ili\u015fkin iddialarla ilgili olarak, &#8220;\u015eu anda yeni bir geli\u015fmemiz yok. Yans\u0131yan haberlerde ismi ayn\u0131, soyad\u0131 farkl\u0131 olan bir ba\u015fka ter\u00f6rist, ter\u00f6r y\u00f6neticisinin yakalanmas\u0131yla ilgili oradan gelen bir haber kar\u0131\u015f\u0131kl\u0131\u011f\u0131d\u0131r&#8221; dedi.<!--more--><\/p>\n<p style=\"text-align: justify;\">Ba\u015fbakan Recep Tayyip Erdo\u011fan ba\u015fkanl\u0131\u011f\u0131nda, AK Parti Genel Merkezinde, Ba\u015fbakan Yard\u0131mc\u0131lar\u0131 Bekir Bozda\u011f ve Be\u015fir Atalay, Adalet Bakan\u0131 Sadullah Ergin, D\u0131\u015fi\u015fleri Bakan\u0131 Ahmet Davuto\u011flu, Milli Savunma Bakan\u0131 \u0130smet Y\u0131lmaz ve \u0130\u00e7i\u015fleri Bakan\u0131 idris Naim \u015eahin&#8217;in kat\u0131l\u0131m\u0131yla bir toplant\u0131 yap\u0131ld\u0131.<\/p>\n<p style=\"text-align: justify;\">\u0130\u00e7i\u015fleri Bakan\u0131 \u015eahin, toplant\u0131n\u0131n ard\u0131ndan parti genel merkezinden ayr\u0131l\u0131rken gazetecilerin sorular\u0131n\u0131 yan\u0131tlad\u0131.<\/p>\n<p style=\"text-align: justify;\">&#8220;Murat Karay\u0131lan&#8217;\u0131n yakalanmas\u0131yla ilgili baz\u0131 farkl\u0131 haberler kamuoyuna yans\u0131d\u0131. Bu noktada yeni bir geli\u015fme var m\u0131&#8221; sorusuna \u015eahin, &#8220;\u015eu anda yeni bir geli\u015fmemiz yok. Yans\u0131yan haberlerde ismi ayn\u0131, soyad\u0131 farkl\u0131 olan bir ba\u015fka ter\u00f6rist, ter\u00f6r y\u00f6neticisinin yakalanmas\u0131yla ilgili oradan gelen bir haber kar\u0131\u015f\u0131kl\u0131\u011f\u0131d\u0131r&#8221; yan\u0131t\u0131n\u0131 verdi.<\/p>\n<p style=\"text-align: justify;\">&#8220;AK Parti&#8217;de yap\u0131lan toplant\u0131n\u0131n sorulmas\u0131 \u00fczerine de \u015eahin, kendisinin MKYK \u00fcyesi oldu\u011funu belirterek, &#8220;Partimde bir konuyu g\u00f6r\u00fc\u015fmeye geldim&#8221; diye konu\u015ftu.<\/p>\n<p style=\"text-align: justify;\">Bir gazetecinin, &#8220;Ter\u00f6rle m\u00fccadelede yeni stratejiyle ilgili bir \u015fey konu\u015ftunuz mu? Ba\u015fbakan&#8217;\u0131n sert a\u00e7\u0131klamalar\u0131 oldu bu konuda. Ramazan sonras\u0131n\u0131 i\u015faret etti&#8230;&#8221; s\u00f6zleri \u00fczerine \u015eahin, &#8220;\u00c7ok sert de\u011fil, Say\u0131n Ba\u015fbakan&#8217;\u0131n her zamanki normal konu\u015fmalar\u0131&#8230; Ramazan sonras\u0131, \u00f6ncesi her an\u0131n gerekli tedbirleri al\u0131n\u0131r. Ama ramazan sonras\u0131nda yine ilave tedbirler al\u0131n\u0131r, ramazan\u0131n ay olarak ta\u015f\u0131d\u0131\u011f\u0131 \u00f6zelli\u011fe ba\u011fl\u0131, herkes g\u00fcnl\u00fck program\u0131n\u0131 g\u00f6zden ge\u00e7irir. G\u00fcvenlikte de m\u00fcmk\u00fcnse ramazan\u0131n \u00f6zelli\u011fine uygun tutum ve tedbirler geli\u015ftirilebilir&#8221; diye konu\u015ftu.<\/p>\n<p style=\"text-align: justify;\"><a href=\"http:\/\/www.cnnturk.com\/2011\/turkiye\/08\/15\/icisleri.bakanindan.karayilan.aciklamasi\/626208.0\/index.html\" target=\"_blank\">Kaynak : CNN T\u00dcRK<\/a><\/p>\n","protected":false},"excerpt":{"rendered":"<p style=\"text-align: center;\">\n<p style=\"text-align: justify;\">\u0130\u00e7i\u015fleri Bakan\u0131 \u0130dris Naim \u015eahin, Murat Karay\u0131lan&#8217;\u0131n yakaland\u0131\u011f\u0131na ili\u015fkin iddialarla ilgili olarak, &#8220;\u015eu anda yeni bir geli\u015fmemiz yok. Yans\u0131yan haberlerde ismi ayn\u0131, soyad\u0131 farkl\u0131 olan bir ba\u015fka ter\u00f6rist, ter\u00f6r y\u00f6neticisinin yakalanmas\u0131yla ilgili oradan gelen bir haber kar\u0131\u015f\u0131kl\u0131\u011f\u0131d\u0131r&#8221; dedi.<\/p>\n","protected":false},"author":1,"featured_media":0,"comment_status":"open","ping_status":"open","sticky":false,"template":"","format":"standard","meta":{"footnotes":""},"categories":[105],"tags":[],"class_list":["post-38596","post","type-post","status-publish","format-standard","hentry","category-gundem","odd"],"_links":{"self":[{"href":"http:\/\/www.korhanyilmaz.com\/index.php?rest_route=\/wp\/v2\/posts\/38596","targetHints":{"allow":["GET"]}}],"collection":[{"href":"http:\/\/www.korhanyilmaz.com\/index.php?rest_route=\/wp\/v2\/posts"}],"about":[{"href":"http:\/\/www.korhanyilmaz.com\/index.php?rest_route=\/wp\/v2\/types\/post"}],"author":[{"embeddable":true,"href":"http:\/\/www.korhanyilmaz.com\/index.php?rest_route=\/wp\/v2\/users\/1"}],"replies":[{"embeddable":true,"href":"http:\/\/www.korhanyilmaz.com\/index.php?rest_route=%2Fwp%2Fv2%2Fcomments&post=38596"}],"version-history":[{"count":0,"href":"http:\/\/www.korhanyilmaz.com\/index.php?rest_route=\/wp\/v2\/posts\/38596\/revisions"}],"wp:attachment":[{"href":"http:\/\/www.korhanyilmaz.com\/index.php?rest_route=%2Fwp%2Fv2%2Fmedia&parent=38596"}],"wp:term":[{"taxonomy":"category","embeddable":true,"href":"http:\/\/www.korhanyilmaz.com\/index.php?rest_route=%2Fwp%2Fv2%2Fcategories&post=38596"},{"taxonomy":"post_tag","embeddable":true,"href":"http:\/\/www.korhanyilmaz.com\/index.php?rest_route=%2Fwp%2Fv2%2Ftags&post=38596"}],"curies":[{"name":"wp","href":"https:\/\/api.w.org\/{rel}","templated":true}]}}