{"id":38592,"date":"2011-08-15T17:41:49","date_gmt":"2011-08-15T14:41:49","guid":{"rendered":"http:\/\/www.korhanyilmaz.com\/?p=38592"},"modified":"2011-08-15T21:17:44","modified_gmt":"2011-08-15T18:17:44","slug":"erdoganin-cikisina-mhpden-tepki","status":"publish","type":"post","link":"http:\/\/www.korhanyilmaz.com\/?p=38592","title":{"rendered":"Erdo\u011fan&#8217;\u0131n \u00e7\u0131k\u0131\u015f\u0131na MHP&#8217;den tepki"},"content":{"rendered":"<p style=\"text-align: justify;\"><a href=\"http:\/\/www.korhanyilmaz.com\/wp-content\/uploads\/2011\/08\/6120.jpg\"  class=\"lightview\"><img loading=\"lazy\" decoding=\"async\" class=\"aligncenter size-full wp-image-38593\" title=\"\" src=\"http:\/\/www.korhanyilmaz.com\/wp-content\/uploads\/2011\/08\/6120.jpg\" alt=\"\" width=\"292\" height=\"225\" \/><\/a><\/p>\n<p style=\"text-align: justify;\">MHP Grup Ba\u015fkanvekili Oktay Vural, &#8220;AKP d\u00f6neminde 822 \u015fehidimiz olmu\u015ftur. Bu \u015fehitler verildi\u011fi zaman b\u0131\u00e7ak kemi\u011finize dayanmam\u0131\u015f m\u0131yd\u0131? Bu \u015fehitlerin verilmesini niye bekledin?&#8221; diye sordu.<\/p>\n<p style=\"text-align: justify;\">Vural, d\u00fczenledi\u011fi bas\u0131n toplant\u0131s\u0131nda, Ba\u015fbakan Recep Tayyip Erdo\u011fan&#8217;\u0131n PKK ter\u00f6r\u00fcyle ilgili &#8220;b\u0131\u00e7ak kemi\u011fe dayand\u0131, Ramazan diye sabrediyoruz&#8221; a\u00e7\u0131klamalar\u0131n\u0131 ele\u015ftirdi.\u00a0<!--more--><\/p>\n<p style=\"text-align: justify;\">Ba\u015fbakan&#8217;\u0131n bu a\u00e7\u0131klamalarla &#8220;ter\u00f6rle m\u00fczakere sonucunda milletin b\u00f6l\u00fcnme s\u00fcrecine nas\u0131l getirildi\u011fini adeta itiraf etti\u011fini&#8221; savunan Vural, &#8220;Bu, AKP&#8217;nin eseridir&#8221; dedi.<\/p>\n<p style=\"text-align: justify;\">Oktay Vural, \u015f\u00f6yle konu\u015ftu: &#8220;AKP d\u00f6neminde 822 \u015fehidimiz olmu\u015ftur. Bu \u015fehitler verildi\u011fi zaman b\u0131\u00e7ak kemi\u011finize dayanmam\u0131\u015f m\u0131yd\u0131? Bu \u015fehitlerin verilmesini niye bekledin? 2007 y\u0131l\u0131nda Meclisten ald\u0131\u011f\u0131n s\u0131n\u0131r \u00f6tesi operasyon yetkisini niye kullanmad\u0131n? Biz bu laflar\u0131 \u00e7ok i\u015fittik. Daha ka\u00e7 kere i\u015fitece\u011fiz? Bu b\u0131\u00e7a\u011f\u0131n bo\u011faz\u0131m\u0131z\u0131 kesip kemi\u011fe kadar dayanmas\u0131na nas\u0131l izin verdin? Ka\u00e7 tane \u015fehidimize maloldu senin bu politikalar\u0131n?<\/p>\n<p style=\"text-align: justify;\">Ter\u00f6rle m\u00fccadelede \u015fehitlerimizin olmas\u0131 i\u00e7in mi sabrediyorsun? K\u0131nal\u0131 kuzular\u0131 \u015fehit olmas\u0131 i\u00e7in mi g\u00f6nderiyorsun? Burada bir itiraf da var. Elindeki imkanlar\u0131 kullanmam\u0131\u015f demektir. Hani bir tane \u015fehidin 550 vekile de\u011ferdi. Ne oldu?<\/p>\n<p style=\"text-align: justify;\">Senin izin verdi\u011fin NATO u\u00e7aklar\u0131 Ramazan diye beklemiyor, bombalar\u0131 indiriyor sivilleri \u00f6ld\u00fcr\u00fcyor da burada &#8216;Ramazan diye sabrediyoruz&#8217; diye s\u00f6yl\u00fcyor. Ramazan de\u011fildi bundan \u00f6nce. Daha Ramazan&#8217;\u0131n 14. g\u00fcn\u00fc. 15 g\u00fcn \u00f6nce neredeydin, 1 y\u0131l \u00f6nce neredeydin?&#8221;<\/p>\n<p style=\"text-align: justify;\">Vural, daha \u00f6nce de h\u00fck\u00fcmet yetkilileri taraf\u0131ndan benzer ifadelerin kullan\u0131ld\u0131\u011f\u0131n\u0131 dile getirerek, buna ili\u015fkin \u00f6rnekler verdi.<\/p>\n<p style=\"text-align: justify;\">Ba\u015fbakan Erdo\u011fan&#8217;\u0131n &#8220;Ter\u00f6r \u00f6rg\u00fct\u00fcyle aras\u0131na mesafe koymayanlar bedel \u00f6deyecek&#8221; dedi\u011fini anlatan Vural, &#8220;Sen \u0130mral\u0131 ile arana mesafe koydun mu? Muhatap ald\u0131n, do\u011frudan g\u00f6r\u00fc\u015f\u00fcyorsun&#8221; \u015feklinde konu\u015ftu.<\/p>\n<p style=\"text-align: justify;\"><a href=\"http:\/\/www.cnnturk.com\/2011\/turkiye\/08\/15\/erdoganin.cikisina.mhpden.tepki\/626201.0\/index.html\" target=\"_blank\">Kaynak : CNN T\u00dcRK<\/a><\/p>\n","protected":false},"excerpt":{"rendered":"<p style=\"text-align: justify;\">\n<p style=\"text-align: justify;\">MHP Grup Ba\u015fkanvekili Oktay Vural, &#8220;AKP d\u00f6neminde 822 \u015fehidimiz olmu\u015ftur. Bu \u015fehitler verildi\u011fi zaman b\u0131\u00e7ak kemi\u011finize dayanmam\u0131\u015f m\u0131yd\u0131? Bu \u015fehitlerin verilmesini niye bekledin?&#8221; diye sordu.<\/p>\n<p style=\"text-align: justify;\">Vural, d\u00fczenledi\u011fi bas\u0131n toplant\u0131s\u0131nda, Ba\u015fbakan Recep Tayyip Erdo\u011fan&#8217;\u0131n PKK ter\u00f6r\u00fcyle ilgili &#8220;b\u0131\u00e7ak kemi\u011fe dayand\u0131, Ramazan diye sabrediyoruz&#8221; a\u00e7\u0131klamalar\u0131n\u0131 ele\u015ftirdi. <\/p>\n","protected":false},"author":1,"featured_media":0,"comment_status":"open","ping_status":"open","sticky":false,"template":"","format":"standard","meta":{"footnotes":""},"categories":[105],"tags":[],"class_list":["post-38592","post","type-post","status-publish","format-standard","hentry","category-gundem","odd"],"_links":{"self":[{"href":"http:\/\/www.korhanyilmaz.com\/index.php?rest_route=\/wp\/v2\/posts\/38592","targetHints":{"allow":["GET"]}}],"collection":[{"href":"http:\/\/www.korhanyilmaz.com\/index.php?rest_route=\/wp\/v2\/posts"}],"about":[{"href":"http:\/\/www.korhanyilmaz.com\/index.php?rest_route=\/wp\/v2\/types\/post"}],"author":[{"embeddable":true,"href":"http:\/\/www.korhanyilmaz.com\/index.php?rest_route=\/wp\/v2\/users\/1"}],"replies":[{"embeddable":true,"href":"http:\/\/www.korhanyilmaz.com\/index.php?rest_route=%2Fwp%2Fv2%2Fcomments&post=38592"}],"version-history":[{"count":0,"href":"http:\/\/www.korhanyilmaz.com\/index.php?rest_route=\/wp\/v2\/posts\/38592\/revisions"}],"wp:attachment":[{"href":"http:\/\/www.korhanyilmaz.com\/index.php?rest_route=%2Fwp%2Fv2%2Fmedia&parent=38592"}],"wp:term":[{"taxonomy":"category","embeddable":true,"href":"http:\/\/www.korhanyilmaz.com\/index.php?rest_route=%2Fwp%2Fv2%2Fcategories&post=38592"},{"taxonomy":"post_tag","embeddable":true,"href":"http:\/\/www.korhanyilmaz.com\/index.php?rest_route=%2Fwp%2Fv2%2Ftags&post=38592"}],"curies":[{"name":"wp","href":"https:\/\/api.w.org\/{rel}","templated":true}]}}