{"id":38587,"date":"2011-08-15T17:56:02","date_gmt":"2011-08-15T14:56:02","guid":{"rendered":"http:\/\/www.korhanyilmaz.com\/?p=38587"},"modified":"2011-08-15T20:36:32","modified_gmt":"2011-08-15T17:36:32","slug":"turkiyenin-yakindan-takip-ettig-dava-basladi","status":"publish","type":"post","link":"http:\/\/www.korhanyilmaz.com\/?p=38587","title":{"rendered":"T\u00fcrkiye&#8217;nin yak\u0131ndan takip etti\u011f dava ba\u015flad\u0131"},"content":{"rendered":"<p style=\"text-align: justify;\">\n<p style=\"text-align: justify;\"><a href=\"http:\/\/www.korhanyilmaz.com\/wp-content\/uploads\/2011\/08\/61191.jpg\"  class=\"lightview\"><img loading=\"lazy\" decoding=\"async\" class=\"aligncenter size-full wp-image-38590\" title=\"\" src=\"http:\/\/www.korhanyilmaz.com\/wp-content\/uploads\/2011\/08\/61191.jpg\" alt=\"\" width=\"315\" height=\"191\" \/><\/a><\/p>\n<p style=\"text-align: justify;\">T\u00fcrkiye&#8217;nin yak\u0131ndan takip etti\u011fi Roj Tv&#8217;yi kapatma davas\u0131 Danimarka&#8217;da ba\u015flad\u0131. PKK&#8217;l\u0131lar mahkeme binas\u0131 \u00f6n\u00fcnde g\u00f6steri d\u00fczenlerken, BDP milletvekilleri Ayla Akat, Nazmi G\u00fcl ve Nursel Aydo\u011fan duru\u015fmay\u0131 izlemek \u00fczere Kopenhag&#8217;a gitti.<\/p>\n<p style=\"text-align: justify;\">Devlet Ba\u015fsavc\u0131l\u0131\u011f\u0131n\u0131n Adalet Bakan\u0131 Lars Berfoed&#8217;in talimat\u0131 ile a\u00e7t\u0131\u011f\u0131 Roj Tv&#8217;yi kapatma davas\u0131 Kopenhag \u015eehir Mahkemesi&#8217;nde ba\u015flad\u0131. Davan\u0131n g\u00f6r\u00fcld\u00fc\u011f\u00fc mahkeme binas\u0131 ve \u00e7evresinde yo\u011fun g\u00fcvenlik \u00f6nlemleri alan polis, \u00e7evrede ku\u015f u\u00e7urtmad\u0131.<!--more--><\/p>\n<p style=\"text-align: justify;\">Ancak ana mahkeme binas\u0131n\u0131n \u00f6n\u00fcndeki meydanda \u00e7ad\u0131r kuran Roj Tv ve PKK yanda\u015flar\u0131 ellerinde Abdullah \u00d6calan ve s\u00f6zde PKK bayra\u011f\u0131 ile g\u00f6steri yapt\u0131. G\u00fcnlerdir devam eden t\u00fcm \u00e7a\u011fr\u0131lara ra\u011fmen mahkeme binas\u0131 \u00f6n\u00fcnde PKK destek\u00e7isi yakla\u015f\u0131k 100 ki\u015finin topland\u0131\u011f\u0131 g\u00f6r\u00fcld\u00fc. Duru\u015fmay\u0131 izlemek i\u00e7in T\u00fcrkiye&#8217;den BDP Batman Milletvekili Ayla Akat, Nazmi G\u00fcl ve Diyarbak\u0131r Milletvekili Nursel Aydo\u011fan da Kopenhag&#8217;a geldi.<\/p>\n<p style=\"text-align: justify;\"><strong>Savunma avukat\u0131 \u015fov yap\u0131yor\u00a0<\/strong><\/p>\n<p style=\"text-align: justify;\">Duru\u015fma savc\u0131s\u0131 Jakob Buch Jepsen iddanamesine &#8220;Roj Tv normal bir medya kurulu\u015fu de\u011fildir. PKK&#8217;n\u0131n borazan\u0131d\u0131r. PKK lideri ve y\u00f6neticileri hi\u00e7 engelsiz tv kanal\u0131n\u0131 kullanabilmekte, \u00f6rg\u00fcte yeni \u00fcyeler kazanmak i\u00e7in \u00e7a\u011fr\u0131da bulunabilmektedir. Propaganda sempatinin d\u0131\u015f\u0131nda tutulmal\u0131d\u0131r. Roj Tv, PKK&#8217;n\u0131n propaganda arac\u0131d\u0131r&#8221; s\u00f6zleri ile ba\u015flad\u0131.<\/p>\n<p style=\"text-align: justify;\">Roj Tv&#8217;nin 2002 y\u0131l\u0131nda \u00e7\u0131kar\u0131lan ter\u00f6rle m\u00fccadele yasas\u0131n\u0131n 114&#8217;\u00fcnc\u00fc maddesi uyar\u0131nca cezaland\u0131r\u0131lmas\u0131n\u0131 isteyen Savc\u0131 Jepsen, ilgili maddenin daha \u00f6nce sadece bir kez kullan\u0131ld\u0131\u011f\u0131n\u0131 belirterek, Fas as\u0131ll\u0131 Danimarka vatanda\u015f\u0131 Said Mansour&#8217;un 3,5 y\u0131l ceza ald\u0131\u011f\u0131n\u0131 hat\u0131rlatt\u0131. Savc\u0131 duru\u015fma hakimine Roj Tv&#8217;yi kapatma davas\u0131yla ilgili soru\u015fturma ve delillerin bulundu\u011fu 26 mavi dosya ile, ekonomik ili\u015fkilerini g\u00f6steren 13 dosya sundu. Duru\u015fma hakimi, Roj Tv&#8217;nin savunma avukat\u0131 Bj\u00f6rn Elmquist&#8217;in sru\u015fturmay\u0131 y\u00fcr\u00fcten iki savc\u0131n\u0131n \u015fahit olarak dinlenmesi ve davan\u0131n tamamen d\u00fc\u015fmesi taleplerini red etti. B\u00f6ylece davan\u0131n daha ilk g\u00fcn\u00fcnde \u00f6\u011fleden \u00f6nceki duru\u015fmada Roj Tv iki kez yenilgiye u\u011fram\u0131\u015f oldu. Savc\u0131 Jepsen, savunma avukat\u0131n\u0131n duru\u015fmada \u015fov yapt\u0131\u011f\u0131n\u0131 s\u00f6yledi.<\/p>\n<p style=\"text-align: justify;\">25 Duru\u015fmada tamamlanmas\u0131 beklenen dava Danimarka ve d\u00fcnya medyas\u0131 taraf\u0131ndan da yak\u0131n ilgi g\u00f6r\u00fcyor. Yakla\u015f\u0131k 3 ay s\u00fcrmesi beklenen dava ile ilgili yorum yapan baz\u0131 hukuk\u00e7ular, mahkemenin Roj Tv&#8217;ye tekrar ba\u015fka bir \u00fclkenin lisans\u0131 ile yay\u0131n yapma g\u00fcc\u00fcn\u00fc bulamayacak kadar para cezas\u0131 verebilece\u011fini s\u00f6ylediler.<\/p>\n<p style=\"text-align: justify;\"><a href=\"http:\/\/www.cnnturk.com\/2011\/turkiye\/08\/15\/turkiyenin.yakindan.takip.ettig.dava.basladi\/626202.0\/index.html\" target=\"_blank\">Kaynak : CNN T\u00dcRK<\/a><\/p>\n","protected":false},"excerpt":{"rendered":"<p style=\"text-align: justify;\">\n<p style=\"text-align: justify;\">\n<p style=\"text-align: justify;\">T\u00fcrkiye&#8217;nin yak\u0131ndan takip etti\u011fi Roj Tv&#8217;yi kapatma davas\u0131 Danimarka&#8217;da ba\u015flad\u0131. PKK&#8217;l\u0131lar mahkeme binas\u0131 \u00f6n\u00fcnde g\u00f6steri d\u00fczenlerken, BDP milletvekilleri Ayla Akat, Nazmi G\u00fcl ve Nursel Aydo\u011fan duru\u015fmay\u0131 izlemek \u00fczere Kopenhag&#8217;a gitti.<\/p>\n<p style=\"text-align: justify;\">Devlet Ba\u015fsavc\u0131l\u0131\u011f\u0131n\u0131n Adalet Bakan\u0131 Lars Berfoed&#8217;in talimat\u0131 ile a\u00e7t\u0131\u011f\u0131 Roj Tv&#8217;yi kapatma davas\u0131 Kopenhag \u015eehir <\/p>\n","protected":false},"author":1,"featured_media":0,"comment_status":"open","ping_status":"open","sticky":false,"template":"","format":"standard","meta":{"footnotes":""},"categories":[105],"tags":[],"class_list":["post-38587","post","type-post","status-publish","format-standard","hentry","category-gundem","odd"],"_links":{"self":[{"href":"http:\/\/www.korhanyilmaz.com\/index.php?rest_route=\/wp\/v2\/posts\/38587","targetHints":{"allow":["GET"]}}],"collection":[{"href":"http:\/\/www.korhanyilmaz.com\/index.php?rest_route=\/wp\/v2\/posts"}],"about":[{"href":"http:\/\/www.korhanyilmaz.com\/index.php?rest_route=\/wp\/v2\/types\/post"}],"author":[{"embeddable":true,"href":"http:\/\/www.korhanyilmaz.com\/index.php?rest_route=\/wp\/v2\/users\/1"}],"replies":[{"embeddable":true,"href":"http:\/\/www.korhanyilmaz.com\/index.php?rest_route=%2Fwp%2Fv2%2Fcomments&post=38587"}],"version-history":[{"count":0,"href":"http:\/\/www.korhanyilmaz.com\/index.php?rest_route=\/wp\/v2\/posts\/38587\/revisions"}],"wp:attachment":[{"href":"http:\/\/www.korhanyilmaz.com\/index.php?rest_route=%2Fwp%2Fv2%2Fmedia&parent=38587"}],"wp:term":[{"taxonomy":"category","embeddable":true,"href":"http:\/\/www.korhanyilmaz.com\/index.php?rest_route=%2Fwp%2Fv2%2Fcategories&post=38587"},{"taxonomy":"post_tag","embeddable":true,"href":"http:\/\/www.korhanyilmaz.com\/index.php?rest_route=%2Fwp%2Fv2%2Ftags&post=38587"}],"curies":[{"name":"wp","href":"https:\/\/api.w.org\/{rel}","templated":true}]}}