{"id":38580,"date":"2011-08-15T11:54:12","date_gmt":"2011-08-15T08:54:12","guid":{"rendered":"http:\/\/www.korhanyilmaz.com\/?p=38580"},"modified":"2011-08-15T14:19:39","modified_gmt":"2011-08-15T11:19:39","slug":"balanli-alkislarla-basladi","status":"publish","type":"post","link":"http:\/\/www.korhanyilmaz.com\/?p=38580","title":{"rendered":"Balanl\u0131 alk\u0131\u015flarla ba\u015flad\u0131"},"content":{"rendered":"<p style=\"text-align: center;\"><a href=\"http:\/\/www.korhanyilmaz.com\/wp-content\/uploads\/2011\/08\/6117.jpg\"  class=\"lightview\"><img loading=\"lazy\" decoding=\"async\" class=\"aligncenter size-full wp-image-38581\" src=\"http:\/\/www.korhanyilmaz.com\/wp-content\/uploads\/2011\/08\/6117.jpg\" alt=\"\" width=\"462\" height=\"210\" \/><\/a><\/p>\n<p style=\"text-align: justify;\">\u0130lk kez hakim kar\u015f\u0131s\u0131na \u00e7\u0131kan Orgeneral Bilgin Balanl\u0131, &#8220;TSK personeli \u00fczerinden al\u00e7ak\u00e7a bir oyun oynanmaktad\u0131r. TSK\u2019ya kar\u015f\u0131 ger\u00e7ekle\u015ftirilen tasfiye ba\u015far\u0131ya ula\u015fm\u0131\u015f g\u00f6r\u00fcn\u00fcyor&#8221; dedi, salondakiler alk\u0131\u015flad\u0131.<\/p>\n<p style=\"text-align: justify;\">\u0130STANBUL &#8211; \u0130kinci &#8221;Balyoz Plan\u0131&#8221; davas\u0131 kapsam\u0131nda Orgeneral Bilgin Balanl\u0131&#8217;n\u0131n da aralar\u0131nda bulundu\u011fu 21&#8217;i tutuklu 28 san\u0131\u011f\u0131n 20&#8217;\u015fer y\u0131la kadar hapis cezas\u0131 istemiyle yarg\u0131lanmalar\u0131na ba\u015fland\u0131.\u00a0<!--more--><\/p>\n<p style=\"text-align: justify;\">\u0130stanbul 10. A\u011f\u0131r Ceza Mahkemesince Silivri Ceza \u0130nfaz Kurumlar\u0131 Yerle\u015fkesi&#8217;nde olu\u015fturulan salonunda yap\u0131lan duru\u015fmaya, Orgeneral Bilgin Balanl\u0131, Korgeneral Turgut Atman, T\u00fcmgeneral \u0130smail Ta\u015f&#8217;\u0131n da aralar\u0131nda bulundu\u011fu 21&#8242; tutuklu san\u0131k ile tutuksuz san\u0131klar Cumhur Ery\u00fcksel, Do\u011fan Uysal, Emin Hakan \u00d6zbek, T\u00fclay Deliba\u015f ve Ali Cengiz \u015eirin kat\u0131ld\u0131.<\/p>\n<p style=\"text-align: justify;\">Duru\u015fmaya hakk\u0131nda yakalama karar\u0131 bulunan T\u00fcmgeneral Beyaz\u0131t Karata\u015f ile tutuksuz san\u0131k T\u00fcmamiral Ahmet Sinan Ertu\u011frul kat\u0131lmad\u0131. Duru\u015fmada, iddianamenin kabul\u00fc karar\u0131n\u0131n okunmas\u0131n\u0131n ard\u0131ndan Mahkeme Ba\u015fkan\u0131 \u00d6mer Diken, tutuksuz san\u0131k b\u00f6l\u00fcm\u00fcn\u00fcn uzakta olmas\u0131 nedeniyle tutuksuz san\u0131klar\u0131nda tutuklu san\u0131klar b\u00f6l\u00fcm\u00fcnde oturmas\u0131n\u0131 istedi. Duru\u015fmada yoklaman\u0131n ard\u0131ndan, san\u0131klar\u0131n kimlik tespitine ge\u00e7ildi.<\/p>\n<p style=\"text-align: justify;\">Kimlik tespiti s\u0131ras\u0131nda tutuklu san\u0131k Orgeneral Bilgin Balanl\u0131, ayl\u0131k gelirinin 7 bin lira oldu\u011funu belirterek, Y\u00fcksek Askeri \u015eura \u00fcyesi oldu\u011funu s\u00f6yledi. San\u0131klardan en d\u00fc\u015f\u00fck geliri olan ise 2 bin 600 lira ile Binba\u015f\u0131 Refik Levent Tezcan olarak tutana\u011fa ge\u00e7ti. Tutuklu san\u0131k T\u00fcmgeneral \u0130smail Ta\u015f da ayl\u0131k gelirinin 5 bin 500 TL oldu\u011funu belirterek, &#8221;Hava generaliyim ve hava e\u011fitim komutan Yard\u0131mc\u0131s\u0131y\u0131m&#8221; dedi.<\/p>\n<p style=\"text-align: justify;\"><strong>REDD\u0130 HAK\u0130M TALEB\u0130<\/strong><\/p>\n<p style=\"text-align: justify;\">Kimlik tespitinin ard\u0131ndan Mahkeme Ba\u015fkan\u0131 Diken, iddianamenin okunmas\u0131na ge\u00e7ilece\u011fini a\u00e7\u0131klad\u0131. Ancak bu s\u0131rada baz\u0131 san\u0131klar avukat\u0131 Ali Fahir Kayacan, h\u00fckme kat\u0131lacak hakim listesinin kendilerine bildirilmesini isteyerek, daha sonrada reddi hakim talebinde bulunacaklar\u0131n\u0131 s\u00f6yledi.<\/p>\n<p style=\"text-align: justify;\">Mahkeme Ba\u015fkan\u0131 Diken ise avukat Kayacan&#8217;\u0131n talebinin iddianamenin okunmas\u0131ndan sonra de\u011ferlendirilece\u011fini a\u00e7\u0131klad\u0131. Bu s\u0131rada avukat Celal \u00dclgen de mahkemenin bu karar\u0131na tepki g\u00f6stererek, ne zaman talepte bulunulaca\u011f\u0131n\u0131n savunma makam\u0131na ait oldu\u011funu belirtti. Bunun \u00fczerine Ba\u015fkan Diken, &#8221;Duru\u015fmay\u0131 y\u00f6neten de mahkeme ba\u015fkan\u0131d\u0131r ve ne zaman s\u00f6z verirse o zaman konu\u015fursunuz&#8221; dedi. Avukat Celal \u00dclgen ise &#8221;Bu, s\u00f6z verme kapsam\u0131nda de\u011fildir. Mahkeme avukat\u0131n ne zaman konu\u015faca\u011f\u0131na karar veremez&#8221; dedi.<\/p>\n<p style=\"text-align: justify;\">Bu tart\u0131\u015fman\u0131n ard\u0131ndan Ba\u015fkan Diken, avukatlar\u0131n taleplerinin iddianamenin okunmas\u0131ndan sonra de\u011ferlendirilece\u011fini karara ba\u011flad\u0131. Ancak tekrar s\u00f6z alan avukat Karacan, gerek\u00e7elerini a\u00e7\u0131klayarak reddi hakim talebinde bulundu.<\/p>\n<p style=\"text-align: justify;\"><strong>S\u00d6ZLER\u0130 ALKI\u015eLANDI<\/strong><\/p>\n<p style=\"text-align: justify;\">Duru\u015fmada savunma yapan Orgeneral Balanl\u0131, \u201cBenim de aralar\u0131nda bulundu\u011fum \u00e7ok say\u0131da TSK personeli akla ve vicdana ayk\u0131r\u0131 bir \u015fekilde tutukludurlar. Bu soru\u015fturma ve dava planl\u0131 bir komplodur. TSK personeli \u00fczerinden al\u00e7ak\u00e7a bir oyun oynanmaktad\u0131r. TSK\u2019ya kar\u015f\u0131 ger\u00e7ekle\u015ftirilen tasfiye ba\u015far\u0131ya ula\u015fm\u0131\u015f g\u00f6r\u00fcn\u00fcyor\u201d dedi. Orgeneral Balanl\u0131\u2019n\u0131n bu s\u00f6zleri salonda alk\u0131\u015f ve \u0131sl\u0131kla kar\u015f\u0131land\u0131. Mahkeme Ba\u015fkan\u0131 bu ki\u015fileri uyard\u0131.<\/p>\n<p style=\"text-align: justify;\"><strong>&#8220;SES\u0130N\u0130 Y\u00dcKSELTME&#8221;<\/strong><\/p>\n<p style=\"text-align: justify;\">Bu arada, Orgeneral Bilgin Balanl\u0131 ile Hakim \u00d6mer Diken aras\u0131nda da tart\u0131\u015fma ya\u015fand\u0131. Hakim Diken, Org. Balanl\u0131\u2019ya \u201cSesini y\u00fckseltmeden konu\u015f\u201d dedi. Bilgin Balanl\u0131 ise konu\u015fmas\u0131n\u0131n b\u00f6yle oldu\u011funu s\u00f6yledi. Balanl\u0131\u2019n\u0131n sesini y\u00fckseltmeye devam etmesi \u00fczerine hakim kendisini bir kez daha uyard\u0131.<\/p>\n<p style=\"text-align: justify;\"><strong>\u0130STENEN CEZALAR<\/strong><\/p>\n<p style=\"text-align: justify;\">San\u0131klar\u0131n, &#8221;T\u00fcrkiye Cumhuriyeti H\u00fck\u00fcmetini cebren \u0131skat veya vazife g\u00f6rmekten cebren men etmeye te\u015febb\u00fcs&#8221; su\u00e7unu i\u015fledikleri belirtilen iddianamede, Orgeneral Bilgin Balanl\u0131, Korgeneral Turgut Atman, T\u00fcmgeneraller \u0130smail Ta\u015f, Nedim G\u00fcng\u00f6r Kuruba\u015f, B\u00fclent Kocababu\u00e7, Tu\u011fgeneraller Mehmet Eldem, Mustafa Erhan Pamuk&#8217;un da aralar\u0131nda bulundu\u011fu 28 san\u0131\u011f\u0131n, eylemlerine uyan ve lehlerine olan eski TCK&#8217;n\u0131n 147 ve 61\/1. maddeleri uyar\u0131nca 15 ile 20&#8217;\u015fer y\u0131l aras\u0131nda hapisle cezaland\u0131r\u0131lmalar\u0131 talep ediliyor.<\/p>\n<p style=\"text-align: justify;\"><a href=\"http:\/\/www.gazeteport.com.tr\/haber\/47267\/balanli_alkislarla_basladi\" target=\"_blank\">Kaynak : GAZETEPORT<\/a><\/p>\n","protected":false},"excerpt":{"rendered":"<p style=\"text-align: center;\">\n<p style=\"text-align: justify;\">\u0130lk kez hakim kar\u015f\u0131s\u0131na \u00e7\u0131kan Orgeneral Bilgin Balanl\u0131, &#8220;TSK personeli \u00fczerinden al\u00e7ak\u00e7a bir oyun oynanmaktad\u0131r. TSK\u2019ya kar\u015f\u0131 ger\u00e7ekle\u015ftirilen tasfiye ba\u015far\u0131ya ula\u015fm\u0131\u015f g\u00f6r\u00fcn\u00fcyor&#8221; dedi, salondakiler alk\u0131\u015flad\u0131.<\/p>\n<p style=\"text-align: justify;\">\u0130STANBUL &#8211; \u0130kinci &#8221;Balyoz Plan\u0131&#8221; davas\u0131 kapsam\u0131nda Orgeneral Bilgin Balanl\u0131&#8217;n\u0131n da aralar\u0131nda bulundu\u011fu 21&#8217;i tutuklu 28 san\u0131\u011f\u0131n 20&#8217;\u015fer y\u0131la kadar hapis cezas\u0131 istemiyle <\/p>\n","protected":false},"author":1,"featured_media":0,"comment_status":"open","ping_status":"open","sticky":false,"template":"","format":"standard","meta":{"footnotes":""},"categories":[105],"tags":[],"class_list":["post-38580","post","type-post","status-publish","format-standard","hentry","category-gundem","odd"],"_links":{"self":[{"href":"http:\/\/www.korhanyilmaz.com\/index.php?rest_route=\/wp\/v2\/posts\/38580","targetHints":{"allow":["GET"]}}],"collection":[{"href":"http:\/\/www.korhanyilmaz.com\/index.php?rest_route=\/wp\/v2\/posts"}],"about":[{"href":"http:\/\/www.korhanyilmaz.com\/index.php?rest_route=\/wp\/v2\/types\/post"}],"author":[{"embeddable":true,"href":"http:\/\/www.korhanyilmaz.com\/index.php?rest_route=\/wp\/v2\/users\/1"}],"replies":[{"embeddable":true,"href":"http:\/\/www.korhanyilmaz.com\/index.php?rest_route=%2Fwp%2Fv2%2Fcomments&post=38580"}],"version-history":[{"count":0,"href":"http:\/\/www.korhanyilmaz.com\/index.php?rest_route=\/wp\/v2\/posts\/38580\/revisions"}],"wp:attachment":[{"href":"http:\/\/www.korhanyilmaz.com\/index.php?rest_route=%2Fwp%2Fv2%2Fmedia&parent=38580"}],"wp:term":[{"taxonomy":"category","embeddable":true,"href":"http:\/\/www.korhanyilmaz.com\/index.php?rest_route=%2Fwp%2Fv2%2Fcategories&post=38580"},{"taxonomy":"post_tag","embeddable":true,"href":"http:\/\/www.korhanyilmaz.com\/index.php?rest_route=%2Fwp%2Fv2%2Ftags&post=38580"}],"curies":[{"name":"wp","href":"https:\/\/api.w.org\/{rel}","templated":true}]}}