{"id":38576,"date":"2011-08-15T13:34:07","date_gmt":"2011-08-15T10:34:07","guid":{"rendered":"http:\/\/www.korhanyilmaz.com\/?p=38576"},"modified":"2011-08-15T14:16:02","modified_gmt":"2011-08-15T11:16:02","slug":"kuzu-asker-askerligini-yapacak","status":"publish","type":"post","link":"http:\/\/www.korhanyilmaz.com\/?p=38576","title":{"rendered":"Kuzu: &#8220;Asker askerli\u011fini yapacak&#8221;"},"content":{"rendered":"<p style=\"text-align: center;\"><a href=\"http:\/\/www.korhanyilmaz.com\/wp-content\/uploads\/2011\/08\/6116.jpg\"  class=\"lightview\"><img loading=\"lazy\" decoding=\"async\" class=\"aligncenter size-full wp-image-38577\" src=\"http:\/\/www.korhanyilmaz.com\/wp-content\/uploads\/2011\/08\/6116.jpg\" alt=\"\" width=\"315\" height=\"223\" \/><\/a><\/p>\n<p style=\"text-align: justify;\">TBMM Anayasa Komisyonu Ba\u015fkan\u0131 Burhan Kuzu, T\u00fcrkiye&#8217;de asker ve sivil dengesinin normalle\u015fti\u011fini s\u00f6yledi. Kuzu, &#8220;Art\u0131k herkes kendi i\u015fini yap\u0131yor. Asker askerli\u011fini, sivil sivilli\u011fini yapacak&#8221; dedi.<\/p>\n<p style=\"text-align: justify;\">AK Parti&#8217;nin 10&#8217;ncu kurulu\u015f y\u0131ld\u00f6n\u00fcm\u00fc nedeniyle d\u00fczenlenen 500 ki\u015filik iftar yeme\u011fine kat\u0131lmak \u00fczere Edirne&#8217;ye gelen Kuzu, yemekte konu\u015ftu.\u00a0<!--more--><\/p>\n<p style=\"text-align: justify;\">Partinin kuruldu\u011fu g\u00fcnden bu yana yap\u0131lan \u00e7al\u0131\u015fmalar\u0131 anlatan Burhan Kuzu, T\u00fcrkiye&#8217;de demokrasinin normalle\u015fti\u011fini s\u00f6yledi.<\/p>\n<p style=\"text-align: justify;\">27 Nisan e-muht\u0131ras\u0131n\u0131n ard\u0131ndan Ba\u015fbakan Erdo\u011fan&#8217;\u0131n dik durulaca\u011f\u0131 mesaj\u0131n\u0131 verdi\u011fini belirten Kuzu, &#8220;Genel ba\u015fkan\u0131m\u0131z Genel Kurmay Ba\u015fkanl\u0131\u011f\u0131&#8217;na a\u00e7\u0131k ve net olarak bizim emrimizde \u00e7al\u0131\u015fan bir kurumsun mesaj\u0131 verdi. 2007 y\u0131l\u0131ndaki 26 maddelik anayasa paketi ge\u00e7memi\u015f olsayd\u0131 T\u00fcrkiye&#8217;de demokrasi bitmi\u015fti. Sa\u011fduyu sayesinde bat\u0131 d\u00fczeyinde bir demokrasinin yolu a\u00e7\u0131lm\u0131\u015f oldu. T\u00fcrkiye&#8217;de yarg\u0131 normalle\u015fiyor. Asker sivil dengesi normalle\u015fiyor. Herkes kendi i\u015fine bak\u0131yor. Asker askerli\u011fini sivil sivilli\u011fini yapacak&#8221; dedi.<\/p>\n<p style=\"text-align: justify;\"><strong>&#8220;13 \u015fehit geldi\u011fi zaman gitmeniz gerekirdi&#8221;\u00a0<\/strong><\/p>\n<p style=\"text-align: justify;\">Eski Genelkurmay Ba\u015fkan\u0131 I\u015f\u0131k Ko\u015faner ile kuvvet komutanlar\u0131n\u0131n istifas\u0131n\u0131n sebebi ne olursa olsun do\u011fru bulmad\u0131klar\u0131n\u0131 s\u00f6yleyen Kuzu, &#8220;T\u00fcrkiye bir taraftan ter\u00f6rle m\u00fccadele ediyor. Siz ger\u00e7ekten bu kadar duyarl\u0131ysan\u0131z, 13 \u015fehidin geldi\u011fi zaman gitmeniz gerekirdi. Ama Ergenekon&#8217;dan yarg\u0131lanan subaylar \u00e7\u0131kmazsa biz burada yokuz derseniz \u00e7ekip gitmi\u015f olursunuz. Biz bu gidi\u015fi do\u011fru bulmuyoruz&#8221; diye konu\u015ftu.<\/p>\n<p style=\"text-align: justify;\"><strong>&#8220;Anayasa \u00e7al\u0131\u015fmalar\u0131 1 y\u0131ldan \u00f6nce bitmez&#8221;\u00a0<\/strong><\/p>\n<p style=\"text-align: justify;\">Yeni anayasa \u00e7al\u0131\u015fmalar\u0131n\u0131n ba\u015flamad\u0131\u011f\u0131n\u0131 s\u00f6yleyen Burhan Kuzu, uzla\u015fma komisyonunda kimlerin yer alaca\u011f\u0131n\u0131n hen\u00fcz netle\u015fmedi\u011fini s\u00f6yledi.<\/p>\n<p style=\"text-align: justify;\">Kuzu, &#8220;Di\u011fer siyasi partilere ekim ay\u0131ndan sonra ba\u015fbakan\u0131m\u0131z bir ziyarette bulunacak. Partimiz i\u00e7erisinde \u00d6mer \u00c7elik ba\u015fkanl\u0131\u011f\u0131nda bir heyet \u00e7al\u0131\u015f\u0131yor. Uzla\u015fma komisyonu T\u00fcrkiye&#8217;nin yabanc\u0131 oldu\u011fu bir komisyon tipi de\u011fil. 17 sene \u00e7al\u0131\u015ft\u0131 bu komisyon. Bunun i\u00e7in bir s\u00fcre vermem ama 1 y\u0131ldan \u00f6nce bitmez. \u00c7\u00fcnk\u00fc \u00fcniversiteler ve sivil toplum kurulu\u015flar\u0131yla g\u00f6r\u00fc\u015f\u00fclecek. Elde metinler var bunlar harmanlanacak. Bunlar a\u015f\u0131l\u0131r ama mesele samimi olarak masaya oturmak&#8221; diye konu\u015ftu.<\/p>\n<p style=\"text-align: justify;\"><a href=\"http:\/\/www.cnnturk.com\/2011\/turkiye\/08\/15\/kuzu.asker.askerligini.yapacak\/626149.0\/index.html\" target=\"_blank\">Kaynak : CNN T\u00dcRK<\/a><\/p>\n","protected":false},"excerpt":{"rendered":"<p style=\"text-align: center;\">\n<p style=\"text-align: justify;\">TBMM Anayasa Komisyonu Ba\u015fkan\u0131 Burhan Kuzu, T\u00fcrkiye&#8217;de asker ve sivil dengesinin normalle\u015fti\u011fini s\u00f6yledi. Kuzu, &#8220;Art\u0131k herkes kendi i\u015fini yap\u0131yor. Asker askerli\u011fini, sivil sivilli\u011fini yapacak&#8221; dedi.<\/p>\n<p style=\"text-align: justify;\">AK Parti&#8217;nin 10&#8217;ncu kurulu\u015f y\u0131ld\u00f6n\u00fcm\u00fc nedeniyle d\u00fczenlenen 500 ki\u015filik iftar yeme\u011fine kat\u0131lmak \u00fczere Edirne&#8217;ye gelen Kuzu, yemekte konu\u015ftu. <\/p>\n","protected":false},"author":1,"featured_media":0,"comment_status":"open","ping_status":"open","sticky":false,"template":"","format":"standard","meta":{"footnotes":""},"categories":[105],"tags":[],"class_list":["post-38576","post","type-post","status-publish","format-standard","hentry","category-gundem","odd"],"_links":{"self":[{"href":"http:\/\/www.korhanyilmaz.com\/index.php?rest_route=\/wp\/v2\/posts\/38576","targetHints":{"allow":["GET"]}}],"collection":[{"href":"http:\/\/www.korhanyilmaz.com\/index.php?rest_route=\/wp\/v2\/posts"}],"about":[{"href":"http:\/\/www.korhanyilmaz.com\/index.php?rest_route=\/wp\/v2\/types\/post"}],"author":[{"embeddable":true,"href":"http:\/\/www.korhanyilmaz.com\/index.php?rest_route=\/wp\/v2\/users\/1"}],"replies":[{"embeddable":true,"href":"http:\/\/www.korhanyilmaz.com\/index.php?rest_route=%2Fwp%2Fv2%2Fcomments&post=38576"}],"version-history":[{"count":0,"href":"http:\/\/www.korhanyilmaz.com\/index.php?rest_route=\/wp\/v2\/posts\/38576\/revisions"}],"wp:attachment":[{"href":"http:\/\/www.korhanyilmaz.com\/index.php?rest_route=%2Fwp%2Fv2%2Fmedia&parent=38576"}],"wp:term":[{"taxonomy":"category","embeddable":true,"href":"http:\/\/www.korhanyilmaz.com\/index.php?rest_route=%2Fwp%2Fv2%2Fcategories&post=38576"},{"taxonomy":"post_tag","embeddable":true,"href":"http:\/\/www.korhanyilmaz.com\/index.php?rest_route=%2Fwp%2Fv2%2Ftags&post=38576"}],"curies":[{"name":"wp","href":"https:\/\/api.w.org\/{rel}","templated":true}]}}