{"id":38572,"date":"2011-08-15T13:25:20","date_gmt":"2011-08-15T10:25:20","guid":{"rendered":"http:\/\/www.korhanyilmaz.com\/?p=38572"},"modified":"2011-08-15T14:09:08","modified_gmt":"2011-08-15T11:09:08","slug":"bicak-kemige-dayandiya-yanit","status":"publish","type":"post","link":"http:\/\/www.korhanyilmaz.com\/?p=38572","title":{"rendered":"&#8220;B\u0131\u00e7ak kemi\u011fe dayand\u0131&#8221;ya yan\u0131t"},"content":{"rendered":"<p style=\"text-align: center;\"><a href=\"http:\/\/www.korhanyilmaz.com\/wp-content\/uploads\/2011\/08\/6115.jpg\"  class=\"lightview\"><img loading=\"lazy\" decoding=\"async\" class=\"aligncenter size-full wp-image-38573\" src=\"http:\/\/www.korhanyilmaz.com\/wp-content\/uploads\/2011\/08\/6115.jpg\" alt=\"\" width=\"307\" height=\"236\" \/><\/a><\/p>\n<p style=\"text-align: justify;\">Ba\u015fbakan Erdo\u011fan&#8217;\u0131n, &#8220;B\u0131\u00e7ak kemi\u011fe dayand\u0131, faturas\u0131 a\u011f\u0131r olacak&#8221; s\u00f6zlerine Twitter hesab\u0131ndan yan\u0131t veren BDP Grup Ba\u015fkan Vekili Hasip Kaplan, &#8220;Bundan sonra at\u0131lacak her ad\u0131m, \u00e7\u00f6z\u00fcm veya \u00e7\u00f6z\u00fcms\u00fczl\u00fc\u011fe, &#8216;kopu\u015f&#8217; veya &#8216;birle\u015fmeye&#8217; g\u00f6t\u00fcrecek. Sorumlu makamlarda olanlar\u0131n dikkatli olmas\u0131 laz\u0131m&#8221; dedi.<\/p>\n<p style=\"text-align: justify;\">Twitter hesab\u0131nda, T\u00fcrk\u00e7e ve K\u00fcrt\u00e7e olarak &#8220;G\u00fcnayd\u0131n&#8221; diye yazan BDP \u015e\u0131rnak Milletvekili ve BDP Grup Ba\u015fkanvekili Hasip Kaplan, &#8220;Karanl\u0131klar\u0131n s\u0131k\u0131nt\u0131lar\u0131n sonu ayd\u0131nl\u0131k ve y\u00fcre\u011finizi \u0131satacak bir g\u00fcne\u015ftir&#8221; diye devam etti.\u00a0<!--more--><\/p>\n<p style=\"text-align: justify;\"><strong>Siyaset kurumu \u00e7\u00f6z\u00fcm projeleri \u00fcretemedi\u00a0<\/strong><\/p>\n<p style=\"text-align: justify;\">Hasip Kaplan 27 y\u0131l &#8216;D\u00fc\u015f\u00fck yo\u011funluklu bir \u00e7at\u0131\u015fmamada&#8217; 40 bini a\u015fk\u0131n ki\u015finin ya\u015fam\u0131n\u0131 yitirdi\u011fini belirtirken, \u015f\u00f6yle devam etti:<\/p>\n<p style=\"text-align: justify;\">&#8220;40 bini a\u015fk\u0131n insan\u0131m\u0131z\u0131 kaybetik, 6 bin civar\u0131nda g\u00fcvenlik g\u00f6revlisi, di\u011ferleri K\u00fcrt yurtta\u015flar\u0131m\u0131z. 17 y\u0131ld\u0131r Maxmur kamp\u0131nda 15 bin yurtta\u015f\u0131m\u0131z m\u00fclteci. D\u00fcn Dersim&#8217;de karakol bah\u00e7esinde toplumezarlar a\u00e7\u0131ld\u0131. \u00c7eteler, k\u00f6y yakmalar, 17 bin faili me\u00e7hul, operasyon, bask\u0131, tutuklama, yarg\u0131s\u0131z infaz, parti kapatma, s\u0131n\u0131r \u00f6tesi h\u0131z kesmedi. Hep askere havale edilen K\u00fcrt sorununa asayi\u015f\/ter\u00f6r denildi. K\u00fcrt sorunun siyasi, sosyal, ekonomik, k\u00fclt\u00fcrel, tarihsel boyutlar\u0131 g\u00f6r\u00fclmedi. Siyaset kurumu \u00e7\u00f6z\u00fcm projeleri geli\u015ftiremedi.&#8221;<\/p>\n<p style=\"text-align: justify;\"><strong>\u00a0&#8220;imam bunu yaparsa cemaat \u015fa\u015far&#8221;\u00a0<\/strong><\/p>\n<p style=\"text-align: justify;\">Kritik bir s\u00fcre\u00e7ten ge\u00e7ildi\u011fini hat\u0131rlatan BDP&#8217;li Kaplan, daha fazla ac\u0131lar\u0131n ya\u015fanmamas\u0131 amac\u0131yla siyaset kurumunun ad\u0131m atmas\u0131 gerekti\u011fini savunarak, \u015funlar\u0131 yazd\u0131:<\/p>\n<p style=\"text-align: justify;\">&#8220;Kritik bir a\u015famaday\u0131z. Ya\u015fanan ac\u0131lar hepimizin y\u00fcre\u011fini yak\u0131yor. Daha fazla ac\u0131lar\u0131n ya\u015fanmamas\u0131 i\u00e7in siyaset krumunun elbette bir \u015feyler yapmas\u0131 laz\u0131m. Bundan sonra at\u0131lacak her ad\u0131m \u00e7\u00f6z\u00fcm veya \u00e7\u00f6z\u00fcms\u00fczl\u00fc\u011fe, &#8216;kopu\u015f&#8217; veya &#8216;birle\u015fmeye&#8217; g\u00f6t\u00fcrecek. Sorumlu makamlarda olanlar\u0131n dikkatli olmas\u0131 laz\u0131m. Ba\u015fbakan basiretli bir lider edas\u0131yla; sorunun \u015fiddetle de\u011fil, bar\u0131\u015f\u00e7\u0131l demokratik yollardan mecliste \u00e7\u00f6z\u00fcbilece\u011fi \u00e7a\u011fr\u0131s\u0131 yapabilirdi. Diyalog, uzla\u015f\u0131 yollar\u0131n\u0131 sonuna kadar zorlayaca\u011f\u0131n\u0131, yeni anayasa s\u00fcrecini bir \u015fans olarak i\u015faret edebilirdi. Tam aksine sava\u015f ilan\u0131 yapt\u0131. Kulland\u0131\u011f\u0131 tehdit arguman\u0131, demokratik siyaset i\u00e7inde olanlar\u0131 hedef g\u00f6steren sorumsuzca, bir hamaset i\u00e7eriyor. \u0130mam bunu yaparsa cemaat \u015fa\u015far. Saddam&#8217;\u0131n veya Milosoav\u0131ch&#8217;\u0131n rol\u00fcne soyunmak, tak\u0131m elbiseleri \u00e7\u0131kar\u0131p, militer \u00fcniformolar\u0131 giymek, jenosid tehditinde bulunmak korkun\u00e7tur.&#8221;<\/p>\n<p style=\"text-align: justify;\"><strong>&#8220;Fikirlerin \u00f6n\u00fcnde, d\u00fcnyan\u0131n en g\u00fc\u00e7l\u00fc ordular\u0131 duramaz&#8221;\u00a0<\/strong><\/p>\n<p style=\"text-align: justify;\">Ba\u015fbakan Recep Tayyip Erdo\u011fan&#8217;\u0131n lideri oldu\u011fu AK Parti&#8217;nin iftar yeme\u011finde, &#8220;B\u0131\u00e7ak kemi\u011fe dayand\u0131-faturas\u0131 a\u011f\u0131r olur&#8221; s\u00f6ylemini de de\u011ferlendiren Kaplan, \u015funlar\u0131 s\u00f6yledi:<\/p>\n<p style=\"text-align: justify;\">&#8220;B\u0131\u00e7ak kemi\u011fe dayand\u0131-faturas\u0131 a\u011f\u0131r olur s\u00f6ylemi, demokratik siyasetin dili de\u011fildir. Hukuka g\u00f6re insanl\u0131k su\u00e7u, sorumsuzluk, katliam \u00e7a\u011fr\u0131s\u0131d\u0131r. Demokratik \u00f6zerklik projesine, AKP kar\u015f\u0131d\u0131r diye halk\u0131m\u0131z\u0131n hakl\u0131, me\u015fru g\u00f6rd\u00fc\u011f\u00fc 3 milyon se\u00e7menin destek verdi\u011fi bir ger\u00e7e\u011fi yok say\u0131lamaz. Recep Tayyip Erdo\u011fan&#8217;\u0131n &#8216;devletin topyek\u00fcn sava\u015f&#8217; ilan\u0131 ile PKK&#8217;n\u0131n, &#8216;ad\u0131m at\u0131lmazsa halk sava\u015f\u0131 olur&#8217; se\u00e7ene\u011finin d\u0131\u015f\u0131nda bir \u00fc\u00e7\u00fcnc\u00fc yol vard\u0131r. T\u00fcrkiye halk\u0131n\u0131n, \u00f6l\u00fcmleri\/sava\u015f\u0131 durdurmak, bar\u0131\u015f\u00e7\u0131l, demokratik bir \u00e7\u00f6z\u00fcm i\u00e7in; topyek\u00fcn bir m\u00fccadele ba\u015flatma zaman\u0131d\u0131r. Tarihe ve halka kar\u015f\u0131 sorumlu olanlar, darbecilerin, diktat\u00f6rlerin, fa\u015fizmin, sava\u015f \u00e7\u0131\u011fr\u0131tkanlar\u0131n\u0131n fatura tehditlerine asla boyun e\u011fmeyecekler. Tarihin tekerli\u011fini geriye d\u00f6nd\u00fcrmek m\u00fcmk\u00fcn de\u011fil. Zaman\u0131 gelmi\u015f fikirlerin \u00f6n\u00fcnde d\u00fcnyan\u0131n en g\u00fc\u00e7l\u00fc ordular\u0131n\u0131n duramad\u0131\u011f\u0131 g\u00f6r\u00fclm\u00fc\u015ft\u00fcr.&#8221;<\/p>\n<p style=\"text-align: justify;\"><a href=\"http:\/\/www.cnnturk.com\/2011\/turkiye\/08\/15\/bicak.kemige.dayandiya.yanit\/626146.0\/index.html\" target=\"_blank\">Kaynak : CNN T\u00dcRK<\/a><\/p>\n","protected":false},"excerpt":{"rendered":"<p style=\"text-align: center;\">\n<p style=\"text-align: justify;\">Ba\u015fbakan Erdo\u011fan&#8217;\u0131n, &#8220;B\u0131\u00e7ak kemi\u011fe dayand\u0131, faturas\u0131 a\u011f\u0131r olacak&#8221; s\u00f6zlerine Twitter hesab\u0131ndan yan\u0131t veren BDP Grup Ba\u015fkan Vekili Hasip Kaplan, &#8220;Bundan sonra at\u0131lacak her ad\u0131m, \u00e7\u00f6z\u00fcm veya \u00e7\u00f6z\u00fcms\u00fczl\u00fc\u011fe, &#8216;kopu\u015f&#8217; veya &#8216;birle\u015fmeye&#8217; g\u00f6t\u00fcrecek. Sorumlu makamlarda olanlar\u0131n dikkatli olmas\u0131 laz\u0131m&#8221; dedi.<\/p>\n<p style=\"text-align: justify;\">Twitter hesab\u0131nda, T\u00fcrk\u00e7e ve K\u00fcrt\u00e7e olarak &#8220;G\u00fcnayd\u0131n&#8221; diye yazan BDP <\/p>\n","protected":false},"author":1,"featured_media":0,"comment_status":"open","ping_status":"open","sticky":false,"template":"","format":"standard","meta":{"footnotes":""},"categories":[105],"tags":[],"class_list":["post-38572","post","type-post","status-publish","format-standard","hentry","category-gundem","odd"],"_links":{"self":[{"href":"http:\/\/www.korhanyilmaz.com\/index.php?rest_route=\/wp\/v2\/posts\/38572","targetHints":{"allow":["GET"]}}],"collection":[{"href":"http:\/\/www.korhanyilmaz.com\/index.php?rest_route=\/wp\/v2\/posts"}],"about":[{"href":"http:\/\/www.korhanyilmaz.com\/index.php?rest_route=\/wp\/v2\/types\/post"}],"author":[{"embeddable":true,"href":"http:\/\/www.korhanyilmaz.com\/index.php?rest_route=\/wp\/v2\/users\/1"}],"replies":[{"embeddable":true,"href":"http:\/\/www.korhanyilmaz.com\/index.php?rest_route=%2Fwp%2Fv2%2Fcomments&post=38572"}],"version-history":[{"count":0,"href":"http:\/\/www.korhanyilmaz.com\/index.php?rest_route=\/wp\/v2\/posts\/38572\/revisions"}],"wp:attachment":[{"href":"http:\/\/www.korhanyilmaz.com\/index.php?rest_route=%2Fwp%2Fv2%2Fmedia&parent=38572"}],"wp:term":[{"taxonomy":"category","embeddable":true,"href":"http:\/\/www.korhanyilmaz.com\/index.php?rest_route=%2Fwp%2Fv2%2Fcategories&post=38572"},{"taxonomy":"post_tag","embeddable":true,"href":"http:\/\/www.korhanyilmaz.com\/index.php?rest_route=%2Fwp%2Fv2%2Ftags&post=38572"}],"curies":[{"name":"wp","href":"https:\/\/api.w.org\/{rel}","templated":true}]}}