{"id":38563,"date":"2011-08-15T12:40:00","date_gmt":"2011-08-15T09:40:00","guid":{"rendered":"http:\/\/www.korhanyilmaz.com\/?p=38563"},"modified":"2011-08-15T13:51:22","modified_gmt":"2011-08-15T10:51:22","slug":"gulden-necip-fazila-tarihi-telgraf","status":"publish","type":"post","link":"http:\/\/www.korhanyilmaz.com\/?p=38563","title":{"rendered":"G\u00fcl&#8217;den Necip Faz\u0131l&#8217;a tarihi telgraf"},"content":{"rendered":"<p style=\"text-align: center;\"><a href=\"http:\/\/www.korhanyilmaz.com\/wp-content\/uploads\/2011\/08\/6113.jpg\"  class=\"lightview\"><img loading=\"lazy\" decoding=\"async\" class=\"aligncenter size-full wp-image-38565\" src=\"http:\/\/www.korhanyilmaz.com\/wp-content\/uploads\/2011\/08\/6113.jpg\" alt=\"\" width=\"346\" height=\"266\" \/><\/a><\/p>\n<p>Cumhurba\u015fkan\u0131 Abdullah G\u00fcl&#8217;\u00fcn 19 ya\u015f\u0131ndayken Necip Faz\u0131l K\u0131sak\u00fcrek&#8217;e \u00e7ekti\u011fi telgraf ortaya \u00e7\u0131kt\u0131.<\/p>\n<p>G\u00fcl, 19 ya\u015f\u0131nda iken g\u00f6nderdi\u011fi telgrafta K\u0131sak\u00fcrek&#8217;ten &#8216;\u0130slam davas\u0131n\u0131n tavizsiz m\u00fcdafi \u00fcstad\u0131&#8217; diye bahsediyor ve kendisinin de &#8216;y\u00fczde 100 emrinde&#8217; oldu\u011funu belirtiyor.<\/p>\n<p>Cumhurba\u015fkan\u0131 G\u00fcl&#8217;\u00fcn, \u015fimdi Ak Parti \u0130zmir Milletvekili olan eni\u015ftesi Mehmet Tekelio\u011flu ve arkada\u015f\u0131 Ahmet Ta\u015f\u00e7\u0131 ile yazd\u0131\u011f\u0131 telgraf , K\u0131sak\u00fcrek&#8217;in ad\u0131n\u0131 ta\u015f\u0131yan internet sitesinde yay\u0131nland\u0131.\u00a0<!--more--><\/p>\n<p>Cumhurba\u015fkan\u0131 Abdullah G\u00fcl&#8217;\u00fcn, K\u0131sak\u00fcrek&#8217;e yollad\u0131\u011f\u0131 telgraf \u015f\u00f6yle:<\/p>\n<p>&#8216;<em>Necip Faz\u0131l K\u0131sak\u00fcrek&#8217;e &#8230;.<\/em><\/p>\n<p><em>\u0130slam davas\u0131n\u0131n zerre tavizsiz m\u00fcdafii \u00dcstad\u0131m\u0131za \u0130slam davas\u0131n\u0131n agora meydanlar\u0131na sa\u011f\u0131rlar\u0131n kula\u011f\u0131n\u0131 patlatacak g\u00fcr seslilikte aksiyoneri B\u00fcy\u00fck Do\u011fu Gen\u00e7li\u011finin ruh g\u0131das\u0131 mecmuan\u0131z\u0131 tekrar \u00e7\u0131kar\u0131\u015f\u0131n\u0131zdan dolay\u0131 size minnettarl\u0131kllar\u0131m\u0131z\u0131 arzeder, hangi \u015fartlar alt\u0131nda olursa olsun hal neyi icap ettirirse ettirsin y\u00fczde y\u00fcz emrinizde oldu\u011fumuzu bildirir h\u00fcrmetlerimizi sunar\u0131z.G\u00fcn do\u011fmu\u015f g\u00fcn bitmi\u015f ebet bizimdir.<\/em>&#8216; \u00a0\u00a0<span style=\"background-color: #ffff00;\"><a href=\"http:\/\/www.necipfazil.com\/telgraflar1.htm#Abdullah\" target=\"_blank\">&gt;&gt;<\/a><\/span><\/p>\n<p><a href=\"http:\/\/www.korhanyilmaz.com\/wp-content\/uploads\/2011\/08\/6114.jpg\"  class=\"lightview\"><img loading=\"lazy\" decoding=\"async\" class=\"aligncenter size-full wp-image-38568\" title=\"\" src=\"http:\/\/www.korhanyilmaz.com\/wp-content\/uploads\/2011\/08\/6114.jpg\" alt=\"\" width=\"511\" height=\"484\" \/><\/a><\/p>\n<p><a href=\"http:\/\/www.cnnturk.com\/2011\/yazarlar\/08\/15\/gulden.necip.fazila.tarihi.telgraf\/626132.0\/index.html\" target=\"_blank\">Kaynak : CNN T\u00dcRK<\/a><\/p>\n<p>&nbsp;<\/p>\n","protected":false},"excerpt":{"rendered":"<p style=\"text-align: center;\">\n<p>Cumhurba\u015fkan\u0131 Abdullah G\u00fcl&#8217;\u00fcn 19 ya\u015f\u0131ndayken Necip Faz\u0131l K\u0131sak\u00fcrek&#8217;e \u00e7ekti\u011fi telgraf ortaya \u00e7\u0131kt\u0131.<\/p>\n<p>G\u00fcl, 19 ya\u015f\u0131nda iken g\u00f6nderdi\u011fi telgrafta K\u0131sak\u00fcrek&#8217;ten &#8216;\u0130slam davas\u0131n\u0131n tavizsiz m\u00fcdafi \u00fcstad\u0131&#8217; diye bahsediyor ve kendisinin de &#8216;y\u00fczde 100 emrinde&#8217; oldu\u011funu belirtiyor.<\/p>\n<p>Cumhurba\u015fkan\u0131 G\u00fcl&#8217;\u00fcn, \u015fimdi Ak Parti \u0130zmir Milletvekili olan eni\u015ftesi Mehmet Tekelio\u011flu ve arkada\u015f\u0131 Ahmet Ta\u015f\u00e7\u0131 ile yazd\u0131\u011f\u0131 telgraf <\/p>\n","protected":false},"author":1,"featured_media":0,"comment_status":"open","ping_status":"open","sticky":false,"template":"","format":"standard","meta":{"footnotes":""},"categories":[105],"tags":[],"class_list":["post-38563","post","type-post","status-publish","format-standard","hentry","category-gundem","odd"],"_links":{"self":[{"href":"http:\/\/www.korhanyilmaz.com\/index.php?rest_route=\/wp\/v2\/posts\/38563","targetHints":{"allow":["GET"]}}],"collection":[{"href":"http:\/\/www.korhanyilmaz.com\/index.php?rest_route=\/wp\/v2\/posts"}],"about":[{"href":"http:\/\/www.korhanyilmaz.com\/index.php?rest_route=\/wp\/v2\/types\/post"}],"author":[{"embeddable":true,"href":"http:\/\/www.korhanyilmaz.com\/index.php?rest_route=\/wp\/v2\/users\/1"}],"replies":[{"embeddable":true,"href":"http:\/\/www.korhanyilmaz.com\/index.php?rest_route=%2Fwp%2Fv2%2Fcomments&post=38563"}],"version-history":[{"count":0,"href":"http:\/\/www.korhanyilmaz.com\/index.php?rest_route=\/wp\/v2\/posts\/38563\/revisions"}],"wp:attachment":[{"href":"http:\/\/www.korhanyilmaz.com\/index.php?rest_route=%2Fwp%2Fv2%2Fmedia&parent=38563"}],"wp:term":[{"taxonomy":"category","embeddable":true,"href":"http:\/\/www.korhanyilmaz.com\/index.php?rest_route=%2Fwp%2Fv2%2Fcategories&post=38563"},{"taxonomy":"post_tag","embeddable":true,"href":"http:\/\/www.korhanyilmaz.com\/index.php?rest_route=%2Fwp%2Fv2%2Ftags&post=38563"}],"curies":[{"name":"wp","href":"https:\/\/api.w.org\/{rel}","templated":true}]}}