{"id":38559,"date":"2011-08-15T08:19:47","date_gmt":"2011-08-15T05:19:47","guid":{"rendered":"http:\/\/www.korhanyilmaz.com\/?p=38559"},"modified":"2011-08-15T10:59:54","modified_gmt":"2011-08-15T07:59:54","slug":"erdogan-ramazandan-sonra-cok-farkli-olacak","status":"publish","type":"post","link":"http:\/\/www.korhanyilmaz.com\/?p=38559","title":{"rendered":"Erdo\u011fan: Ramazan&#8217;dan sonra \u00e7ok farkl\u0131 olacak"},"content":{"rendered":"<p style=\"text-align: center;\"><a href=\"http:\/\/www.korhanyilmaz.com\/wp-content\/uploads\/2011\/08\/6111.jpg\"  class=\"lightview\"><img loading=\"lazy\" decoding=\"async\" class=\"aligncenter size-full wp-image-38560\" src=\"http:\/\/www.korhanyilmaz.com\/wp-content\/uploads\/2011\/08\/6111.jpg\" alt=\"\" width=\"384\" height=\"254\" \/><\/a><\/p>\n<p style=\"text-align: justify;\">Ter\u00f6r konusunda &#8220;b\u0131\u00e7ak kemi\u011fe dayand\u0131&#8221; diyen Ba\u015fbakan Erdo\u011fan, Ramazan ay\u0131n\u0131n bitimine dikkat \u00e7ekerek &#8220;bar\u0131\u015f\u0131n milad\u0131 \u00e7ok daha farkl\u0131 olacak&#8221; ifadesini kulland\u0131.<\/p>\n<p style=\"text-align: justify;\">ANKARA &#8211; Ba\u015fbakan Erdo\u011fan\u2019dan ter\u00f6rle m\u00fccadele konusunda \u00f6nemli a\u00e7\u0131klamalar geldi.<\/p>\n<p style=\"text-align: justify;\">Ankara\u2019da partisinin 10. kurulu\u015f y\u0131l d\u00f6n\u00fcm\u00fc etkinlikleri \u00e7er\u00e7evesinde verilen iftarda konu\u015fan Erdo\u011fan, &#8216;b\u0131\u00e7ak kemi\u011fe dayand\u0131, bunun faturas\u0131 a\u011f\u0131r olacakt\u0131r&#8221; dedi ve Ramazan ay\u0131n\u0131n bitimine dikkat \u00e7ekti.\u00a0<!--more--><\/p>\n<p style=\"text-align: justify;\">Erdo\u011fan, &#8221; Ramazan&#8217;a h\u00fcrmeten sabrediyoruz. Ramazan ay\u0131n\u0131n bitiminden sonra bu \u00fclkede bar\u0131\u015f\u0131n milad\u0131, bu bar\u0131\u015f ay\u0131yla beraber, bu dayan\u0131\u015fma ay\u0131yla birlikte \u00e7ok daha farkl\u0131 olacak&#8221; ifadelerini kulland\u0131.<\/p>\n<p style=\"text-align: justify;\">AK Parti\u2019nin kurulu\u015funun 10. y\u0131l d\u00f6n\u00fcm\u00fc etkinlerine, baz\u0131 bakanlar farkl\u0131 illerde Ba\u015fbakan Erdo\u011fan da Ankara\u2019da kat\u0131ld\u0131. Erdo\u011fan, iftar yeme\u011finde yapt\u0131\u011f\u0131 konu\u015fmada, t\u0131pk\u0131 bakanlar\u0131 gibi ter\u00f6r konusuna de\u011findi ve sert konu\u015ftu:<\/p>\n<p style=\"text-align: justify;\"><strong>&#8220;BI\u00c7AK KEM\u0130\u011eE DAYANDI&#8221;<\/strong><\/p>\n<p style=\"text-align: justify;\">&#8220;Karde\u015flerim \u015fu m\u00fcbarek Ramazan ay\u0131nda, maalesef yavrular\u0131m\u0131z \u015fehit ediliyor ve yavrular\u0131m\u0131z\u0131 \u015fehit eden bu b\u00f6l\u00fcc\u00fc ter\u00f6r \u00f6rg\u00fct\u00fcne kar\u015f\u0131, bizler \u015fu anda bu m\u00fcbarek ay vesilesiyle sab\u0131rla devam ediyoruz.<\/p>\n<p style=\"text-align: justify;\">Ama unutmay\u0131n, bizim medeniyetimizin ge\u00e7mi\u015finde, o cehalet d\u00f6neminde bile kimse kimseye kur\u015fun atmaz, kan d\u00f6kmezdi. \u0130\u015fte bu b\u00f6l\u00fcc\u00fc ter\u00f6r \u00f6rg\u00fct\u00fc ve onlar\u0131n siyasi uzant\u0131lar\u0131 bak\u0131n\u0131z neler yap\u0131yorlar. Daha d\u00fcn 3 tane yavrumuzu \u015fehit ettiler.<\/p>\n<p style=\"text-align: justify;\">Bak\u0131n\u0131z, unutmay\u0131n art\u0131k yine a\u00e7\u0131k s\u00f6yl\u00fcyorum, b\u0131\u00e7ak kemi\u011fe dayanm\u0131\u015ft\u0131r diyorum ve bu \u00fclkede b\u00f6l\u00fcc\u00fc ter\u00f6r \u00f6rg\u00fct\u00fcyle aras\u0131na mesafe koymayanlar da bu su\u00e7a i\u015ftirak ediyorlar, bunu da buradan a\u00e7\u0131klamak istiyorum ve onlar da bunun bedelini \u00f6demeye mahkum olacaklard\u0131r.<\/p>\n<p style=\"text-align: justify;\"><strong>&#8220;FATURASI A\u011eIR OLACAK&#8221;<\/strong><\/p>\n<p style=\"text-align: justify;\">Bu \u00fclkede bar\u0131\u015fa g\u00f6lge d\u00fc\u015f\u00fcrenler, kan d\u00f6kerek \u00f6zg\u00fcrl\u00fckten bahsedenler kaymakam\u0131m\u0131z\u0131, askerlerimizi, sa\u011fl\u0131k memurumuzu ka\u00e7\u0131ranlar, bunlar\u0131 ka\u00e7\u0131rmak suretiyle e\u011fer bu \u00fclkede bizlerin teslim olaca\u011f\u0131n\u0131, eyvallah edece\u011fimizi zannediyorlarsa, bunu bizden beklemesinler. A\u00e7\u0131k s\u00f6yl\u00fcyorum, b\u0131\u00e7ak kemi\u011fe dayanm\u0131\u015ft\u0131r, ne derlerse desinler, neyi s\u00f6ylerlerse s\u00f6ylesinler, bunun faturas\u0131 a\u011f\u0131r olacakt\u0131r. Bu kadar a\u00e7\u0131k konu\u015fuyorum.<\/p>\n<p style=\"text-align: justify;\"><strong>&#8220;YEREL \u00d6ZERKL\u0130\u011e\u0130 GE\u00c7\u0130N&#8221;<\/strong><\/p>\n<p style=\"text-align: justify;\">E\u011fer demokrasi diyorlarsa, e\u011fer hukuk diyorlarsa bunun yeri parlamentodur. Kendi kendilerine bu \u00fclkenin \u015fehirlerinde, gayri me\u015fru, illegal parlamentolar olu\u015fturmak suretiyle kimse bu \u00fclkenin herhangi bir vilayetinde, herhangi bir operasyon veya ameliyat yapamaz bunu b\u00f6yle bilsinler.<\/p>\n<p style=\"text-align: justify;\">\u015eunu da \u00e7ok a\u00e7\u0131k s\u00f6yl\u00fcyorum, yerel \u00f6zerklik, bilmem ne \u00f6zerklik, ge\u00e7in onlar\u0131 ge\u00e7in. Kime neyi anlat\u0131yorsunuz siz? Bu \u00fclkede, hi\u00e7bir vilayetimizde yerel y\u00f6netimlerin \u00f6zerkli\u011finin d\u0131\u015f\u0131nda herhangi bir yerel \u00f6zerklik diye bir \u015fey konu\u015fulamaz, bizim kitab\u0131m\u0131zda b\u00f6yle bir \u015fey yok. \u015eu anda b\u00fct\u00fcn yerel y\u00f6netimlerimiz hepsi \u00f6zerktir ve \u00f6zerk \u00e7al\u0131\u015fmaktad\u0131r. Kimse oralarda yapt\u0131klar\u0131 \u00e7e\u015fitli toplant\u0131larla kalk\u0131p da bu millete, bizlere tehdit savurmas\u0131n.<\/p>\n<p style=\"text-align: justify;\">Bu can bu bedende olduk\u00e7a, AK Parti iktidar\u0131yla bizler t\u00fcm g\u00fcvenlik g\u00fc\u00e7lerimizle el ele vermek suretiyle biz bu i\u015fin sadece g\u00fcvenlik boyutunun olmad\u0131\u011f\u0131n\u0131 hep s\u00f6yledik, yine s\u00f6yl\u00fcyoruz. Bunun diplomatik boyutunun oldu\u011funu s\u00f6yledik, psikolojik boyutunun oldu\u011funu s\u00f6yledik, sosyo ekonomik boyutunun oldu\u011funu s\u00f6yledik, halkla i\u00e7 i\u00e7e olmay\u0131 s\u00f6yledik.<\/p>\n<p style=\"text-align: justify;\"><strong>&#8220;BUNLARIN D\u0130NLE DE ALAKASI YOK&#8221;<\/strong><\/p>\n<p style=\"text-align: justify;\">Bunlar\u0131n, biliyorsunuz, dinle de alakas\u0131 yok. Zaten \u0130mral\u0131&#8217;daki K\u00fcrtlerin dininin Zerd\u00fc\u015ftl\u00fck oldu\u011funu ilan etmi\u015fti. Acaba K\u00fcrtlerin dininin Zerd\u00fc\u015ftl\u00fck oldu\u011funu kabul eden ka\u00e7 tane bana K\u00fcrt karde\u015f g\u00f6sterebilirsiniz? Ben inan\u0131yorum ki, benim K\u00fcrt karde\u015flerimin tamam\u0131na yak\u0131n\u0131 &#8216; \u0130slam&#8217; diyecektir. Ayr\u0131mc\u0131l\u0131k, b\u00f6l\u00fcc\u00fcl\u00fck&#8230; Yapmak istedikleri bu. Kendileri de zaten trib\u00fcnden seyrediyor. Ama bunlara prim vermeyece\u011fiz. Bu i\u015flerin hepsi yoluna girecek, hi\u00e7 endi\u015fe etmeyin. Sab\u0131rla bu i\u015fi ba\u015faraca\u011f\u0131z.<\/p>\n<p style=\"text-align: justify;\"><strong>&#8220;\u00c7OK DAHA FARKLI OLACAK&#8221;<\/strong><\/p>\n<p style=\"text-align: justify;\">Ramazan&#8217;a h\u00fcrmeten, biz \u015fu anda sabrediyoruz ama Ramazan&#8217;\u0131n bitiminden sonra bilesiniz ki, bu \u00fclkede bar\u0131\u015f\u0131n milad\u0131, bu bar\u0131\u015fa ay\u0131yla beraber, bu dayan\u0131\u015fma ay\u0131yla birlikte \u00e7ok daha farkl\u0131 olacak.&#8221;<\/p>\n<p style=\"text-align: justify;\"><a href=\"http:\/\/www.radikal.com.tr\/Radikal.aspx?aType=RadikalDetayV3&amp;ArticleID=1059975&amp;Date=15.08.2011&amp;CategoryID=78\" target=\"_blank\">Kaynak : Radikal.com.tr<\/a><\/p>\n","protected":false},"excerpt":{"rendered":"<p style=\"text-align: center;\">\n<p style=\"text-align: justify;\">Ter\u00f6r konusunda &#8220;b\u0131\u00e7ak kemi\u011fe dayand\u0131&#8221; diyen Ba\u015fbakan Erdo\u011fan, Ramazan ay\u0131n\u0131n bitimine dikkat \u00e7ekerek &#8220;bar\u0131\u015f\u0131n milad\u0131 \u00e7ok daha farkl\u0131 olacak&#8221; ifadesini kulland\u0131.<\/p>\n<p style=\"text-align: justify;\">ANKARA &#8211; Ba\u015fbakan Erdo\u011fan\u2019dan ter\u00f6rle m\u00fccadele konusunda \u00f6nemli a\u00e7\u0131klamalar geldi.<\/p>\n<p style=\"text-align: justify;\">Ankara\u2019da partisinin 10. kurulu\u015f y\u0131l d\u00f6n\u00fcm\u00fc etkinlikleri \u00e7er\u00e7evesinde verilen iftarda konu\u015fan Erdo\u011fan, &#8216;b\u0131\u00e7ak kemi\u011fe dayand\u0131, <\/p>\n","protected":false},"author":1,"featured_media":0,"comment_status":"open","ping_status":"open","sticky":false,"template":"","format":"standard","meta":{"footnotes":""},"categories":[105],"tags":[],"class_list":["post-38559","post","type-post","status-publish","format-standard","hentry","category-gundem","odd"],"_links":{"self":[{"href":"http:\/\/www.korhanyilmaz.com\/index.php?rest_route=\/wp\/v2\/posts\/38559","targetHints":{"allow":["GET"]}}],"collection":[{"href":"http:\/\/www.korhanyilmaz.com\/index.php?rest_route=\/wp\/v2\/posts"}],"about":[{"href":"http:\/\/www.korhanyilmaz.com\/index.php?rest_route=\/wp\/v2\/types\/post"}],"author":[{"embeddable":true,"href":"http:\/\/www.korhanyilmaz.com\/index.php?rest_route=\/wp\/v2\/users\/1"}],"replies":[{"embeddable":true,"href":"http:\/\/www.korhanyilmaz.com\/index.php?rest_route=%2Fwp%2Fv2%2Fcomments&post=38559"}],"version-history":[{"count":0,"href":"http:\/\/www.korhanyilmaz.com\/index.php?rest_route=\/wp\/v2\/posts\/38559\/revisions"}],"wp:attachment":[{"href":"http:\/\/www.korhanyilmaz.com\/index.php?rest_route=%2Fwp%2Fv2%2Fmedia&parent=38559"}],"wp:term":[{"taxonomy":"category","embeddable":true,"href":"http:\/\/www.korhanyilmaz.com\/index.php?rest_route=%2Fwp%2Fv2%2Fcategories&post=38559"},{"taxonomy":"post_tag","embeddable":true,"href":"http:\/\/www.korhanyilmaz.com\/index.php?rest_route=%2Fwp%2Fv2%2Ftags&post=38559"}],"curies":[{"name":"wp","href":"https:\/\/api.w.org\/{rel}","templated":true}]}}