{"id":38522,"date":"2011-08-14T12:33:27","date_gmt":"2011-08-14T09:33:27","guid":{"rendered":"http:\/\/www.korhanyilmaz.com\/?p=38522"},"modified":"2011-08-14T17:50:03","modified_gmt":"2011-08-14T14:50:03","slug":"karayilan-yakalandi-bilmecesi","status":"publish","type":"post","link":"http:\/\/www.korhanyilmaz.com\/?p=38522","title":{"rendered":"&#8216;Karay\u0131lan yakaland\u0131&#8217; bilmecesi"},"content":{"rendered":"<p style=\"text-align: center;\"><a href=\"http:\/\/www.korhanyilmaz.com\/wp-content\/uploads\/2011\/08\/6109.jpg\"  class=\"lightview\"><img loading=\"lazy\" decoding=\"async\" class=\"aligncenter size-full wp-image-38523\" src=\"http:\/\/www.korhanyilmaz.com\/wp-content\/uploads\/2011\/08\/6109.jpg\" alt=\"\" width=\"336\" height=\"223\" \/><\/a><\/p>\n<p style=\"text-align: justify;\">Anadolu Ajans\u0131&#8217;n\u0131n &#8216;\u0130ran kaynaklar\u0131 PKK y\u00f6neticisi Murat Karay\u0131lan&#8217;\u0131n yakaland\u0131\u011f\u0131n\u0131 do\u011frulad\u0131&#8217; haberine b\u00fct\u00fcn kaynaklardan yalanlama geldi.<\/p>\n<p style=\"text-align: justify;\">TAHRAN &#8211; TRT\u2019nin d\u00fcn son dakika geli\u015fmesi olarak duyurdu\u011fu \u2018 PKK y\u00f6neticisi Murat Karay\u0131lan \u0130ran taraf\u0131ndan yakaland\u0131\u2019 haberi, bug\u00fcn Anadolu Ajans\u0131 taraf\u0131ndan bir kez daha ve daha detaylo olarak ge\u00e7ti.\u00a0<!--more--><\/p>\n<p style=\"text-align: justify;\">\u0130ran resmi haber ajans\u0131 Fars&#8217;a dayand\u0131r\u0131lan haberde, \u2018 \u0130ran Meclisi Milli G\u00fcvenlik ve D\u0131\u015f Politika Komisyonu Ba\u015fkan\u0131 Alaaddin Burucerdi\u2019nin ter\u00f6r \u00f6rg\u00fct\u00fc PKK&#8217;n\u0131n \u2018iki numaral\u0131 isminin\u2019 yakaland\u0131\u011f\u0131 haberlerini teyit etti\u011fi\u2019 duyuruldu.<\/p>\n<p style=\"text-align: justify;\">\u2018 PKK\u2019n\u0131n iki numaral\u0131 ismi\u2019 terimi ajans taraf\u0131ndan \u2018Murat Karay\u0131lan yakaland\u0131\u2019 olarak yorumlan\u0131nca, g\u00fcndem bir anda \u0131s\u0131nd\u0131.<\/p>\n<p style=\"text-align: justify;\">T\u00fcrk yetkililer taraf\u0131ndan teyit edilmeyen habere PKK kaynaklar\u0131ndan da k\u0131sa s\u00fcrede yalanlama geldi. Geli\u015fmelerin ard\u0131ndan AA da, bir d\u00fczeltme haberi ge\u00e7erek, yakalanan ki\u015finin Karay\u0131lan de\u011fil, PKK\u2019n\u0131n 2 numaral\u0131 ismi oldu\u011funu bildirdi.<\/p>\n<p style=\"text-align: justify;\">Ajans\u0131n Fars ajans\u0131ndan aktard\u0131\u011f\u0131 yeni haberde \u015fu ifadeler var:<\/p>\n<p style=\"text-align: justify;\">&#8220;Burucerdi, Meclis&#8217;te bug\u00fcn gazetecilerin PKK&#8217;n\u0131n iki numaral\u0131 isminin yakaland\u0131\u011f\u0131 haberlerine ili\u015fkin bir soruya verdi\u011fi cevapta, &#8220;Bu haber do\u011frudur, \u0130ran istihbarat birimleri, bu ter\u00f6r \u00f6rg\u00fct\u00fcn\u00fcn iki numaral\u0131 ismini yakalam\u0131\u015ft\u0131r&#8221; ifadesini kulland\u0131.<\/p>\n<p style=\"text-align: justify;\">Burucerdi, &#8220;\u0130stihbarat g\u00fc\u00e7lerimiz, PKK&#8217;n\u0131n iki numaral\u0131 ismini tutuklayarak \u00e7ok \u00f6nemli bir i\u015f ba\u015farm\u0131\u015flard\u0131r&#8221; dedi.<\/p>\n<p style=\"text-align: justify;\">\u0130ran&#8217;\u0131n bir ba\u015fka resmi haber ajans\u0131 Mehr de &#8221; PKK\u2019n\u0131n ikinci adam\u0131n\u0131n yakalad\u0131\u011f\u0131 haberi do\u011fruland\u0131&#8221; ba\u015fl\u0131\u011f\u0131 alt\u0131nda \u015fu ifadelere yer verdi:<\/p>\n<p style=\"text-align: justify;\">&#8221; \u0130ran \u0130slami \u015eura Meclisi Milli G\u00fcvenlik ve D\u0131\u015f Politika Komisyonu Bakan\u0131 Alaeddin Burucerdi, ter\u00f6r \u00f6rg\u00fct\u00fc PKK;n\u0131n ikinci adam\u0131n\u0131n \u0130ran taraf\u0131ndan yakaland\u0131\u011f\u0131n\u0131 do\u011frulad\u0131.<\/p>\n<p style=\"text-align: justify;\">Mehr haber ajans parlamento muhabirinin bildirdi\u011fine g\u00f6re, \u0130ran \u0130slami \u015eura Meclisi Milli G\u00fcvenlik ve D\u0131\u015f Politika Komisyonu Bakan\u0131 Alaeddin Burucerdi;nin bas\u0131n toplant\u0131s\u0131nda gazetecilere vedi\u011fi deme\u00e7te PJAK ter\u00f6rist \u00f6rg\u00fct\u00fcn\u00fcn \u00fclkenin bat\u0131s\u0131ndaki eylemleri hakk\u0131nda a\u00e7\u0131klama yaparak, bu ter\u00f6rist eylemlerin PKK ter\u00f6rist \u00f6rg\u00fct\u00fcn\u00fcn ikinci adam\u0131n\u0131n yakalanmas\u0131 dolay\u0131s\u0131yla yap\u0131ld\u0131\u011f\u0131n\u0131 s\u00f6yledi.<\/p>\n<p style=\"text-align: justify;\"><strong>DAVUTO\u011eLU: \u0130RAN TEY\u0130T ETMED\u0130<\/strong><\/p>\n<p style=\"text-align: justify;\">D\u0131\u015fi\u015fleri Bakan\u0131 Ahmet Davuto\u011flu&#8217;nun \u0130ran D\u0131\u015fi\u015fleri Bakan\u0131 Ali Ekber Salihi ile g\u00f6r\u00fc\u015ft\u00fc\u011f\u00fc ve Salihi&#8217;nin PKK eleba\u015f\u0131s\u0131 Murat Karay\u0131lan&#8217;\u0131n \u0130ran taraf\u0131ndan yakaland\u0131\u011f\u0131na ili\u015fkin ellerinde bir biligi bulunmad\u0131\u011f\u0131n\u0131 s\u00f6yledi\u011fi \u00f6\u011frenildi.<\/p>\n<p style=\"text-align: justify;\">Diplomatik kaynaklardan edinilen bilgiye g\u00f6re, Davuto\u011flu, bug\u00fcn \u0130ran D\u0131\u015fi\u015fleri Bakan\u0131 Salihi&#8217;yi arayarak, Karay\u0131lan&#8217;\u0131n yakaland\u0131\u011f\u0131 haberlerini sordu. Salihi&#8217;nin Davuto\u011flu&#8217;na, ellerinde Karay\u0131lan&#8217;\u0131n yakaland\u0131\u011f\u0131na ili\u015fkin bilgi olmad\u0131\u011f\u0131n\u0131 s\u00f6yledi\u011fi bildirildi.<\/p>\n<p style=\"text-align: justify;\">Ayn\u0131 \u015fekilde T\u00fcrkiye&#8217;nin Tahran B\u00fcy\u00fckel\u00e7isi de \u0130ran Meclisi Milli G\u00fcvenlik ve D\u0131\u015f Politika Komisyonu Ba\u015fkan\u0131 Alaaddin Burucerdi ile konu\u015ftu. Burucerdi&#8217;nin bu g\u00f6r\u00fc\u015fmede b\u00fcy\u00fckel\u00e7iye, &#8220;Karay\u0131lan&#8217;\u0131n yakaland\u0131\u011f\u0131n\u0131 s\u00f6ylemedi\u011fini&#8221; aktard\u0131\u011f\u0131 \u00f6\u011frenildi.<\/p>\n<p style=\"text-align: justify;\"><strong>ANF: KARAYILAN ROJ TV\u2019YE KONU\u015eTU<\/strong><\/p>\n<p style=\"text-align: justify;\">ANF haber ajans\u0131 Murat Karay\u0131lan\u2019\u0131n Roj TV\u2019ye konu\u015farak hakk\u0131nda \u00e7\u0131kan haberlere ili\u015fkin a\u00e7\u0131klama yapt\u0131\u011f\u0131n\u0131 bildirdi.<\/p>\n<p style=\"text-align: justify;\">ANF\u2019nin saat 13.12&#8217;de \u201cFla\u015f\u201d olarak duyurdu\u011fu metin \u015f\u00f6yle:<\/p>\n<p style=\"text-align: justify;\">\u201cRoj TV\u2019ye konu\u015fan KCK Y\u00fcr\u00fctme Konseyi Ba\u015fkan\u0131 Murat Karay\u0131lan, hakk\u0131nda \u00e7\u0131kan haberlere ili\u015fkin a\u00e7\u0131klama yapt\u0131.<\/p>\n<p style=\"text-align: justify;\">\u00a0T\u00fcrk bas\u0131n\u0131n\u0131n \u0130ran Meclisi Milli G\u00fcvenlik ve D\u0131\u015f Politika Komisyonu Ba\u015fkan\u0131 Burucerdi\u2019ye dayanarak yakaland\u0131\u011f\u0131na dair haberler ge\u00e7ti\u011fi KCK Y\u00fcr\u00fctme Konseyi Ba\u015fkan\u0131 Murat Karay\u0131lan bas\u0131n mensuplar\u0131na a\u00e7\u0131klamalarda bulundu. Roj TV\u2019nin flash olarak duyurdu\u011fu habere g\u00f6re, Karay\u0131lan iddialar\u0131 yalanlad\u0131. Karay\u0131lan\u2019\u0131n son g\u00f6r\u00fcnt\u00fc ve a\u00e7\u0131klamalar\u0131n \u00f6n\u00fcm\u00fczdeki dakikalarda Roj TV taraf\u0131ndan yay\u0131nlanmas\u0131 bekleniyor.\u201d<\/p>\n<p style=\"text-align: justify;\"><strong>\u00a0ROJ TV KARAYILAN R\u00d6PORTAJINI BU AK\u015eAM YAYINLAYACA\u011eINI A\u00c7IKLADI<\/strong><\/p>\n<p style=\"text-align: justify;\">ROJ TV \u0130ran&#8217;da yakaland\u0131\u011f\u0131 iddialar\u0131 ortaya at\u0131lan PKK&#8217;n\u0131n iki numaral\u0131 ismi Murat Karay\u0131lan&#8217;\u0131n yakalanma iddialar\u0131n\u0131 yan\u0131tlayan r\u00f6portaj\u0131n\u0131n bu ak\u015fam yay\u0131nlanaca\u011f\u0131n\u0131 a\u00e7\u0131klad\u0131.<\/p>\n<p style=\"text-align: justify;\">Karay\u0131lan&#8217;\u0131n yakaland\u0131\u011f\u0131 iddialar\u0131 \u00fczerine a\u00e7\u0131klama yapan ROJ TV iddialar\u0131 yalanlarken, Murat Karay\u0131lan ile yakalanma iddialar\u0131 \u00fczerine yap\u0131lan r\u00f6portaj\u0131n g\u00fcn i\u00e7inde yay\u0131nlanaca\u011f\u0131n\u0131 duyurmu\u015ftu. Yap\u0131lan son a\u00e7\u0131klamada &#8220;T\u00fcrk Medyas\u0131na Yalanlama&#8221; ba\u015fl\u0131\u011f\u0131 kullan\u0131l\u0131rken &#8220;KCK Y\u00fcr\u00fctme Konseyi Ba\u015fkan\u0131 Karay\u0131lan&#8217;\u0131n R\u00f6portaj\u0131 bu ak\u015fam televizyonumuzda&#8221; denildi.<\/p>\n<p style=\"text-align: justify;\"><a href=\"http:\/\/www.radikal.com.tr\/Radikal.aspx?aType=RadikalDetayV3&amp;ArticleID=1059938&amp;Date=14.08.2011&amp;CategoryID=81\" target=\"_blank\">Kaynak : Radikal.com.tr<\/a><\/p>\n","protected":false},"excerpt":{"rendered":"<p style=\"text-align: center;\">\n<p style=\"text-align: justify;\">Anadolu Ajans\u0131&#8217;n\u0131n &#8216;\u0130ran kaynaklar\u0131 PKK y\u00f6neticisi Murat Karay\u0131lan&#8217;\u0131n yakaland\u0131\u011f\u0131n\u0131 do\u011frulad\u0131&#8217; haberine b\u00fct\u00fcn kaynaklardan yalanlama geldi.<\/p>\n<p style=\"text-align: justify;\">TAHRAN &#8211; TRT\u2019nin d\u00fcn son dakika geli\u015fmesi olarak duyurdu\u011fu \u2018 PKK y\u00f6neticisi Murat Karay\u0131lan \u0130ran taraf\u0131ndan yakaland\u0131\u2019 haberi, bug\u00fcn Anadolu Ajans\u0131 taraf\u0131ndan bir kez daha ve daha detaylo olarak ge\u00e7ti. <\/p>\n","protected":false},"author":1,"featured_media":0,"comment_status":"open","ping_status":"open","sticky":false,"template":"","format":"standard","meta":{"footnotes":""},"categories":[105],"tags":[],"class_list":["post-38522","post","type-post","status-publish","format-standard","hentry","category-gundem","odd"],"_links":{"self":[{"href":"http:\/\/www.korhanyilmaz.com\/index.php?rest_route=\/wp\/v2\/posts\/38522","targetHints":{"allow":["GET"]}}],"collection":[{"href":"http:\/\/www.korhanyilmaz.com\/index.php?rest_route=\/wp\/v2\/posts"}],"about":[{"href":"http:\/\/www.korhanyilmaz.com\/index.php?rest_route=\/wp\/v2\/types\/post"}],"author":[{"embeddable":true,"href":"http:\/\/www.korhanyilmaz.com\/index.php?rest_route=\/wp\/v2\/users\/1"}],"replies":[{"embeddable":true,"href":"http:\/\/www.korhanyilmaz.com\/index.php?rest_route=%2Fwp%2Fv2%2Fcomments&post=38522"}],"version-history":[{"count":0,"href":"http:\/\/www.korhanyilmaz.com\/index.php?rest_route=\/wp\/v2\/posts\/38522\/revisions"}],"wp:attachment":[{"href":"http:\/\/www.korhanyilmaz.com\/index.php?rest_route=%2Fwp%2Fv2%2Fmedia&parent=38522"}],"wp:term":[{"taxonomy":"category","embeddable":true,"href":"http:\/\/www.korhanyilmaz.com\/index.php?rest_route=%2Fwp%2Fv2%2Fcategories&post=38522"},{"taxonomy":"post_tag","embeddable":true,"href":"http:\/\/www.korhanyilmaz.com\/index.php?rest_route=%2Fwp%2Fv2%2Ftags&post=38522"}],"curies":[{"name":"wp","href":"https:\/\/api.w.org\/{rel}","templated":true}]}}