{"id":38514,"date":"2011-08-14T16:16:24","date_gmt":"2011-08-14T13:16:24","guid":{"rendered":"http:\/\/www.korhanyilmaz.com\/?p=38514"},"modified":"2011-08-14T17:19:45","modified_gmt":"2011-08-14T14:19:45","slug":"silivrideki-normal-bir-yargilama-degil","status":"publish","type":"post","link":"http:\/\/www.korhanyilmaz.com\/?p=38514","title":{"rendered":"Silivri&#8217;deki normal bir yarg\u0131lama de\u011fil"},"content":{"rendered":"<p style=\"text-align: center;\"><a href=\"http:\/\/www.korhanyilmaz.com\/wp-content\/uploads\/2011\/08\/6107.jpg\"  class=\"lightview\"><img loading=\"lazy\" decoding=\"async\" class=\"aligncenter size-full wp-image-38515\" src=\"http:\/\/www.korhanyilmaz.com\/wp-content\/uploads\/2011\/08\/6107.jpg\" alt=\"\" width=\"397\" height=\"210\" \/><\/a><\/p>\n<p style=\"text-align: justify;\">CHP Genel Ba\u015fkan\u0131 Kemal K\u0131l\u0131\u00e7daro\u011flu, CHP&#8217;den milletvekili se\u00e7ilen ikinci \u201cErgenekon\u201d davas\u0131n\u0131n tutuklu san\u0131\u011f\u0131 Mehmet Haberal&#8217;\u0131n yeniden hastaneye kald\u0131r\u0131lmas\u0131na ili\u015fkin, daha \u00f6nce de sa\u011fl\u0131k sorunu oldu\u011funu hat\u0131rlatarak, \u201cOradaki yarg\u0131lamay\u0131 normal bir yarg\u0131lama olarak g\u00f6rmemek laz\u0131m. Orta \u00c7a\u011f d\u00fczeninin getirdi\u011fi bir yarg\u0131lama var. O yarg\u0131lama sistemi i\u00e7inde adalet de beklememek gerekiyor, insan haklar\u0131na sayg\u0131 da beklememek gerekiyor\u201d dedi.\u00a0<!--more--><\/p>\n<p style=\"text-align: justify;\">K\u0131l\u0131\u00e7daro\u011flu, GATA Haydarpa\u015fa E\u011fitim Hastanesi Rehabilitasyon Merkezindeki gazileri ziyaretinin ard\u0131ndan, \u00e7\u0131k\u0131\u015fta gazetecilerin sorular\u0131n\u0131 yan\u0131tlad\u0131. Ziyarete ili\u015fkin hastalara acil \u015fifalar dilediklerini ifade eden K\u0131l\u0131\u00e7daro\u011flu, hastalar\u0131n tedaviden memnun olduklar\u0131n\u0131, ayr\u0131ca sivil hastalar\u0131 da ziyaret ettiklerini s\u00f6yledi.<\/p>\n<p style=\"text-align: justify;\">Bir gazetecinin, \u00f6n\u00fcm\u00fczdeki g\u00fcnlerde MYK yap\u0131laca\u011f\u0131 ve S\u00fcheyl Batum&#8217;un yeni MYK&#8217;da yer almayaca\u011f\u0131na y\u00f6nelik haberlerin baz\u0131 bas\u0131n organlar\u0131nda yer ald\u0131\u011f\u0131na i\u015faret etmesi \u00fczerine K\u0131l\u0131\u00e7daro\u011flu, \u201cBu haberleri kim yaz\u0131yor? Ben de sizin gibi okuyorum. Herkes kendi tahminini yaz\u0131yor. Ona da sayg\u0131 duyuyoruz tabi. Ama hen\u00fcz daha ortada bir karar yok\u201d diye konu\u015ftu.<\/p>\n<p style=\"text-align: justify;\">K\u0131l\u0131\u00e7daro\u011flu, \u201c\u00c7ok b\u00fcy\u00fck de\u011fi\u015fiklikler olaca\u011f\u0131 s\u00f6yleniyor\u201d ifadesi \u00fczerine de; \u201c\u00c7ok b\u00fcy\u00fck de\u011fi\u015fiklikler de\u011fil, de\u011fi\u015fiklikler olacak\u201d dedi.<\/p>\n<p style=\"text-align: justify;\"><strong>HABERAL&#8217;IN HASTANEYE KALDIRILMASI\u00a0<\/strong><\/p>\n<p style=\"text-align: justify;\">Bir gazetecinin ikinci \u201cErgenekon\u201d davas\u0131n\u0131n tutuklu san\u0131\u011f\u0131, CHP Zonguldak Milletvekili Mehmet Haberal&#8217;\u0131n hastaneye kald\u0131r\u0131ld\u0131\u011f\u0131n\u0131n an\u0131msat\u0131lmas\u0131 \u00fczerine de K\u0131l\u0131\u00e7daro\u011flu, \u015funlar\u0131 kaydetti:<\/p>\n<p style=\"text-align: justify;\">\u201cSay\u0131n Haberal hastaneye kald\u0131r\u0131lmay\u0131 da istemiyordu ama demek ki ko\u015fullar zorlad\u0131\u011f\u0131 i\u00e7in hastaneye kald\u0131r\u0131ld\u0131. Daha \u00f6nce zaten bir sa\u011fl\u0131k sorunu vard\u0131. Kendisine rapor veren hekimler hakk\u0131nda soru\u015fturma a\u00e7\u0131ld\u0131, g\u00f6zalt\u0131na al\u0131nd\u0131lar. Oradaki yarg\u0131lamay\u0131 normal bir yarg\u0131lama olarak g\u00f6rmemek laz\u0131m. Orta \u00c7a\u011f d\u00fczeninin getirdi\u011fi bir yarg\u0131lama sistemi var. O yarg\u0131lama sistemi i\u00e7inde adalet de beklememek gerekiyor, insan haklar\u0131na sayg\u0131 da beklememek gerekiyor. O mahkemeyi a\u015fama a\u015fama kamuoyuna te\u015fhir edece\u011fiz, oradaki b\u00fct\u00fcn hukuksuzluklar\u0131 sadece T\u00fcrkiye&#8217;ye de\u011fil b\u00fct\u00fcn d\u00fcnyaya anlataca\u011f\u0131z. 21. y\u00fczy\u0131l\u0131n T\u00fcrkiye&#8217;sinde Orta \u00c7a\u011f anlay\u0131\u015f\u0131yla yarg\u0131lama yap\u0131lamaz. 21. y\u00fczy\u0131l\u0131n T\u00fcrkiye&#8217;sinde d\u00fc\u015f\u00fcncelerini \u00f6nceden a\u00e7\u0131klay\u0131p, san\u0131klar\u0131 su\u00e7lu eden yarg\u0131\u00e7larla bu dava gitmez. Onun i\u00e7in bunu b\u00fct\u00fcn d\u00fcnyaya anlatmak durumunday\u0131z. Bu \u00fclkenin b\u00fct\u00fcn yurtseverlerinin, b\u00fct\u00fcn demokratlar\u0131n\u0131n insan haklar\u0131 ihlallerini b\u00fct\u00fcn d\u00fcnyaya anlatmas\u0131 gerekiyor. Bu konuda duyarl\u0131 olmalar\u0131 gerekiyor.\u201d<\/p>\n<p style=\"text-align: justify;\">Bir gazetecinin Cumhuriyet Gazetesine bomba atan ki\u015finin itiraflar\u0131na y\u00f6nelik iddialar \u00fczerine de K\u0131l\u0131\u00e7daro\u011flu, \u015f\u00f6yle devam etti:<\/p>\n<p style=\"text-align: justify;\">\u201cAsl\u0131nda \u00f6nemli bir itiraf. \u0130tiraf yarg\u0131 \u00f6n\u00fcnde yap\u0131l\u0131yor. \u0130tiraz ediliyor. O itiraza kar\u015f\u0131 da itiraf edenin s\u00f6yledi\u011fi \u00e7ok \u00f6nemli bir s\u00f6z var. &#8216;Benim 16 ya\u015f\u0131nda s\u00f6ylediklerime itibar ediyorsunuz da mahkemenin \u00f6n\u00fcnde 18 ya\u015f\u0131ndayken s\u00f6ylediklerime niye itibar etmiyorsunuz?&#8217; Bu ne anlama geliyor? Bu, \u00f6n yarg\u0131yla hareket edenlerin kendi kafalar\u0131nda iddianame olu\u015fturanlar\u0131n, mahkumiyeti, sadece belli bir s\u00fcre ge\u00e7tikten sonra nas\u0131l olsa verece\u011fiz diye d\u00fc\u015f\u00fcn\u00fcp yola \u00e7\u0131kanlar\u0131n, asl\u0131nda bu itirafa bakt\u0131klar\u0131 zaman d\u00f6n\u00fcp aynada bir de kendilerine bakmalar\u0131 gerekiyor. &#8216;Biz neler yap\u0131yoruz burada. Biz nas\u0131l bir yarg\u0131lama yap\u0131yoruz burada. Hangi itiraflarla hangi iddianamelerle, kimlerin s\u00f6zleriyle buraya geldi&#8217; diye bak\u0131p d\u00fc\u015f\u00fcnmeleri gerekiyor.<\/p>\n<p style=\"text-align: justify;\">\u0130ddianamelerin haz\u0131rlanmas\u0131, gizli tan\u0131klar\u0131n durumu, d\u00f6n\u00fcp yeniden sa\u011fl\u0131kl\u0131 bir sorgulama yapmam\u0131z\u0131 gerektiriyor, Silivri&#8217;deki duru\u015fmalar dolay\u0131s\u0131yla.\u201d<\/p>\n<p style=\"text-align: justify;\"><strong>SOMAL\u0130&#8217;YE G\u0130TME KONUSU\u00a0<\/strong><\/p>\n<p style=\"text-align: justify;\">K\u0131l\u0131\u00e7daro\u011flu, Somali&#8217;ye gidip gitmeyece\u011fine ili\u015fkin bir soruya da, \u201cD\u0131\u015fi\u015fleri Bakanl\u0131\u011f\u0131 ile say\u0131n Lo\u011fo\u011flu bir g\u00f6r\u00fc\u015fme yapm\u0131\u015ft\u0131. Orada bakanl\u0131k yetkilileri g\u00fcvenlik a\u00e7\u0131s\u0131ndan baz\u0131 sorunlar\u0131n oldu\u011funu s\u00f6ylemi\u015flerdi. Say\u0131n Lo\u011fo\u011flu bana bunu aktard\u0131. Daha sonra K\u0131z\u0131lay yetkilileriyle g\u00f6r\u00fc\u015ft\u00fck. K\u0131z\u0131lay yetkilileri var olan g\u00fcvenlik sorununu a\u015fabileceklerini s\u00f6ylediler. Temaslar devam ediyor \u015fu anda\u201d yan\u0131t\u0131n\u0131 verdi.<\/p>\n<p style=\"text-align: justify;\">\u201cG\u00fcvenlik sorunu a\u015f\u0131l\u0131rsa gidecek misiniz?&#8217; sorusu \u00fczerine de K\u0131l\u0131\u00e7daro\u011flu, \u201cGidece\u011fim\u201d dedi.<\/p>\n<p style=\"text-align: justify;\">K\u0131l\u0131\u00e7daro\u011flu, bir gazetecinin \u201cBa\u015fbakan Erdo\u011fan ile birlikte gitme durumunuz olabilir mi?\u201d soruna y\u00f6nelik de, \u201cSanm\u0131yorum \u00f6yle bir \u015fey olaca\u011f\u0131n\u0131. Somali&#8217;ye yap\u0131lan yard\u0131m bir partinin yard\u0131m\u0131 \u015fekline d\u00f6n\u00fc\u015ft\u00fcr\u00fcld\u00fc. AKP&#8217;nin ba\u011f\u0131\u015f kampanyas\u0131na d\u00f6n\u00fc\u015ft\u00fcr\u00fcld\u00fc. Bu bizi rahats\u0131z ediyor. Bu rahats\u0131zl\u0131k devam etti\u011fi s\u00fcrece b\u00f6yle bir teklifin de gelece\u011fini d\u00fc\u015f\u00fcnm\u00fcyorum, b\u00f6yle bir \u00f6neriye s\u0131cak bakman\u0131n da do\u011fru olmad\u0131\u011f\u0131 kan\u0131s\u0131nday\u0131m\u201d diye konu\u015ftu.<\/p>\n<p style=\"text-align: justify;\">K\u0131l\u0131\u00e7daro\u011flu, ter\u00f6r \u00f6rg\u00fct\u00fc PKK&#8217;n\u0131n eleba\u015f\u0131s\u0131 Murat Karay\u0131lan&#8217;\u0131n yakalan\u0131p yakalanmad\u0131\u011f\u0131na ili\u015fkin bir soru \u00fczerine de, \u201c\u00c7eli\u015fkili haberler geliyor yakalan\u0131p yakalanmad\u0131\u011f\u0131 konusunda. Olay somutla\u015f\u0131nca ancak yorum yapabilece\u011fiz. Bu a\u015famada bir \u015fey s\u00f6ylemek do\u011fru de\u011fil\u201d dedi.<\/p>\n<p style=\"text-align: justify;\"><a href=\"http:\/\/www.hurriyet.com.tr\/gundem\/18487638.asp?gid=381\" target=\"_blank\">Kaynak : H\u00fcrriyet.com.tr<\/a><\/p>\n","protected":false},"excerpt":{"rendered":"<p style=\"text-align: center;\">\n<p style=\"text-align: justify;\">CHP Genel Ba\u015fkan\u0131 Kemal K\u0131l\u0131\u00e7daro\u011flu, CHP&#8217;den milletvekili se\u00e7ilen ikinci \u201cErgenekon\u201d davas\u0131n\u0131n tutuklu san\u0131\u011f\u0131 Mehmet Haberal&#8217;\u0131n yeniden hastaneye kald\u0131r\u0131lmas\u0131na ili\u015fkin, daha \u00f6nce de sa\u011fl\u0131k sorunu oldu\u011funu hat\u0131rlatarak, \u201cOradaki yarg\u0131lamay\u0131 normal bir yarg\u0131lama olarak g\u00f6rmemek laz\u0131m. Orta \u00c7a\u011f d\u00fczeninin getirdi\u011fi bir yarg\u0131lama var. O yarg\u0131lama sistemi i\u00e7inde adalet de beklememek gerekiyor, insan <\/p>\n","protected":false},"author":1,"featured_media":0,"comment_status":"open","ping_status":"open","sticky":false,"template":"","format":"standard","meta":{"footnotes":""},"categories":[105],"tags":[],"class_list":["post-38514","post","type-post","status-publish","format-standard","hentry","category-gundem","odd"],"_links":{"self":[{"href":"http:\/\/www.korhanyilmaz.com\/index.php?rest_route=\/wp\/v2\/posts\/38514","targetHints":{"allow":["GET"]}}],"collection":[{"href":"http:\/\/www.korhanyilmaz.com\/index.php?rest_route=\/wp\/v2\/posts"}],"about":[{"href":"http:\/\/www.korhanyilmaz.com\/index.php?rest_route=\/wp\/v2\/types\/post"}],"author":[{"embeddable":true,"href":"http:\/\/www.korhanyilmaz.com\/index.php?rest_route=\/wp\/v2\/users\/1"}],"replies":[{"embeddable":true,"href":"http:\/\/www.korhanyilmaz.com\/index.php?rest_route=%2Fwp%2Fv2%2Fcomments&post=38514"}],"version-history":[{"count":0,"href":"http:\/\/www.korhanyilmaz.com\/index.php?rest_route=\/wp\/v2\/posts\/38514\/revisions"}],"wp:attachment":[{"href":"http:\/\/www.korhanyilmaz.com\/index.php?rest_route=%2Fwp%2Fv2%2Fmedia&parent=38514"}],"wp:term":[{"taxonomy":"category","embeddable":true,"href":"http:\/\/www.korhanyilmaz.com\/index.php?rest_route=%2Fwp%2Fv2%2Fcategories&post=38514"},{"taxonomy":"post_tag","embeddable":true,"href":"http:\/\/www.korhanyilmaz.com\/index.php?rest_route=%2Fwp%2Fv2%2Ftags&post=38514"}],"curies":[{"name":"wp","href":"https:\/\/api.w.org\/{rel}","templated":true}]}}