{"id":38507,"date":"2011-08-13T16:55:11","date_gmt":"2011-08-13T13:55:11","guid":{"rendered":"http:\/\/www.korhanyilmaz.com\/?p=38507"},"modified":"2011-08-14T00:43:00","modified_gmt":"2011-08-13T21:43:00","slug":"murat-karayilan-yakalandi-iddiasi","status":"publish","type":"post","link":"http:\/\/www.korhanyilmaz.com\/?p=38507","title":{"rendered":"&#8216;Murat Karay\u0131lan yakaland\u0131&#8217; iddias\u0131!"},"content":{"rendered":"<p style=\"text-align: center;\"><a href=\"http:\/\/www.korhanyilmaz.com\/wp-content\/uploads\/2011\/08\/6105.jpg\"  class=\"lightview\"><img loading=\"lazy\" decoding=\"async\" class=\"aligncenter size-full wp-image-38508\" src=\"http:\/\/www.korhanyilmaz.com\/wp-content\/uploads\/2011\/08\/6105.jpg\" alt=\"\" width=\"372\" height=\"207\" \/><\/a><\/p>\n<p style=\"text-align: justify;\">TRT Haber&#8217;e g\u00f6re, b\u00f6l\u00fcc\u00fc ter\u00f6r \u00f6rg\u00fct\u00fc PKK&#8217;n\u0131n eleba\u015flar\u0131ndan Murat Karay\u0131lan&#8217;\u0131n \u0130ran taraf\u0131nda yakaland\u0131\u011f\u0131 iddia ediliyor.<\/p>\n<p style=\"text-align: justify;\">TRT T\u00fcrk Tahran\u2019daki muhabiri Hakan \u00c7elik\u2019e ba\u011fland\u0131. Hakan \u00c7elik de Karay\u0131lan\u2019\u0131n yakaland\u0131\u011f\u0131 iddias\u0131na ili\u015fkin resmi veya gayriresmi d\u00fczeyde do\u011frulanmad\u0131\u011f\u0131n\u0131 bildirdi.<\/p>\n<p style=\"text-align: justify;\">\u0130ran B\u00fcy\u00fckel\u00e7isi de haberi teyit edemeyeceklerini bildirdi.\u00a0<!--more--><\/p>\n<p style=\"text-align: justify;\"><strong>PKK&#8217;DAN ANINDA YALANLAMA\u00a0<\/strong><\/p>\n<p style=\"text-align: justify;\"><a href=\"http:\/\/www.korhanyilmaz.com\/wp-content\/uploads\/2011\/08\/6106.jpg\"  class=\"lightview\"><img loading=\"lazy\" decoding=\"async\" class=\"alignleft size-full wp-image-38509\" style=\"margin-left: 10px; margin-right: 10px;\" src=\"http:\/\/www.korhanyilmaz.com\/wp-content\/uploads\/2011\/08\/6106.jpg\" alt=\"\" width=\"315\" height=\"192\" \/><\/a>PKK&#8217;dan haberle ilgili jet yalanlama geldi.<\/p>\n<p style=\"text-align: justify;\">F\u0131rat Haber Ajans\u0131&#8217;na bilgi veren PKK kaynaklar\u0131 Karay\u0131lan\u2019\u0131n \u0130ran taraf\u0131ndan yakaland\u0131\u011f\u0131 y\u00f6n\u00fcndeki haberleri yalanlad\u0131.<\/p>\n<p style=\"text-align: justify;\">Ajans 17.00 itibar\u0131yla yalanlama haberini fla\u015f ge\u00e7ti.<\/p>\n<p style=\"text-align: justify;\">Son olarak d\u00f6rt g\u00fcn \u00f6nce F\u0131rat Haber Ajans\u0131&#8217;na konu\u015fan Karay\u0131lan \u0130ran&#8217;\u0131n, PKK&#8217;n\u0131n \u00fclkedeki uzant\u0131s\u0131 PJAK&#8217;a y\u00f6nelik operasyonlar\u0131n\u0131 durdurdu\u011funu belirterek \u201cE\u011fer \u0130ran sald\u0131r\u0131lar\u0131n\u0131 tekrar ba\u015flatmazsa taraf\u0131m\u0131zdan sald\u0131r\u0131 olmayacak\u201d demi\u015fti.<\/p>\n<p style=\"text-align: justify;\">\u0130ran&#8217;\u0131n operasyonlar\u0131n\u0131 s\u00fcrd\u00fcrmesi durumunda bu kez PJAK militanlar\u0131n\u0131n yerine PKK&#8217;l\u0131lar\u0131n devreye girece\u011fini belirten Karay\u0131lan, &#8220;Kandil b\u00f6lgesinde art\u0131k s\u0131n\u0131r \u00fczerinde PJAK olmayacakt\u0131r. Bu \u0130ran\u2019\u0131 yeni bir sald\u0131r\u0131ya tahrik etmemek i\u00e7in tek tarafl\u0131 olarak al\u0131nm\u0131\u015f bir tedbirdir ve umar\u0131m \u0130ran taraf\u0131ndan da dikkate al\u0131nacakt\u0131r. Bu a\u015famadan sonra \u0130ran tekrar sald\u0131r\u0131lar\u0131n\u0131 ba\u015flat\u0131rsa, art\u0131k sadece PJAK de\u011fil, PKK olarak devreye girmek durumunda kalaca\u011f\u0131z\u201d ifadesini kullanm\u0131\u015ft\u0131.<\/p>\n<p style=\"text-align: justify;\"><strong>\u0130RAN\u2019IN PJAK\u2019A BASKISI ARTIYORDU\u00a0<\/strong><\/p>\n<p style=\"text-align: justify;\">\u0130ran ordusu son d\u00f6nemde PJAK&#8217;a y\u00f6nelik operasyonlar\u0131n\u0131 s\u0131kla\u015ft\u0131rm\u0131\u015ft\u0131. Hatta \u0130ran askerlerinin Irak topraklar\u0131na girdi\u011fi iddia edilmi\u015fti.<\/p>\n<p style=\"text-align: justify;\">Haber ajanslar\u0131, Temmuz ortas\u0131ndan bu yana Devrim Muhaf\u0131zlar\u0131&#8217;yla PJAK militanlar\u0131 aras\u0131nda ya\u015fanan \u00e7at\u0131\u015fmalarda \u00e7ok say\u0131da PJAK&#8217;l\u0131n\u0131n \u00f6ld\u00fcr\u00fcld\u00fc\u011f\u00fcn\u00fc duyurdu. \u00c7at\u0131\u015fmalarda \u0130ran askerlerinin de hayat\u0131n\u0131 kaybetti\u011fi bildirildi.<\/p>\n<p style=\"text-align: justify;\">Hatta \u0130ran Devrim Muhaf\u0131zlar\u0131&#8217;ndan yap\u0131lan a\u00e7\u0131klamada, \u00e7at\u0131\u015fmalar s\u0131ras\u0131nda ya\u015fanan bir patlamada General Abbas Asemi isimli komutan\u0131n hayat\u0131n\u0131 kaybetti\u011fi ifade edildi.<\/p>\n<p style=\"text-align: justify;\">\u0130ran&#8217;dan en son PJAK haberi, Karay\u0131lan&#8217;\u0131n a\u00e7\u0131klamas\u0131yla ayn\u0131 g\u00fcn geldi.<\/p>\n<p style=\"text-align: justify;\">\u0130ran&#8217;\u0131n T\u00fcrkiye s\u0131n\u0131r\u0131ndaki Maku il\u00e7esi k\u0131rsal\u0131nda bir polis arac\u0131na d\u00fczenledi\u011fi may\u0131nl\u0131 sald\u0131r\u0131da be\u015f \u0130ran polisinin hayat\u0131n\u0131 kaybetti\u011fi bildirildi.<\/p>\n<p style=\"text-align: justify;\"><strong>KARAYILAN K\u0130MD\u0130R?\u00a0<\/strong><\/p>\n<p style=\"text-align: justify;\">1954 Birecik do\u011fumlu olan Murat Karay\u0131lan, PKK Ter\u00f6r \u00d6rg\u00fct\u00fcne 1979&#8217;da kat\u0131ld\u0131. Kod ad\u0131 Cemal. \u015eu anda \u00f6rg\u00fct\u00fcn lideri. Y\u00fcksekokul makine b\u00f6l\u00fcm\u00fc mezunu olan Karay\u0131lan, uzun s\u00fcre \u015eanl\u0131urfa civarlar\u0131nda faaliyet g\u00f6sterdikten sonra 12 Eyl\u00fcl&#8217;de Suriye&#8217;ye ka\u00e7m\u0131\u015ft\u0131.<\/p>\n<p style=\"text-align: justify;\"><strong>MURAT KARAYILAN\u2019IN KARDE\u015e\u0130: B\u0130Z B\u0130R \u015eEY DUYMADIK\u00a0<\/strong><\/p>\n<p style=\"text-align: justify;\">PKK eleba\u015flar\u0131ndan Murat Karay\u0131lan\u2019\u0131n \u0130ran\u2019da yakaland\u0131\u011f\u0131 iddias\u0131, b\u00f6l\u00fcc\u00fc \u00f6rg\u00fct kaynaklar\u0131nca yalanlan\u0131rken karde\u015fi Bozan Karay\u0131lan, &#8220;Bu konuda bir \u015fey duymad\u0131m&#8221; dedi.<\/p>\n<p style=\"text-align: justify;\">Birecik\u2019in Konak K\u00f6y\u00fc Sakaltutan Mezras\u0131\u2019nda ya\u015fam\u0131n\u0131 s\u00fcrd\u00fcren, ayn\u0131 zamanda BDP\u2019den \u0130l Genel Meclisi \u00fcyesi olan Bozan Karay\u0131lan, kendisine telefonla ula\u015fan DHA muhabirine, &#8220;Bu konuda bir \u015fey duymad\u0131m. \u015eu anda k\u00f6ydeyim ve televizyondan b\u00f6yle bir haber ge\u00e7ti\u011fi s\u00f6ylendi. Ba\u015fka da bilgim yok&#8221; dedi.<\/p>\n<p style=\"text-align: justify;\">\u015eanl\u0131urfal\u0131 olan Karay\u0131lan, 1979 y\u0131l\u0131nda \u00f6rg\u00fcte kat\u0131l\u0131p, b\u00f6lgede faaliyet y\u00fcr\u00fctt\u00fckten sonra 1980 y\u0131l\u0131nda Suriye\u2019ye ge\u00e7mi\u015fti. Uzun y\u0131llard\u0131r \u00f6rg\u00fct\u00fcn lider kadrosunda yer alan Murat Karay\u0131lan, PKK\u2019n\u0131n gizli \u015fehir \u00f6rg\u00fctlenmesi KCK Y\u00fcr\u00fctme Konseyi\u2019nin de ba\u015fkanl\u0131\u011f\u0131n\u0131 yap\u0131yor.<\/p>\n<p style=\"text-align: justify;\"><a href=\"http:\/\/haber.gazetevatan.com\/murat-karayilan-yakalandi-iddiasi\/394038\/1\/Gundem\" target=\"_blank\">Kaynak : VATAN Gazetesi<\/a><\/p>\n","protected":false},"excerpt":{"rendered":"<p style=\"text-align: center;\">\n<p style=\"text-align: justify;\">TRT Haber&#8217;e g\u00f6re, b\u00f6l\u00fcc\u00fc ter\u00f6r \u00f6rg\u00fct\u00fc PKK&#8217;n\u0131n eleba\u015flar\u0131ndan Murat Karay\u0131lan&#8217;\u0131n \u0130ran taraf\u0131nda yakaland\u0131\u011f\u0131 iddia ediliyor.<\/p>\n<p style=\"text-align: justify;\">TRT T\u00fcrk Tahran\u2019daki muhabiri Hakan \u00c7elik\u2019e ba\u011fland\u0131. Hakan \u00c7elik de Karay\u0131lan\u2019\u0131n yakaland\u0131\u011f\u0131 iddias\u0131na ili\u015fkin resmi veya gayriresmi d\u00fczeyde do\u011frulanmad\u0131\u011f\u0131n\u0131 bildirdi.<\/p>\n<p style=\"text-align: justify;\">\u0130ran B\u00fcy\u00fckel\u00e7isi de haberi teyit edemeyeceklerini bildirdi. <\/p>\n","protected":false},"author":1,"featured_media":0,"comment_status":"open","ping_status":"open","sticky":false,"template":"","format":"standard","meta":{"footnotes":""},"categories":[105],"tags":[],"class_list":["post-38507","post","type-post","status-publish","format-standard","hentry","category-gundem","odd"],"_links":{"self":[{"href":"http:\/\/www.korhanyilmaz.com\/index.php?rest_route=\/wp\/v2\/posts\/38507","targetHints":{"allow":["GET"]}}],"collection":[{"href":"http:\/\/www.korhanyilmaz.com\/index.php?rest_route=\/wp\/v2\/posts"}],"about":[{"href":"http:\/\/www.korhanyilmaz.com\/index.php?rest_route=\/wp\/v2\/types\/post"}],"author":[{"embeddable":true,"href":"http:\/\/www.korhanyilmaz.com\/index.php?rest_route=\/wp\/v2\/users\/1"}],"replies":[{"embeddable":true,"href":"http:\/\/www.korhanyilmaz.com\/index.php?rest_route=%2Fwp%2Fv2%2Fcomments&post=38507"}],"version-history":[{"count":0,"href":"http:\/\/www.korhanyilmaz.com\/index.php?rest_route=\/wp\/v2\/posts\/38507\/revisions"}],"wp:attachment":[{"href":"http:\/\/www.korhanyilmaz.com\/index.php?rest_route=%2Fwp%2Fv2%2Fmedia&parent=38507"}],"wp:term":[{"taxonomy":"category","embeddable":true,"href":"http:\/\/www.korhanyilmaz.com\/index.php?rest_route=%2Fwp%2Fv2%2Fcategories&post=38507"},{"taxonomy":"post_tag","embeddable":true,"href":"http:\/\/www.korhanyilmaz.com\/index.php?rest_route=%2Fwp%2Fv2%2Ftags&post=38507"}],"curies":[{"name":"wp","href":"https:\/\/api.w.org\/{rel}","templated":true}]}}