{"id":38503,"date":"2011-08-13T23:29:32","date_gmt":"2011-08-13T20:29:32","guid":{"rendered":"http:\/\/www.korhanyilmaz.com\/?p=38503"},"modified":"2011-08-14T00:37:42","modified_gmt":"2011-08-13T21:37:42","slug":"sirnakta-hain-pusu-1-yuzbasi-2-er-sehit","status":"publish","type":"post","link":"http:\/\/www.korhanyilmaz.com\/?p=38503","title":{"rendered":"\u015e\u0131rnak&#8217;ta hain pusu: 1 y\u00fczba\u015f\u0131 2 er \u015fehit"},"content":{"rendered":"<p style=\"text-align: justify;\"><a href=\"http:\/\/www.korhanyilmaz.com\/wp-content\/uploads\/2011\/08\/6104.jpg\"  class=\"lightview\"><img loading=\"lazy\" decoding=\"async\" class=\"aligncenter size-full wp-image-38504\" title=\"\" src=\"http:\/\/www.korhanyilmaz.com\/wp-content\/uploads\/2011\/08\/6104.jpg\" alt=\"\" width=\"300\" height=\"230\" \/><\/a><\/p>\n<p style=\"text-align: justify;\">\u015e\u0131rnak&#8217;\u0131n Beyt\u00fc\u015f\u015febap \u0130l\u00e7esi yak\u0131nlar\u0131nda g\u00fcvenlik g\u00fc\u00e7leri ile PKK&#8217;l\u0131 ter\u00f6ristler aras\u0131nda \u00e7at\u0131\u015fma \u00e7\u0131kt\u0131. \u00c7at\u0131\u015fmada biri y\u00fczba\u015f\u0131 3 asker \u015fehit oldu. \u00c7at\u0131\u015fma s\u00fcrerken, b\u00f6lgeye takviye askerler sevkedildi.<\/p>\n<p style=\"text-align: justify;\">Beyt\u00fc\u015f\u015febap yak\u0131nlar\u0131ndaki 1&#8217;inci ve 2&#8217;inci k\u00f6pr\u00fc mevkii aras\u0131ndaki Ayval\u0131k b\u00f6lgesinde bu ak\u015fam saatlerinde g\u00f6revden d\u00f6nen askerlere PKK&#8217;l\u0131 ter\u00f6ristler taraf\u0131ndan pusu kurularak uzun namlulu silahlarla ate\u015f a\u00e7\u0131ld\u0131. Askerlerin an\u0131nda kar\u015f\u0131l\u0131k vermesiyle \u00e7at\u0131\u015fma \u00e7\u0131kt\u0131.\u00a0<!--more--><\/p>\n<p style=\"text-align: justify;\">\u00c7at\u0131\u015fma s\u00fcrerken, b\u00f6lgeye ba\u015fta Beyt\u00fc\u015f\u015febap olmak \u00fczere \u00e7evredeki birliklerden takviye askerler sevkedildi.<\/p>\n<p style=\"text-align: justify;\"><strong>B\u0130R\u0130 Y\u00dcZBA\u015eI 3 ASKER \u015eEH\u0130T\u00a0<\/strong><\/p>\n<p style=\"text-align: justify;\">Sald\u0131r\u0131s\u0131nda biri y\u00fczba\u015f\u0131, 2&#8217;si er olmak \u00fczere 3 asker \u015fehit oldu, 3 asker de yaraland\u0131. Pusu kuran ter\u00f6ristlerin askeri arac\u0131n ge\u00e7i\u015fi s\u0131ras\u0131nda \u00f6nce roketatarl\u0131 sald\u0131r\u0131 d\u00fczenledikleri ve ard\u0131ndan uzun namlulu silahlarla ate\u015f a\u00e7t\u0131klar\u0131 belirtildi. Ter\u00f6ristlerin roketli ve uzun namlulu silahl\u0131 sald\u0131r\u0131s\u0131nda ara\u00e7ta bulunan biri y\u00fczba\u015f\u0131, ikisi er 3 askerin \u015fehit olurken, 3 askerin de yaraland\u0131\u011f\u0131 belirtildi.<\/p>\n<p style=\"text-align: justify;\">B\u00f6lgede ter\u00f6ristlerle g\u00fcvenlik g\u00fc\u00e7leri aras\u0131ndaki \u00e7at\u0131\u015fmalar\u0131n s\u00fcrd\u00fc\u011f\u00fc \u00f6\u011frenildi.<\/p>\n<p style=\"text-align: justify;\"><a href=\"http:\/\/www.hurriyet.com.tr\/gundem\/18484004.asp?gid=381\" target=\"_blank\">Kaynak : H\u00fcrriyet.com.tr<\/a><\/p>\n","protected":false},"excerpt":{"rendered":"<p style=\"text-align: justify;\">\n<p style=\"text-align: justify;\">\u015e\u0131rnak&#8217;\u0131n Beyt\u00fc\u015f\u015febap \u0130l\u00e7esi yak\u0131nlar\u0131nda g\u00fcvenlik g\u00fc\u00e7leri ile PKK&#8217;l\u0131 ter\u00f6ristler aras\u0131nda \u00e7at\u0131\u015fma \u00e7\u0131kt\u0131. \u00c7at\u0131\u015fmada biri y\u00fczba\u015f\u0131 3 asker \u015fehit oldu. \u00c7at\u0131\u015fma s\u00fcrerken, b\u00f6lgeye takviye askerler sevkedildi.<\/p>\n<p style=\"text-align: justify;\">Beyt\u00fc\u015f\u015febap yak\u0131nlar\u0131ndaki 1&#8217;inci ve 2&#8217;inci k\u00f6pr\u00fc mevkii aras\u0131ndaki Ayval\u0131k b\u00f6lgesinde bu ak\u015fam saatlerinde g\u00f6revden d\u00f6nen askerlere PKK&#8217;l\u0131 ter\u00f6ristler taraf\u0131ndan pusu kurularak uzun namlulu <\/p>\n","protected":false},"author":1,"featured_media":0,"comment_status":"open","ping_status":"open","sticky":false,"template":"","format":"standard","meta":{"footnotes":""},"categories":[105],"tags":[],"class_list":["post-38503","post","type-post","status-publish","format-standard","hentry","category-gundem","odd"],"_links":{"self":[{"href":"http:\/\/www.korhanyilmaz.com\/index.php?rest_route=\/wp\/v2\/posts\/38503","targetHints":{"allow":["GET"]}}],"collection":[{"href":"http:\/\/www.korhanyilmaz.com\/index.php?rest_route=\/wp\/v2\/posts"}],"about":[{"href":"http:\/\/www.korhanyilmaz.com\/index.php?rest_route=\/wp\/v2\/types\/post"}],"author":[{"embeddable":true,"href":"http:\/\/www.korhanyilmaz.com\/index.php?rest_route=\/wp\/v2\/users\/1"}],"replies":[{"embeddable":true,"href":"http:\/\/www.korhanyilmaz.com\/index.php?rest_route=%2Fwp%2Fv2%2Fcomments&post=38503"}],"version-history":[{"count":0,"href":"http:\/\/www.korhanyilmaz.com\/index.php?rest_route=\/wp\/v2\/posts\/38503\/revisions"}],"wp:attachment":[{"href":"http:\/\/www.korhanyilmaz.com\/index.php?rest_route=%2Fwp%2Fv2%2Fmedia&parent=38503"}],"wp:term":[{"taxonomy":"category","embeddable":true,"href":"http:\/\/www.korhanyilmaz.com\/index.php?rest_route=%2Fwp%2Fv2%2Fcategories&post=38503"},{"taxonomy":"post_tag","embeddable":true,"href":"http:\/\/www.korhanyilmaz.com\/index.php?rest_route=%2Fwp%2Fv2%2Ftags&post=38503"}],"curies":[{"name":"wp","href":"https:\/\/api.w.org\/{rel}","templated":true}]}}