{"id":38500,"date":"2011-08-13T13:40:59","date_gmt":"2011-08-13T10:40:59","guid":{"rendered":"http:\/\/www.korhanyilmaz.com\/?p=38500"},"modified":"2011-08-14T00:29:41","modified_gmt":"2011-08-13T21:29:41","slug":"kilicdaroglu-turkiyeye-yakismiyor","status":"publish","type":"post","link":"http:\/\/www.korhanyilmaz.com\/?p=38500","title":{"rendered":"K\u0131l\u0131\u00e7daro\u011flu: &#8220;T\u00fcrkiye&#8217;ye yak\u0131\u015fm\u0131yor&#8221;"},"content":{"rendered":"<p style=\"text-align: center;\"><a href=\"http:\/\/www.korhanyilmaz.com\/wp-content\/uploads\/2011\/08\/6103.jpg\"  class=\"lightview\"><img loading=\"lazy\" decoding=\"async\" class=\"aligncenter size-full wp-image-38501\" src=\"http:\/\/www.korhanyilmaz.com\/wp-content\/uploads\/2011\/08\/6103.jpg\" alt=\"\" width=\"462\" height=\"210\" \/><\/a><\/p>\n<p style=\"text-align: justify;\">CHP lideri K\u0131l\u0131\u00e7daro\u011flu, Suriye konusunda yine uyard\u0131: &#8220;T\u00fcrkiye kom\u015fusunun i\u00e7i\u015flerine kar\u0131\u015fmamal\u0131.&#8221;<\/p>\n<p style=\"text-align: justify;\">\u0130STANBUL &#8211; CHP Genel Ba\u015fkan\u0131 Kemal K\u0131l\u0131\u00e7daro\u011flu, &#8221;T\u00fcrkiye Cumhuriyeti, kendi kom\u015fusunun i\u00e7i\u015flerine kar\u0131\u015fmamal\u0131. Tehdit ve \u015fantaj s\u00f6ylemleri geli\u015ftirmemeli. Bu T\u00fcrkiye&#8217;ye yak\u0131\u015fm\u0131yor&#8221; dedi.\u00a0<!--more--><\/p>\n<p style=\"text-align: justify;\">Sosyal Hizmetler \u00c7ocuk Esirgeme Kurumu (SH\u00c7EK) Bah\u00e7elievler \u015eeyh Zayed \u00c7ocuk Yuvas\u0131n\u0131 ziyaret eden K\u0131l\u0131\u00e7daro\u011flu, burada \u00e7ocuklar\u0131 kuca\u011f\u0131na alarak sevdi. Bebeklerle foto\u011fraf da \u00e7ektiren K\u0131l\u0131\u00e7daro\u011flu, onlara oyuncak da\u011f\u0131tt\u0131. K\u0131l\u0131\u00e7daro\u011flu, daha sonra y\u00fcr\u00fcyerek ge\u00e7ti\u011fi 0-6 ya\u015f \u00d6z\u00fcrl\u00fc Bak\u0131m ve Rehabilitasyon Merkezi&#8217;ni gezdi.<\/p>\n<p style=\"text-align: justify;\"><strong>AKP&#8217;YE SORDU: &#8220;BUNDAN SONRA NE S\u00d6YLEYECEKS\u0130N\u0130Z?&#8221;<\/strong><\/p>\n<p style=\"text-align: justify;\">Ziyaret sonras\u0131 bas\u0131n mensuplar\u0131n\u0131n g\u00fcncel konulara ili\u015fkin sorular\u0131n\u0131 da yan\u0131tlayan K\u0131l\u0131\u00e7daro\u011flu, emekli B\u00fcy\u00fckel\u00e7i \u0130nal Batu&#8217;nun, &#8221;Baas rejimine yak\u0131nl\u0131k duymak CHP&#8217;ye yak\u0131\u015fmaz&#8221; dedi\u011finin hat\u0131rlat\u0131lmas\u0131 \u00fczerine, b\u00fct\u00fcn \u00fclkelere, Ortado\u011fu halklar\u0131na \u00f6zg\u00fcrl\u00fck ve bar\u0131\u015f gitmesini istediklerini s\u00f6yledi. K\u0131l\u0131\u00e7daro\u011flu, \u015funlar\u0131 kaydetti:<\/p>\n<p style=\"text-align: justify;\">&#8221;Biz hi\u00e7bir \u00fclkenin y\u00f6netimine ve rejimine destek vermiyoruz. Konunun sapt\u0131r\u0131lmamas\u0131 gerekiyor. T\u00fcrkiye, kendi b\u00f6lgesinin lider \u00fclkesi olacaksa, lider \u00fclke gibi davranmal\u0131 ve buna uygun politikalar geli\u015ftirmeli. Elbette ki o \u00fclkelere kar\u015f\u0131 g\u00f6z\u00fc kapal\u0131 olmamal\u0131, elbette ki o \u00fclkelerdeki sorunlar\u0131, izlememek gibi bir tutum tak\u0131nmamal\u0131d\u0131r. \u00dclkenin i\u00e7i\u015flerine bakmal\u0131, tutumunu tak\u0131nmal\u0131, s\u00f6ylemini geli\u015ftirmeli ama bunun T\u00fcrkiye&#8217;ye yak\u0131\u015f\u0131r bir tarzda olmas\u0131 laz\u0131m. &#8216;Sabr\u0131m\u0131z\u0131n sonuna geldik. Buyurun bundan sonra ne s\u00f6yleyeceksiniz?&#8217; Biz bu s\u00f6ylemin hatal\u0131 oldu\u011funu s\u00f6yledik.&#8221;<\/p>\n<p style=\"text-align: justify;\"><strong>\u00a0&#8220;T\u00dcRK\u0130YE&#8217;N\u0130N KURULU\u015e \u0130RADES\u0130NE YAKI\u015eMIYOR&#8221;<\/strong><\/p>\n<p style=\"text-align: justify;\">T\u00fcrkiye kendi kom\u015fular\u0131yla ilgili olarak bir politika geli\u015ftirecekse, bu politikay\u0131 \u00f6zg\u00fcr iradesiyle geli\u015ftirmesi gerekti\u011fini vurgulayan K\u0131l\u0131\u00e7daro\u011flu, &#8221;Bu politika, bat\u0131n\u0131n egemen g\u00fc\u00e7lerinin dayatt\u0131\u011f\u0131 bir politika olmamal\u0131. Bu T\u00fcrkiye&#8217;ye yak\u0131\u015fm\u0131yor. T\u00fcrkiye&#8217;nin kurulu\u015f iradesine yak\u0131\u015fm\u0131yor. B\u00fct\u00fcn mazlum \u00fclkeler T\u00fcrkiye&#8217;yi \u00f6rnek alm\u0131\u015flard\u0131r. \u015eimdi biz mazlum \u00fclkelere \u00f6rnek olmak yerine egemen \u00fclkelerin ta\u015feronlu\u011funa soyunuyoruz. Bu do\u011fru de\u011fildir. Biz \u015fu veya bu rejime de\u011fil, biz demokrasiye, \u00f6zg\u00fcrl\u00fc\u011fe, insan haklar\u0131na sayg\u0131 duyan her rejimi destekleriz. Bunlara destek vermeyenlere de destek vermeyiz&#8221; \u015feklinde konu\u015ftu.<\/p>\n<p style=\"text-align: justify;\">Suriye ile ilgili h\u00fck\u00fcmetin politikalar\u0131n\u0131 destekleyen a\u00e7\u0131klamalar\u0131n oldu\u011fu hat\u0131rlat\u0131lan K\u0131l\u0131\u00e7daro\u011flu, herkesin kendileri gibi d\u00fc\u015f\u00fcnmek zorunda olmad\u0131\u011f\u0131n\u0131 belirterek, &#8221;Bizim d\u00fc\u015f\u00fcnd\u00fcklerimiz belli, defalarca s\u00f6yledik&#8221; dedi.<\/p>\n<p style=\"text-align: justify;\"><strong>&#8220;TUTUKLU VEK\u0130LLER\u0130M\u0130ZE DESTE\u011e\u0130M\u0130Z DEVAM EDECEK&#8221;<\/strong><\/p>\n<p style=\"text-align: justify;\">CHP milletvekillerinin, CHP \u0130zmir Milletvekili Mustafa Balbay ile Zonguldak Milletvekili Mehmet Haberal&#8217;\u0131n da san\u0131klar\u0131 aras\u0131nda bulundu\u011fu ikinci &#8221;Ergenekon&#8221; davas\u0131na destek vermek \u00fczere Silivri&#8217;ye gitmesini nas\u0131l de\u011ferlendirdi\u011fi sorulan K\u0131l\u0131\u00e7daro\u011flu, milletvekillerinin deste\u011finin devam etti\u011fini ve her zaman devam edece\u011fini s\u00f6yledi.<\/p>\n<p style=\"text-align: justify;\">K\u0131l\u0131\u00e7daro\u011flu, hi\u00e7bir zaman yarg\u0131lama yap\u0131lmamas\u0131n\u0131 s\u00f6ylemediklerini ifade ederek, \u015funlar\u0131 kaydetti:<\/p>\n<p style=\"text-align: justify;\">&#8221;Bizim \u00fczerinde \u00f6zenle durdu\u011fumuz bir nokta var. Yarg\u0131lamalar hukuk sistemi i\u00e7inde, hukukun \u00fcst\u00fcnl\u00fc\u011f\u00fc kurallar\u0131 i\u00e7inde yap\u0131lmal\u0131. Yarg\u0131lamalar\u0131n, 12 Eyl\u00fcl \u00fcr\u00fcn\u00fc olan \u00f6zel yetkili mahkemelerde yap\u0131lmamas\u0131 laz\u0131m. Herhangi bir yurtta\u015f\u0131m\u0131z su\u00e7 i\u015fledi\u011finde veya b\u00f6yle bir san\u0131k durumuna d\u00fc\u015ft\u00fc\u011f\u00fcnde kendisi \u00f6zel yetkili mahkeme taraf\u0131ndan al\u0131n\u0131r, dosyaya gizlilik karar\u0131 konulursa, avukat\u0131 dahil ni\u00e7in i\u00e7eri al\u0131nd\u0131\u011f\u0131n\u0131 bilmez. Bu do\u011fru de\u011fildir. 21. y\u00fczy\u0131l T\u00fcrkiyesine orta\u00e7a\u011f y\u00f6ntemlerine uygun bir yarg\u0131lama sistemi yak\u0131\u015fm\u0131yor. Bu nedenle &#8216;\u00f6zel yetkili mahkemeler olmas\u0131n, kald\u0131r\u0131ls\u0131n&#8217; dedik. Biz evrensel hukukun T\u00fcrkiye&#8217;de \u00e7al\u0131\u015fabilece\u011fi, demokrasinin egemen oldu\u011fu bir \u00fclke istiyoruz.&#8221;<\/p>\n<p style=\"text-align: justify;\"><strong>&#8220;DEN\u0130Z FENER\u0130 \u0130\u00c7\u0130N DE AYNI \u015eEY\u0130 D\u00dc\u015e\u00dcN\u00dcYORUZ&#8221;<\/strong><\/p>\n<p style=\"text-align: justify;\">K\u0131l\u0131\u00e7daro\u011flu, &#8221;Ayn\u0131 s\u00fcre\u00e7, Deniz Feneri soru\u015fturmas\u0131yla ilgili ba\u015flam\u0131\u015f durumda. Bununla ilgili ayn\u0131 \u015feyi mi d\u00fc\u015f\u00fcn\u00fcyorsunuz?&#8221; \u015feklindeki soruya da \u015fu yan\u0131t\u0131 verdi:<\/p>\n<p style=\"text-align: justify;\">&#8221;Biz herkes i\u00e7in d\u00fc\u015f\u00fcn\u00fcyoruz. Biz kim haks\u0131zl\u0131\u011fa u\u011frad\u0131\u011f\u0131n\u0131 s\u00f6yl\u00fcyorsa, hukuk e\u011fer ger\u00e7ek anlamda \u00e7al\u0131\u015fm\u0131yorsa, \u00fcst\u00fcnlerin hukuku \u00e7al\u0131\u015f\u0131yorsa, biz onlara kar\u015f\u0131y\u0131z. Bu davan\u0131n a ki\u015fisiyle b ki\u015fisiyle, a konusuyla b konusu olmas\u0131 \u00e7ok \u00f6nemli de\u011fil. \u00d6nemli olan hukukun \u00fcst\u00fcnl\u00fc\u011f\u00fcn\u00fcn her ortamda savunulmas\u0131d\u0131r.&#8221;<\/p>\n<p style=\"text-align: justify;\"><strong>&#8220;DEMEK K\u0130 YEM\u0130N SADECE TBMM K\u00dcRS\u00dcS\u00dcNDE OLMUYOR&#8221;<\/strong><\/p>\n<p style=\"text-align: justify;\">Balbay&#8217;\u0131n d\u00fcn yap\u0131lan duru\u015fmada milletvekili yemini etmesini de\u011ferlendirmesi de istenen K\u0131l\u0131\u00e7daro\u011flu, &#8221;E g\u00fczel. Demek ki yeminin sadece TBMM&#8217;deki k\u00fcrs\u00fcde olmas\u0131 gerekmiyor. Say\u0131n Balbay, bir ba\u015fka k\u00fcrs\u00fcde de san\u0131k k\u00fcrs\u00fcs\u00fcnde yemin etti&#8221; dedi.<\/p>\n<p style=\"text-align: justify;\">Bu yeminin ge\u00e7erli olup olmad\u0131\u011f\u0131 sorulan K\u0131l\u0131\u00e7daro\u011flu, bunun ge\u00e7erli olmad\u0131\u011f\u0131n\u0131 ve yeminin parlamentoda edilmesi gerekti\u011fini s\u00f6zlerine ekledi.<\/p>\n<p style=\"text-align: justify;\"><a href=\"http:\/\/www.gazeteport.com.tr\/haber\/47045\/kilicdaroglu_quotturkiyeye_yakismiyorquot\" target=\"_blank\">Kaynak : GAZETEPORT<\/a><\/p>\n","protected":false},"excerpt":{"rendered":"<p style=\"text-align: center;\">\n<p style=\"text-align: justify;\">CHP lideri K\u0131l\u0131\u00e7daro\u011flu, Suriye konusunda yine uyard\u0131: &#8220;T\u00fcrkiye kom\u015fusunun i\u00e7i\u015flerine kar\u0131\u015fmamal\u0131.&#8221;<\/p>\n<p style=\"text-align: justify;\">\u0130STANBUL &#8211; CHP Genel Ba\u015fkan\u0131 Kemal K\u0131l\u0131\u00e7daro\u011flu, &#8221;T\u00fcrkiye Cumhuriyeti, kendi kom\u015fusunun i\u00e7i\u015flerine kar\u0131\u015fmamal\u0131. Tehdit ve \u015fantaj s\u00f6ylemleri geli\u015ftirmemeli. Bu T\u00fcrkiye&#8217;ye yak\u0131\u015fm\u0131yor&#8221; dedi. <\/p>\n","protected":false},"author":1,"featured_media":0,"comment_status":"open","ping_status":"open","sticky":false,"template":"","format":"standard","meta":{"footnotes":""},"categories":[105],"tags":[],"class_list":["post-38500","post","type-post","status-publish","format-standard","hentry","category-gundem","odd"],"_links":{"self":[{"href":"http:\/\/www.korhanyilmaz.com\/index.php?rest_route=\/wp\/v2\/posts\/38500","targetHints":{"allow":["GET"]}}],"collection":[{"href":"http:\/\/www.korhanyilmaz.com\/index.php?rest_route=\/wp\/v2\/posts"}],"about":[{"href":"http:\/\/www.korhanyilmaz.com\/index.php?rest_route=\/wp\/v2\/types\/post"}],"author":[{"embeddable":true,"href":"http:\/\/www.korhanyilmaz.com\/index.php?rest_route=\/wp\/v2\/users\/1"}],"replies":[{"embeddable":true,"href":"http:\/\/www.korhanyilmaz.com\/index.php?rest_route=%2Fwp%2Fv2%2Fcomments&post=38500"}],"version-history":[{"count":0,"href":"http:\/\/www.korhanyilmaz.com\/index.php?rest_route=\/wp\/v2\/posts\/38500\/revisions"}],"wp:attachment":[{"href":"http:\/\/www.korhanyilmaz.com\/index.php?rest_route=%2Fwp%2Fv2%2Fmedia&parent=38500"}],"wp:term":[{"taxonomy":"category","embeddable":true,"href":"http:\/\/www.korhanyilmaz.com\/index.php?rest_route=%2Fwp%2Fv2%2Fcategories&post=38500"},{"taxonomy":"post_tag","embeddable":true,"href":"http:\/\/www.korhanyilmaz.com\/index.php?rest_route=%2Fwp%2Fv2%2Ftags&post=38500"}],"curies":[{"name":"wp","href":"https:\/\/api.w.org\/{rel}","templated":true}]}}