{"id":38496,"date":"2011-08-13T22:42:16","date_gmt":"2011-08-13T19:42:16","guid":{"rendered":"http:\/\/www.korhanyilmaz.com\/?p=38496"},"modified":"2011-08-14T00:20:41","modified_gmt":"2011-08-13T21:20:41","slug":"kulpta-teroristler-2-kisiyi-kacirdi","status":"publish","type":"post","link":"http:\/\/www.korhanyilmaz.com\/?p=38496","title":{"rendered":"Kulp&#8217;ta ter\u00f6ristler 2 ki\u015fiyi ka\u00e7\u0131rd\u0131"},"content":{"rendered":"<p style=\"text-align: center;\"><a href=\"http:\/\/www.korhanyilmaz.com\/wp-content\/uploads\/2011\/08\/6102.jpg\"  class=\"lightview\"><img loading=\"lazy\" decoding=\"async\" class=\"aligncenter size-full wp-image-38497\" src=\"http:\/\/www.korhanyilmaz.com\/wp-content\/uploads\/2011\/08\/6102.jpg\" alt=\"\" width=\"315\" height=\"220\" \/><\/a><\/p>\n<p style=\"text-align: justify;\">Diyarbak\u0131r&#8217;\u0131n Kulp il\u00e7esinde yol kesen ter\u00f6ristler, kaymakam aday\u0131 ile bir askeri ka\u00e7\u0131rd\u0131.<\/p>\n<p style=\"text-align: justify;\">Al\u0131nan bilgiye g\u00f6re, bir grup PKK&#8217;l\u0131 ter\u00f6rist, Diyarbak\u0131r-Mu\u015f karayolu \u015eenyayla b\u00f6lgesinde bir minib\u00fcs\u00fc durdurdu.<\/p>\n<p style=\"text-align: justify;\">Ara\u00e7takilerin kimliklerini kontrol eden ter\u00f6ristler Kaymakam aday\u0131 K.E. ile Mardin 70. Mekanize Tugay Komutanl\u0131\u011f\u0131&#8217;nda vatani g\u00f6revini yapan ve Mu\u015f&#8217;taki ailesinin yan\u0131ndan d\u00f6nen piyade er A.\u00c7&#8217;yi yanlar\u0131na alarak ka\u00e7t\u0131.\u00a0<!--more--><\/p>\n<p style=\"text-align: justify;\">\u00d6te yandan, Lice-Kulp il\u00e7eleri aras\u0131ndaki Tepek\u00f6y\u00fc mevkisinde T\u00fcrk Telekom&#8217;un internet hatt\u0131n\u0131 d\u00f6\u015feyen \u00f6zel bir firmaya ait iki ara\u00e7 da ter\u00f6r \u00f6rg\u00fct\u00fc PKK&#8217;l\u0131larca yak\u0131ld\u0131.<\/p>\n<p style=\"text-align: justify;\">B\u00f6lgede operasyon s\u00fcr\u00fcyor.<\/p>\n<p style=\"text-align: justify;\"><strong>\u0130\u00e7i\u015fleri Bakan\u0131&#8217;ndan a\u00e7\u0131klama&#8230;\u00a0<\/strong><\/p>\n<p style=\"text-align: justify;\">\u0130\u00e7i\u015fleri Bakan\u0131 \u0130dris Naim \u015eahin, PKK&#8217;l\u0131lar taraf\u0131ndan ka\u00e7\u0131r\u0131lan 2 ki\u015fiyle ilgili g\u00fcvenlik g\u00fc\u00e7lerinin teknik takipte oldu\u011funu s\u00f6yledi.<\/p>\n<p style=\"text-align: justify;\">Bakan \u015eahin, &#8220;Bu g\u00fcvenlikle ilgili bir konumuz. Arkada\u015flar\u0131m\u0131z g\u00fcvenlik g\u00fc\u00e7lerimiz teknik takibini ve alan arama tarama \u00e7al\u0131\u015fmas\u0131 ve istihbarat \u00e7al\u0131\u015fmalar\u0131n\u0131 s\u00fcrd\u00fcr\u00fcyorlar. \u015eu anda bize ula\u015fan bir bilgi yok. Oldu\u011fu zaman sizinle payla\u015f\u0131r\u0131z&#8221; dedi.<\/p>\n<p style=\"text-align: justify;\"><a href=\"http:\/\/www.cnnturk.com\/2011\/turkiye\/08\/13\/kulpta.teroristler.2.kisiyi.kacirdi\/626015.0\/index.html\" target=\"_blank\">Kaynak : CNN T\u00dcRK<\/a><\/p>\n","protected":false},"excerpt":{"rendered":"<p style=\"text-align: center;\">\n<p style=\"text-align: justify;\">Diyarbak\u0131r&#8217;\u0131n Kulp il\u00e7esinde yol kesen ter\u00f6ristler, kaymakam aday\u0131 ile bir askeri ka\u00e7\u0131rd\u0131.<\/p>\n<p style=\"text-align: justify;\">Al\u0131nan bilgiye g\u00f6re, bir grup PKK&#8217;l\u0131 ter\u00f6rist, Diyarbak\u0131r-Mu\u015f karayolu \u015eenyayla b\u00f6lgesinde bir minib\u00fcs\u00fc durdurdu.<\/p>\n<p style=\"text-align: justify;\">Ara\u00e7takilerin kimliklerini kontrol eden ter\u00f6ristler Kaymakam aday\u0131 K.E. ile Mardin 70. Mekanize Tugay Komutanl\u0131\u011f\u0131&#8217;nda vatani g\u00f6revini yapan ve Mu\u015f&#8217;taki ailesinin <\/p>\n","protected":false},"author":1,"featured_media":0,"comment_status":"open","ping_status":"open","sticky":false,"template":"","format":"standard","meta":{"footnotes":""},"categories":[105],"tags":[],"class_list":["post-38496","post","type-post","status-publish","format-standard","hentry","category-gundem","odd"],"_links":{"self":[{"href":"http:\/\/www.korhanyilmaz.com\/index.php?rest_route=\/wp\/v2\/posts\/38496","targetHints":{"allow":["GET"]}}],"collection":[{"href":"http:\/\/www.korhanyilmaz.com\/index.php?rest_route=\/wp\/v2\/posts"}],"about":[{"href":"http:\/\/www.korhanyilmaz.com\/index.php?rest_route=\/wp\/v2\/types\/post"}],"author":[{"embeddable":true,"href":"http:\/\/www.korhanyilmaz.com\/index.php?rest_route=\/wp\/v2\/users\/1"}],"replies":[{"embeddable":true,"href":"http:\/\/www.korhanyilmaz.com\/index.php?rest_route=%2Fwp%2Fv2%2Fcomments&post=38496"}],"version-history":[{"count":0,"href":"http:\/\/www.korhanyilmaz.com\/index.php?rest_route=\/wp\/v2\/posts\/38496\/revisions"}],"wp:attachment":[{"href":"http:\/\/www.korhanyilmaz.com\/index.php?rest_route=%2Fwp%2Fv2%2Fmedia&parent=38496"}],"wp:term":[{"taxonomy":"category","embeddable":true,"href":"http:\/\/www.korhanyilmaz.com\/index.php?rest_route=%2Fwp%2Fv2%2Fcategories&post=38496"},{"taxonomy":"post_tag","embeddable":true,"href":"http:\/\/www.korhanyilmaz.com\/index.php?rest_route=%2Fwp%2Fv2%2Ftags&post=38496"}],"curies":[{"name":"wp","href":"https:\/\/api.w.org\/{rel}","templated":true}]}}