{"id":38467,"date":"2011-08-13T14:57:22","date_gmt":"2011-08-13T11:57:22","guid":{"rendered":"http:\/\/www.korhanyilmaz.com\/?p=38467"},"modified":"2011-08-13T16:54:22","modified_gmt":"2011-08-13T13:54:22","slug":"tuzmen-kandil-ne-ki-istedigimiz-an-gireriz","status":"publish","type":"post","link":"http:\/\/www.korhanyilmaz.com\/?p=38467","title":{"rendered":"T\u00fczmen: Kandil ne ki? \u0130stedi\u011fimiz an gireriz"},"content":{"rendered":"<p style=\"text-align: center;\"><a href=\"http:\/\/www.korhanyilmaz.com\/wp-content\/uploads\/2011\/08\/6101.jpg\"  class=\"lightview\"><img loading=\"lazy\" decoding=\"async\" class=\"aligncenter size-full wp-image-38468\" src=\"http:\/\/www.korhanyilmaz.com\/wp-content\/uploads\/2011\/08\/6101.jpg\" alt=\"\" width=\"320\" height=\"214\" \/><\/a><\/p>\n<p style=\"text-align: justify;\">Eski bakan K\u00fcr\u015fad T\u00fczmen, BDP ve PKK&#8217;ya y\u00fcklendi: Bu \u015ferefsizler ordusunu bitirmemiz laz\u0131m. BDP&#8217;liler nerden emir al\u0131yor? Ada&#8217;dan m\u0131, Moda&#8217;dan m\u0131?<\/p>\n<p style=\"text-align: justify;\">ANKARA &#8211; Gazeteci \u00d6mer \u015eahin\u2019in Kanal a daki \u201cG\u00f6r\u00fc\u015f Fark\u0131\u201d program\u0131na kat\u0131lan eski Bakan K\u00fcr\u015fad T\u00fczmen, PKK ve BDP\u2019lilere a\u011f\u0131r ifadelerle y\u00fcklendi. T\u00fcrkiye\u2019nin baz\u0131 f\u0131rsatlar\u0131 de\u011ferlendiremedi\u011fini savunan T\u00fczmen, \u201c\u201cNedir ya bu Kandil? Bitirirsin, \u00e7ok rahat biter.<!--more--><\/p>\n<p style=\"text-align: justify;\">O zaman uygun ortam vard\u0131. Biz dostane ili\u015fkiler olsun dedik, d\u00fcnyay\u0131 kar\u015f\u0131m\u0131za almayal\u0131m,ter\u00f6r\u00fc kendi mecras\u0131nda yok edelim dedik.Ama kar\u015f\u0131 tarafta ekme\u011fimizi yiyip,suyumuzu i\u00e7en, sizin okullar\u0131n\u0131zda okuyup da sonra kalk\u0131p \u00f6\u011fretmenizi \u00f6ld\u00fcren , askerinize, polisinize kur\u015fun s\u0131kan bir \u015ferefsizler ordusu var. Bu \u015ferefsizleri yok etmek laz\u0131m. Ba\u015fka \u00e7aresi yok\u201d diye konu\u015ftu.T\u00fczmen, T\u00fcrkiye\u2019nin istedi\u011fi an Kandil\u2019e girebilece\u011fini de s\u00f6yledi.<\/p>\n<p style=\"text-align: justify;\">Meclis\u2019te yemin etmeyen BDP\u2019lileri de ele\u015ftiren K\u00fcr\u015fad T\u00fczmen, \u015f\u00f6yle konu\u015ftu: \u201cBu adamlar\u0131n politikas\u0131 da belli de\u011fil. Siz nereden emir al\u0131yorsunuz karde\u015fim?Ada\u2019dan m\u0131? Moda\u2019dan m\u0131? Da\u011fdan m\u0131? Ba\u011fdan m\u0131? Bir de iyi besleniyorlar. Politika yap\u0131yoruz diyorlar. Nerden para al\u0131yorsunuz? En iyi imkanlar sizde. Hepsinin tuzu kuru. Ben bakanl\u0131k yapt\u0131m, 53 ya\u015f\u0131ndan sonra s\u0131f\u0131rdan ba\u015flay\u0131p \u00e7al\u0131\u015f\u0131yorum. Bu arkada\u015flar nerden b\u00f6yle zengin oldular bir sorun. Nerde kald\u0131 Lenin\u2019in, Marx\u2019\u0131n \u00f6\u011fretileri sormak laz\u0131m bu arkada\u015flara\u201d T\u00fczmen, \u00d6calan\u2019\u0131n idam\u0131n\u0131n yeniden g\u00fcndeme gelip gelmeyece\u011fi sorusuna \u201czannetmiyorum. Onun devri ka\u00e7t\u0131, art\u0131k g\u00fcndeme gelmez zaten bir anlam\u0131 da olmaz\u201d kar\u015f\u0131l\u0131\u011f\u0131n\u0131 verdi.<\/p>\n<p style=\"text-align: justify;\"><strong>Saddam\u2019\u0131n bay\u0131ltt\u0131\u011f\u0131 D\u0131\u015fi\u015fleri Bakan\u0131<\/strong><\/p>\n<p style=\"text-align: justify;\">K\u00fcr\u015fad T\u00fczmen, d\u00f6nemin Ba\u015fbakan\u0131 Abdullah G\u00fcl\u00fcn \u201cuyar\u0131\u201d mektubunu iletmek i\u00e7in Irak\u2019a giden ve Saddam\u2019\u0131n g\u00f6r\u00fc\u015ft\u00fc\u011f\u00fc son devlet yetkilisiydi. Kendisininden \u00f6nce M\u0131s\u0131r Devlet Ba\u015fkan\u0131 H\u00fcsn\u00fc M\u00fcbarek\u2019in D\u0131\u015fi\u015fleri Bakan\u0131 Amr Musa\u2019y\u0131 Saddam\u2019a g\u00f6nderdi\u011fini a\u00e7\u0131klayan T\u00fczmen, \u201c Amr Musa, Ba\u015fbakan\u0131m\u0131z \u201cone minute\u201d deyince allak bullak olan adam. Karars\u0131zd\u0131r zaten.M\u00fcbarek bir heyetle bunu Saddam\u2019a g\u00f6nderiyor.Mektubu light.\u201dyapma,etme\u2019diyor. Saddam okuduktan sonra,\u2019yar\u0131m saat i\u00e7inde \u00fclkeyi terk etmezsen hayat\u0131n\u0131 garanti edemem\u2019diyor. Amr Musa \u015fak diye d\u00fc\u015f\u00fcp bay\u0131l\u0131yor\u201d<\/p>\n<p style=\"text-align: justify;\"><strong>M\u00fcbarek\u2019ten G\u00fcl\u2019e: K\u00fcr\u015fad\u2019\u0131 \u00f6ld\u00fcrtmek mi istiyosun?<\/strong><\/p>\n<p style=\"text-align: justify;\">Abdullah G\u00fcl\u2019\u00fcn M\u0131s\u0131r gezisinde K\u00fcr\u015fad T\u00fczmen\u2019i Irak\u2019a g\u00f6nderece\u011fini s\u00f6ylemesi \u00fczerine Devlet Ba\u015fkan\u0131 H\u00fcsn\u00fc M\u00fcbarek Amr Musa olay\u0131n\u0131 hat\u0131rlat\u0131yor.T\u00fczmen, o ziyarette M\u00fcbarek\u2019in G\u00fcl\u2019e, \u201cYa sen bu bakan\u0131n\u0131 \u00f6ld\u00fcrtmek mi istiyorsun?\u201d diye sordu\u011funu aktard\u0131.<\/p>\n<p style=\"text-align: justify;\"><strong>Saddam\u2019a \u201cgel\u201ddesek T\u00fcrkiye\u2019ye gelirdi<\/strong><\/p>\n<p style=\"text-align: justify;\">Saddam\u2019la 3.5 saat g\u00f6r\u00fc\u015ft\u00fcklerini, Saddam\u2019\u0131n T\u00fcrkiye\u2019den gelen mektubu sat\u0131r,sat\u0131r okuyarak yorum yapt\u0131\u011f\u0131n\u0131 s\u00f6yleyen T\u00fczmen, \u201cBenden daha eski ihracat\u00e7\u0131 oldu\u011funu s\u00f6yledi. \u0130\u00e7erden bir foto\u011fraf getirdi. Donald Rumsfeld ile \u00e7ok samimi foto\u011fraf.Sarma\u015f,dola\u015flar. \u2018Sonu\u00e7ta ne yaparsan yap bunlar( ABD) bizi bombalayacak,karar\u0131 verdiler.Bana onurlu bir \u00e7\u00f6z\u00fcm bulun. Benim gibi insanlar kolay kolay \u00fclkesini terk etmez\u2019dedi. T\u00fcrkiye, \u2018gel karde\u015f \u2018 deseydi Saddam kabul ederdi. Gel Antalya da duracaks\u0131n dese i\u015f bitmi\u015fti. T\u00fcrkiye \u00f6yle bir\u015fey diyemezdi, uluslar aras\u0131 bask\u0131 var.Saddam\u2019\u0131 alsayd\u0131k Irak ticaretimiz s\u0131f\u0131rlan\u0131rd\u0131\u201d<\/p>\n<p style=\"text-align: justify;\"><strong>T\u00fczmen, Rumlara nas\u0131l jenarat\u00f6r satt\u0131?<\/strong><\/p>\n<p style=\"text-align: justify;\">Milletvekili olmamas\u0131na kar\u015f\u0131n AK Parti MKYK \u00fcyeli\u011fi devam eden K\u00fcr\u015fad T\u00fczmen, 12 Haziran se\u00e7imlerinden sonra ticarete at\u0131ld\u0131. Bir jenarat\u00f6r firmas\u0131n\u0131n y\u00f6netimine giren T\u00fczmen, elektrik s\u0131k\u0131nt\u0131s\u0131 \u00e7eken ve T\u00fcrkiye\u2019den enerji al\u0131nmas\u0131n\u0131 istemeyen K\u0131br\u0131s Rum kesimine nas\u0131l jenarat\u00f6r satt\u0131\u011f\u0131n\u0131 da anlatt\u0131. T\u00fczmen, Su Topu milli tak\u0131m\u0131ndan Yunan ve Rum arkada\u015flar\u0131n\u0131 devreye soktu\u011funu s\u00f6yledi:\u201d Kriton\u2019u, Kostas\u2019\u0131 arad\u0131m. \u2018\u015eu jenarat\u00f6rleri sataca\u011f\u0131z\u2019 dedim. Onlar bana, \u201cYa K\u00fcr\u015fad Abi, bizim devlette para yok ama bizde \u00e7ok\u2019dediler.Biz KKTC\u2019ye sat\u0131yoruz. Onlar da G\u00fcney K\u0131br\u0131s\u2019a. Baya\u011f\u0131 bir jenarat\u00f6r satt\u0131k\u201d<\/p>\n<p style=\"text-align: justify;\"><a href=\"http:\/\/www.radikal.com.tr\/Radikal.aspx?aType=RadikalDetayV3&amp;ArticleID=1059846&amp;Date=13.08.2011&amp;CategoryID=78\" target=\"_blank\">Kaynak : Radikal.com.tr<\/a><\/p>\n","protected":false},"excerpt":{"rendered":"<p style=\"text-align: center;\">\n<p style=\"text-align: justify;\">Eski bakan K\u00fcr\u015fad T\u00fczmen, BDP ve PKK&#8217;ya y\u00fcklendi: Bu \u015ferefsizler ordusunu bitirmemiz laz\u0131m. BDP&#8217;liler nerden emir al\u0131yor? Ada&#8217;dan m\u0131, Moda&#8217;dan m\u0131?<\/p>\n<p style=\"text-align: justify;\">ANKARA &#8211; Gazeteci \u00d6mer \u015eahin\u2019in Kanal a daki \u201cG\u00f6r\u00fc\u015f Fark\u0131\u201d program\u0131na kat\u0131lan eski Bakan K\u00fcr\u015fad T\u00fczmen, PKK ve BDP\u2019lilere a\u011f\u0131r ifadelerle y\u00fcklendi. T\u00fcrkiye\u2019nin baz\u0131 f\u0131rsatlar\u0131 de\u011ferlendiremedi\u011fini savunan <\/p>\n","protected":false},"author":1,"featured_media":0,"comment_status":"open","ping_status":"open","sticky":false,"template":"","format":"standard","meta":{"footnotes":""},"categories":[105],"tags":[],"class_list":["post-38467","post","type-post","status-publish","format-standard","hentry","category-gundem","odd"],"_links":{"self":[{"href":"http:\/\/www.korhanyilmaz.com\/index.php?rest_route=\/wp\/v2\/posts\/38467","targetHints":{"allow":["GET"]}}],"collection":[{"href":"http:\/\/www.korhanyilmaz.com\/index.php?rest_route=\/wp\/v2\/posts"}],"about":[{"href":"http:\/\/www.korhanyilmaz.com\/index.php?rest_route=\/wp\/v2\/types\/post"}],"author":[{"embeddable":true,"href":"http:\/\/www.korhanyilmaz.com\/index.php?rest_route=\/wp\/v2\/users\/1"}],"replies":[{"embeddable":true,"href":"http:\/\/www.korhanyilmaz.com\/index.php?rest_route=%2Fwp%2Fv2%2Fcomments&post=38467"}],"version-history":[{"count":0,"href":"http:\/\/www.korhanyilmaz.com\/index.php?rest_route=\/wp\/v2\/posts\/38467\/revisions"}],"wp:attachment":[{"href":"http:\/\/www.korhanyilmaz.com\/index.php?rest_route=%2Fwp%2Fv2%2Fmedia&parent=38467"}],"wp:term":[{"taxonomy":"category","embeddable":true,"href":"http:\/\/www.korhanyilmaz.com\/index.php?rest_route=%2Fwp%2Fv2%2Fcategories&post=38467"},{"taxonomy":"post_tag","embeddable":true,"href":"http:\/\/www.korhanyilmaz.com\/index.php?rest_route=%2Fwp%2Fv2%2Ftags&post=38467"}],"curies":[{"name":"wp","href":"https:\/\/api.w.org\/{rel}","templated":true}]}}