{"id":38463,"date":"2011-08-13T14:22:37","date_gmt":"2011-08-13T11:22:37","guid":{"rendered":"http:\/\/www.korhanyilmaz.com\/?p=38463"},"modified":"2011-08-13T16:49:56","modified_gmt":"2011-08-13T13:49:56","slug":"bu-da-oldu-polis-rektoru-darp-etti","status":"publish","type":"post","link":"http:\/\/www.korhanyilmaz.com\/?p=38463","title":{"rendered":"Bu da oldu: Polis rekt\u00f6r\u00fc darp etti"},"content":{"rendered":"<p style=\"text-align: center;\"><a href=\"http:\/\/www.korhanyilmaz.com\/wp-content\/uploads\/2011\/08\/6100.jpg\"  class=\"lightview\"><img loading=\"lazy\" decoding=\"async\" class=\"aligncenter size-full wp-image-38464\" src=\"http:\/\/www.korhanyilmaz.com\/wp-content\/uploads\/2011\/08\/6100.jpg\" alt=\"\" width=\"336\" height=\"223\" \/><\/a><\/p>\n<p style=\"text-align: justify;\">Mu\u015f Alparslan \u00dcniversitesi Rekt\u00f6r\u00fc Prof. Dr. Nihat \u0130nan\u00e7, \u0130l Emniyet M\u00fcd\u00fcrl\u00fc\u011f\u00fcnde g\u00f6revli bir \u015fube m\u00fcd\u00fcr\u00fc ile polis memuru taraf\u0131ndan darp edildi\u011fini s\u00f6yledi.<\/p>\n<p style=\"text-align: justify;\">MU\u015e &#8211; \u0130nan\u00e7, d\u00fczenlendi\u011fi bas\u0131n toplant\u0131s\u0131nda, Mu\u015f Alparslan \u00dcniversitesi kamp\u00fcs in\u015faat\u0131 temel atma t\u00f6reni i\u00e7in \u015fehre gelen G\u00fcmr\u00fck ve Ticaret Bakan\u0131 Hayati Yaz\u0131c\u0131\u2019ya polisevinde verdikleri yeme\u011fin ard\u0131ndan \u00e7\u0131kan gerginlikte darp edildi\u011fini s\u00f6yledi.<!--more--><\/p>\n<p style=\"text-align: justify;\">Polisevinde verdikleri yeme\u011fin ard\u0131ndan Bakan Yaz\u0131c\u0131\u2019n\u0131n arac\u0131na binip ayr\u0131ld\u0131\u011f\u0131 s\u0131rada \u015fof\u00f6r\u00fc, bas\u0131n dan\u0131\u015fman\u0131 ve kendisinin fiili sald\u0131r\u0131lara maruz kald\u0131\u011f\u0131n\u0131 savunan Rekt\u00f6r \u0130nan\u00e7, \u015funlar\u0131 kaydetti:<\/p>\n<p style=\"text-align: justify;\">&#8220;Polisevi\u2019nden ayr\u0131lmadan \u00f6nce bir gerginlik oldu, \u015fof\u00f6r\u00fcm ve bas\u0131n dan\u0131\u015fman\u0131m fiili sald\u0131r\u0131ya u\u011frad\u0131. Ben de konuyu \u00f6\u011frenmek i\u00e7in fili sald\u0131r\u0131da bulunan \u015fube m\u00fcd\u00fcr\u00fcne sorun olup olmad\u0131\u011f\u0131n\u0131 sordum. Bu s\u0131rada \u015fube m\u00fcd\u00fcr\u00fc d\u00f6n\u00fcp bana hakaretlerde bulundu. Ben de \u2019beni tan\u0131mad\u0131\u011f\u0131n\u0131\u2019 d\u00fc\u015f\u00fcnerek kendimi tan\u0131tarak rekt\u00f6r oldu\u011fumu s\u00f6yledim. Buna ra\u011fmen hakaretlerine ve tehditlerine devam etti. Daha sonra maalesef beni darp etti. Ard\u0131ndan bir polis memuru taraf\u0131ndan darp edildim.&#8221;<\/p>\n<p style=\"text-align: justify;\">Ya\u015fanan olaylar\u0131n hepsinin polisevinin avlusunda bulunan kameralar\u0131n kay\u0131tlar\u0131nda mevcut oldu\u011funu \u00f6ne s\u00fcren \u0130nan\u00e7, bu olay\u0131n arzu ettikleri bir tablo olmad\u0131\u011f\u0131n\u0131 dile getirdi.<\/p>\n<p style=\"text-align: justify;\">Bir rekt\u00f6re yap\u0131lan darp giri\u015fiminin hukuk ve yetkili merciler nezdinde kar\u015f\u0131l\u0131\u011f\u0131n\u0131 bulaca\u011f\u0131na inand\u0131\u011f\u0131n\u0131 ifade eden \u0130nan\u00e7, &#8220;Konuyla ilgili olarak Ankara\u2019daki ilgili mercilerle g\u00f6r\u00fc\u015ft\u00fck. Cumhuriyet Ba\u015fsavc\u0131l\u0131\u011f\u0131na da su\u00e7 duyurusunda bulunduk&#8221; diye konu\u015ftu.<\/p>\n<p style=\"text-align: justify;\">G\u00fcmr\u00fck ve Ticaret Bakan\u0131 Hayati Yaz\u0131c\u0131\u2019n\u0131n konuyu \u00f6\u011frendi\u011fini ve \u00fcz\u00fcld\u00fc\u011f\u00fcn\u00fc ifade eden Prof. Dr. \u0130nan\u00e7, Bakan Yaz\u0131c\u0131\u2019n\u0131n bu idari zafiyetin mutlaka giderilmesi gerekti\u011fi talimat\u0131n\u0131 verdi\u011fini s\u00f6yledi.<\/p>\n<p style=\"text-align: justify;\"><strong>M\u00dcFETT\u0130\u015e GELECEK\u00a0<\/strong><\/p>\n<p style=\"text-align: justify;\">Mu\u015f Valisi Ali \u00c7\u0131nar da olay\u0131n ya\u015fanmas\u0131n\u0131n ard\u0131ndan toplant\u0131 d\u00fczenleyerek, Emniyet Genel M\u00fcd\u00fcrl\u00fc\u011f\u00fcnden m\u00fcfetti\u015f talep ettiklerini s\u00f6yledi.<\/p>\n<p style=\"text-align: justify;\">Sorunun polisevinde iftar yeme\u011fi sonras\u0131 ya\u015fand\u0131\u011f\u0131n\u0131 dile getiren \u00c7\u0131nar, \u015f\u00f6yle konu\u015ftu: &#8220;\u0130ftar yeme\u011fi sonras\u0131nda rekt\u00f6r\u00fcm\u00fczle g\u00fcvenlik \u015fube m\u00fcd\u00fcr\u00fc ve \u00e7ocuk \u015fube m\u00fcd\u00fcr\u00fc aras\u0131nda tart\u0131\u015fma ya\u015fanm\u0131\u015f. Olay yerinde kar\u015f\u0131l\u0131kl\u0131 s\u00f6zler sarf edilmi\u015f. S\u00f6zlerin ne oldu\u011funu duymad\u0131\u011f\u0131m\u0131z i\u00e7in bilmiyoruz. Bu hususun tahkikata ihtiyac\u0131 oldu\u011funu de\u011ferlendirdik. Bu ama\u00e7la Emniyet Genel M\u00fcd\u00fcrl\u00fc\u011f\u00fcm\u00fczden soru\u015fturma ve inceleme i\u00e7in m\u00fcfetti\u015f talep ettik. Tahkikat yap\u0131ld\u0131ktan sonra konu a\u00e7\u0131kl\u0131\u011fa kavu\u015facakt\u0131r.&#8221;<\/p>\n<p style=\"text-align: justify;\"><a href=\"http:\/\/www.radikal.com.tr\/Radikal.aspx?aType=RadikalDetayV3&amp;ArticleID=1059843&amp;Date=13.08.2011&amp;CategoryID=77\" target=\"_blank\">Kaynak : Radikal.com.tr<\/a><\/p>\n","protected":false},"excerpt":{"rendered":"<p style=\"text-align: center;\">\n<p style=\"text-align: justify;\">Mu\u015f Alparslan \u00dcniversitesi Rekt\u00f6r\u00fc Prof. Dr. Nihat \u0130nan\u00e7, \u0130l Emniyet M\u00fcd\u00fcrl\u00fc\u011f\u00fcnde g\u00f6revli bir \u015fube m\u00fcd\u00fcr\u00fc ile polis memuru taraf\u0131ndan darp edildi\u011fini s\u00f6yledi.<\/p>\n<p style=\"text-align: justify;\">MU\u015e &#8211; \u0130nan\u00e7, d\u00fczenlendi\u011fi bas\u0131n toplant\u0131s\u0131nda, Mu\u015f Alparslan \u00dcniversitesi kamp\u00fcs in\u015faat\u0131 temel atma t\u00f6reni i\u00e7in \u015fehre gelen G\u00fcmr\u00fck ve Ticaret Bakan\u0131 Hayati Yaz\u0131c\u0131\u2019ya polisevinde verdikleri yeme\u011fin <\/p>\n","protected":false},"author":1,"featured_media":0,"comment_status":"open","ping_status":"open","sticky":false,"template":"","format":"standard","meta":{"footnotes":""},"categories":[105],"tags":[],"class_list":["post-38463","post","type-post","status-publish","format-standard","hentry","category-gundem","odd"],"_links":{"self":[{"href":"http:\/\/www.korhanyilmaz.com\/index.php?rest_route=\/wp\/v2\/posts\/38463","targetHints":{"allow":["GET"]}}],"collection":[{"href":"http:\/\/www.korhanyilmaz.com\/index.php?rest_route=\/wp\/v2\/posts"}],"about":[{"href":"http:\/\/www.korhanyilmaz.com\/index.php?rest_route=\/wp\/v2\/types\/post"}],"author":[{"embeddable":true,"href":"http:\/\/www.korhanyilmaz.com\/index.php?rest_route=\/wp\/v2\/users\/1"}],"replies":[{"embeddable":true,"href":"http:\/\/www.korhanyilmaz.com\/index.php?rest_route=%2Fwp%2Fv2%2Fcomments&post=38463"}],"version-history":[{"count":0,"href":"http:\/\/www.korhanyilmaz.com\/index.php?rest_route=\/wp\/v2\/posts\/38463\/revisions"}],"wp:attachment":[{"href":"http:\/\/www.korhanyilmaz.com\/index.php?rest_route=%2Fwp%2Fv2%2Fmedia&parent=38463"}],"wp:term":[{"taxonomy":"category","embeddable":true,"href":"http:\/\/www.korhanyilmaz.com\/index.php?rest_route=%2Fwp%2Fv2%2Fcategories&post=38463"},{"taxonomy":"post_tag","embeddable":true,"href":"http:\/\/www.korhanyilmaz.com\/index.php?rest_route=%2Fwp%2Fv2%2Ftags&post=38463"}],"curies":[{"name":"wp","href":"https:\/\/api.w.org\/{rel}","templated":true}]}}