{"id":3846,"date":"2009-02-27T11:36:02","date_gmt":"2009-02-27T09:36:02","guid":{"rendered":"http:\/\/www.korhanyilmaz.com\/?p=3846"},"modified":"2009-02-27T11:36:02","modified_gmt":"2009-02-27T09:36:02","slug":"skandal","status":"publish","type":"post","link":"http:\/\/www.korhanyilmaz.com\/?p=3846","title":{"rendered":"Skandal !"},"content":{"rendered":"<p style=\"text-align: center;\"><img loading=\"lazy\" decoding=\"async\" class=\"aligncenter size-full wp-image-3847\" title=\"\u0130talya ile Fransa aras\u0131nda b\u00fcy\u00fck skandal... Sinyor yine \u00e7enesini tutamad\u0131...\" src=\"http:\/\/www.korhanyilmaz.com\/wp-content\/uploads\/2009\/02\/270220091156204657858.jpg\" alt=\"\u0130talya ile Fransa aras\u0131nda b\u00fcy\u00fck skandal... Sinyor yine \u00e7enesini tutamad\u0131...\" width=\"329\" height=\"210\" \/><\/p>\n<p style=\"text-align: justify;\"><strong>\u0130talya ile Fransa aras\u0131nda b\u00fcy\u00fck skandal&#8230; Sinyor yine \u00e7enesini tutamad\u0131&#8230;<\/strong><\/p>\n<p style=\"text-align: justify;\">Sadece Avrupa&#8217;n\u0131n de\u011fil t\u00fcm d\u00fcnyan\u0131n en \u00e7ok konu\u015fulan iki lideri, Sarkozy ve Berlusconi, ikili ili\u015fkilerin konu\u015fulmas\u0131 i\u00e7in hafta ba\u015f\u0131nda bir araya geldi&#8230;<\/p>\n<p style=\"text-align: justify;\">\u0130ki liderin de zirvede bir skandal \u00e7\u0131karma potansiyeli vard\u0131..<\/p>\n<p style=\"text-align: justify;\">Ancak beklenen olmad\u0131 ta ki bug\u00fcne kadar.. Sal\u0131 g\u00fcn\u00fc yap\u0131lan bas\u0131n a\u00e7\u0131klamas\u0131nda, Berlusconi&#8217;nin Sarkozy&#8217;ye e\u011filerek bir \u015fey s\u00f6yledi\u011fi ortaya \u00e7\u0131kt\u0131&#8230;<!--more-->Sarkozy g\u00f6r\u00fc\u015fme ile ilgili bas\u0131n a\u00e7\u0131klamas\u0131n\u0131 yaparken, &#8220;Berlusconi ve ben baz\u0131 \u00f6nceliklerimiz oldu\u011funu ve baz\u0131 al\u0131\u015fveri\u015fler yapmam\u0131z gerekti\u011fini g\u00f6rd\u00fck&#8221; diyor, tam bu s\u0131rada Berlusconi, Sarkozy&#8217;ye do\u011fru e\u011filiyor ve yava\u015f\u00e7a &#8220;Sana kar\u0131n\u0131 verdim ya&#8221; diyor&#8230;<\/p>\n<p style=\"text-align: justify;\">Frans\u0131z Canal + taraf\u0131ndan Berlusconi&#8217;nin dudaklar\u0131n\u0131n okunmas\u0131yla ortaya \u00e7\u0131kan bu olaydan sonra, iki \u00fclke aras\u0131nda \u00f6zellikle medyada kriz \u00e7\u0131kt\u0131. \u0130talyan bas\u0131n\u0131 &#8220;Sinyor do\u011fru demi\u015f&#8221; derken, Frans\u0131z bas\u0131n\u0131 ise &#8220;Bu ne laubalilik&#8221; dedi. Sarkozy&#8217;nin eski topmodel kar\u0131s\u0131 Carla Bruni, \u0130talyan as\u0131ll\u0131.<\/p>\n<p style=\"text-align: justify;\"><span style=\"color: #888888;\">Kaynak : Vatan Gazetesi<\/span><\/p>\n","protected":false},"excerpt":{"rendered":"<p style=\"text-align: center;\">\n<p style=\"text-align: justify;\">\u0130talya ile Fransa aras\u0131nda b\u00fcy\u00fck skandal&#8230; Sinyor yine \u00e7enesini tutamad\u0131&#8230;<\/p>\n<p style=\"text-align: justify;\">Sadece Avrupa&#8217;n\u0131n de\u011fil t\u00fcm d\u00fcnyan\u0131n en \u00e7ok konu\u015fulan iki lideri, Sarkozy ve Berlusconi, ikili ili\u015fkilerin konu\u015fulmas\u0131 i\u00e7in hafta ba\u015f\u0131nda bir araya geldi&#8230;<\/p>\n<p style=\"text-align: justify;\">\u0130ki liderin de zirvede bir skandal \u00e7\u0131karma potansiyeli vard\u0131..<\/p>\n<p style=\"text-align: justify;\">Ancak beklenen olmad\u0131 <\/p>\n","protected":false},"author":1,"featured_media":0,"comment_status":"open","ping_status":"closed","sticky":false,"template":"","format":"standard","meta":{"footnotes":""},"categories":[3],"tags":[],"class_list":["post-3846","post","type-post","status-publish","format-standard","hentry","category-dunya","odd"],"_links":{"self":[{"href":"http:\/\/www.korhanyilmaz.com\/index.php?rest_route=\/wp\/v2\/posts\/3846","targetHints":{"allow":["GET"]}}],"collection":[{"href":"http:\/\/www.korhanyilmaz.com\/index.php?rest_route=\/wp\/v2\/posts"}],"about":[{"href":"http:\/\/www.korhanyilmaz.com\/index.php?rest_route=\/wp\/v2\/types\/post"}],"author":[{"embeddable":true,"href":"http:\/\/www.korhanyilmaz.com\/index.php?rest_route=\/wp\/v2\/users\/1"}],"replies":[{"embeddable":true,"href":"http:\/\/www.korhanyilmaz.com\/index.php?rest_route=%2Fwp%2Fv2%2Fcomments&post=3846"}],"version-history":[{"count":0,"href":"http:\/\/www.korhanyilmaz.com\/index.php?rest_route=\/wp\/v2\/posts\/3846\/revisions"}],"wp:attachment":[{"href":"http:\/\/www.korhanyilmaz.com\/index.php?rest_route=%2Fwp%2Fv2%2Fmedia&parent=3846"}],"wp:term":[{"taxonomy":"category","embeddable":true,"href":"http:\/\/www.korhanyilmaz.com\/index.php?rest_route=%2Fwp%2Fv2%2Fcategories&post=3846"},{"taxonomy":"post_tag","embeddable":true,"href":"http:\/\/www.korhanyilmaz.com\/index.php?rest_route=%2Fwp%2Fv2%2Ftags&post=3846"}],"curies":[{"name":"wp","href":"https:\/\/api.w.org\/{rel}","templated":true}]}}