{"id":3842,"date":"2009-02-27T09:10:46","date_gmt":"2009-02-27T07:10:46","guid":{"rendered":"http:\/\/www.korhanyilmaz.com\/?p=3842"},"modified":"2009-02-27T09:10:46","modified_gmt":"2009-02-27T07:10:46","slug":"akpde-samyeli-ruzgari","status":"publish","type":"post","link":"http:\/\/www.korhanyilmaz.com\/?p=3842","title":{"rendered":"AKP&#039;de Samyeli r\u00fczgar\u0131"},"content":{"rendered":"<p style=\"text-align: center;\"><img loading=\"lazy\" decoding=\"async\" class=\"aligncenter size-full wp-image-3843\" title=\"AKP'de Samyeli r\u00fczgar\u0131 \" src=\"http:\/\/www.korhanyilmaz.com\/wp-content\/uploads\/2009\/02\/270220091429469361647.jpg\" alt=\"AKP'de Samyeli r\u00fczgar\u0131 \" width=\"376\" height=\"240\" \/><\/p>\n<p style=\"text-align: justify;\"><strong>AKP, Defne Samyeli&#8217;yi de saflar\u0131na katt\u0131. Samyeli, gelecek se\u00e7imde milletvekili aday\u0131 olabilir<\/strong><\/p>\n<p style=\"text-align: justify;\">AKP, T\u00fcrkan Sabanc\u0131&#8217;n\u0131n ye\u011feni i\u015fkad\u0131n\u0131 Hasibe Ustao\u011flu&#8217;yu Be\u015fikta\u015f Belediye Meclis \u00fcyeli\u011fi i\u00e7in aday g\u00f6sterdi. Ba\u015fbakan Recep Tayyip Erdo\u011fan&#8217;\u0131n e\u015fi Emine Erdo\u011fan&#8217;a yak\u0131nl\u0131\u011f\u0131 ile dikkat \u00e7eken Defne Samyeli de AKP&#8217;ye \u00fcye oldu. Samyeli&#8217;nin gelecek genel se\u00e7imlerde milletvekili aday\u0131 olabilece\u011fi konu\u015fuluyor.<\/p>\n<p style=\"text-align: justify;\">Hasibe Ustao\u011flu, \u0130stanbul&#8217;un sosyetik isimleri aras\u0131nda. Porte Group&#8217;un ba\u015f\u0131nda yer alan Ustao\u011flu, ge\u00e7en y\u0131l &#8216;Marry Mall&#8217; ad\u0131yla T\u00fcrkiye&#8217;nin ilk evlilik al\u0131\u015fveri\u015f merkezini kurmak istemi\u015f ancak proje iptal edilmi\u015fti. Politikaya at\u0131lan Ustao\u011flu, Belediye Meclisi \u00fcyesi se\u00e7ilirse, Be\u015fikta\u015f&#8217;taki imar planlar\u0131nda da etkili olacak. <!--more--><br \/>\nSpiker ve k\u00f6\u015fe yazar\u0131 Defne Samyeli de AKP saflar\u0131na kat\u0131lan isimlerden. Emine Erdo\u011fan ile yak\u0131nl\u0131\u011f\u0131 artan Samyeli, AKP organizasyonlar\u0131nda \u00f6ne \u00e7\u0131kmaya ba\u015flad\u0131. Samyeli, kad\u0131n adaylar\u0131n kat\u0131ld\u0131\u011f\u0131 hitabet yar\u0131\u015fmas\u0131nda j\u00fcri \u00fcyesi olmu\u015f, 27 Ocak&#8217;ta yar\u0131\u015fma bitiminde, Ba\u015fbakan Erdo\u011fan taraf\u0131ndan da tebrik edilmi\u015fti. Samyeli, son olarak Emine Han\u0131m&#8217;\u0131n 14-15 \u015eubat&#8217;taki Katar gezisine kat\u0131lm\u0131\u015ft\u0131.\n<\/p>\n<p style=\"text-align: justify;\"><strong>B\u0130R\u0130C\u0130K DE AKP&#8217;L\u0130 <\/strong><\/p>\n<p style=\"text-align: justify;\">Mazhar Alanson&#8217;un e\u015fi Biricik Suden de AKP&#8217;ye kat\u0131lan bir di\u011fer \u00fcnl\u00fc sima. Beyo\u011flu Belediyesi Meclis \u00fcyesi aday\u0131 olan Suden, &#8217;46 ya\u015f\u0131nday\u0131m, e\u011flence bitti. AK Parti&#8217;nin belediyecili\u011fini ba\u015far\u0131l\u0131 buluyorum. \u0130nand\u0131\u011f\u0131m insanlarla birlikteyim. Ele\u015ftirilere kula\u011f\u0131m kapal\u0131&#8217; demi\u015fti.<\/p>\n<p style=\"text-align: justify;\"><strong>KRAL\u0130YET G\u00d6R\u00dcNT\u00dcS\u00dc VERM\u0130YORLAR <\/strong><\/p>\n<p style=\"text-align: justify;\">Katar&#8217;a Emine Erdo\u011fan&#8217;la birlikte giden Samyeli, G\u00fcne\u015f gazetesindeki k\u00f6\u015fesinde \u00f6zetle \u015f\u00f6yle yazm\u0131\u015ft\u0131: &#8216;Katar&#8217;da daha yak\u0131ndan tan\u0131ma olana\u011f\u0131 buldu\u011fum Emine Erdo\u011fan&#8217;la ilgili, hem benim hem de kat\u0131lan i\u015fkad\u0131n\u0131 ekibinin genel d\u00fc\u015f\u00fcncesini sizlerle payla\u015fmadan olmaz. Tan\u0131d\u0131\u011f\u0131m ilk Ba\u015fbakan e\u015fi de\u011fil Emine Han\u0131m. Ama en m\u00fctevaz\u0131 olan\u0131 o, kesinlikle. Kendisi de, k\u0131zlar\u0131 da &#8216;kraliyet&#8217; g\u00f6r\u00fcnt\u00fcs\u00fc vermemeye azami dikkat g\u00f6steriyorlar. Emine Han\u0131m, tek kelimeyle, &#8216;anne&#8217;. Hepimizle teker teker ilgilendi ve hepimize resmen &#8216;annelik&#8217; yapt\u0131. Sheikha&#8217;n\u0131n ekibi bile buna \u015fa\u015f\u0131rd\u0131. \u0130\u00e7tenli\u011fi, \u015fefkati ve s\u0131cakl\u0131\u011f\u0131yla t\u00fcm kad\u0131nlar\u0131n sevgisini kazand\u0131.&#8217;<\/p>\n<p style=\"text-align: justify;\"><span style=\"color: #888888;\">(Ak\u015fam)<\/span><\/p>\n","protected":false},"excerpt":{"rendered":"<p style=\"text-align: center;\">\n<p style=\"text-align: justify;\">AKP, Defne Samyeli&#8217;yi de saflar\u0131na katt\u0131. Samyeli, gelecek se\u00e7imde milletvekili aday\u0131 olabilir<\/p>\n<p style=\"text-align: justify;\">AKP, T\u00fcrkan Sabanc\u0131&#8217;n\u0131n ye\u011feni i\u015fkad\u0131n\u0131 Hasibe Ustao\u011flu&#8217;yu Be\u015fikta\u015f Belediye Meclis \u00fcyeli\u011fi i\u00e7in aday g\u00f6sterdi. Ba\u015fbakan Recep Tayyip Erdo\u011fan&#8217;\u0131n e\u015fi Emine Erdo\u011fan&#8217;a yak\u0131nl\u0131\u011f\u0131 ile dikkat \u00e7eken Defne Samyeli de AKP&#8217;ye \u00fcye oldu. Samyeli&#8217;nin gelecek genel se\u00e7imlerde milletvekili <\/p>\n","protected":false},"author":1,"featured_media":0,"comment_status":"open","ping_status":"closed","sticky":false,"template":"","format":"standard","meta":{"footnotes":""},"categories":[105],"tags":[],"class_list":["post-3842","post","type-post","status-publish","format-standard","hentry","category-gundem","odd"],"_links":{"self":[{"href":"http:\/\/www.korhanyilmaz.com\/index.php?rest_route=\/wp\/v2\/posts\/3842","targetHints":{"allow":["GET"]}}],"collection":[{"href":"http:\/\/www.korhanyilmaz.com\/index.php?rest_route=\/wp\/v2\/posts"}],"about":[{"href":"http:\/\/www.korhanyilmaz.com\/index.php?rest_route=\/wp\/v2\/types\/post"}],"author":[{"embeddable":true,"href":"http:\/\/www.korhanyilmaz.com\/index.php?rest_route=\/wp\/v2\/users\/1"}],"replies":[{"embeddable":true,"href":"http:\/\/www.korhanyilmaz.com\/index.php?rest_route=%2Fwp%2Fv2%2Fcomments&post=3842"}],"version-history":[{"count":0,"href":"http:\/\/www.korhanyilmaz.com\/index.php?rest_route=\/wp\/v2\/posts\/3842\/revisions"}],"wp:attachment":[{"href":"http:\/\/www.korhanyilmaz.com\/index.php?rest_route=%2Fwp%2Fv2%2Fmedia&parent=3842"}],"wp:term":[{"taxonomy":"category","embeddable":true,"href":"http:\/\/www.korhanyilmaz.com\/index.php?rest_route=%2Fwp%2Fv2%2Fcategories&post=3842"},{"taxonomy":"post_tag","embeddable":true,"href":"http:\/\/www.korhanyilmaz.com\/index.php?rest_route=%2Fwp%2Fv2%2Ftags&post=3842"}],"curies":[{"name":"wp","href":"https:\/\/api.w.org\/{rel}","templated":true}]}}