{"id":38413,"date":"2011-08-12T17:13:23","date_gmt":"2011-08-12T14:13:23","guid":{"rendered":"http:\/\/www.korhanyilmaz.com\/?p=38413"},"modified":"2011-08-13T15:21:20","modified_gmt":"2011-08-13T12:21:20","slug":"mustafa-balbaya-yine-ret","status":"publish","type":"post","link":"http:\/\/www.korhanyilmaz.com\/?p=38413","title":{"rendered":"Mustafa Balbay&#8217;a yine ret!"},"content":{"rendered":"<p style=\"text-align: center;\"><a href=\"http:\/\/www.korhanyilmaz.com\/wp-content\/uploads\/2011\/08\/60221.jpg\"  class=\"lightview\"><img loading=\"lazy\" decoding=\"async\" class=\"aligncenter size-full wp-image-38448\" src=\"http:\/\/www.korhanyilmaz.com\/wp-content\/uploads\/2011\/08\/60221.jpg\" alt=\"\" width=\"322\" height=\"241\" \/><\/a><\/p>\n<p style=\"text-align: justify;\">Cumhuriyet gazetesi yazar\u0131 ve CHP \u0130zmir Milletvekili Musatafa Balbay&#8217;\u0131n tahliye talebi oy birli\u011fiyle reddedildi. Mahkeme 19 Eyl\u00fcl tarihine ertelenirken Servet Kaynak ve O\u011fuzhan Sa\u011f\u0131ro\u011flu&#8217;nun tahliye edilmesine karar verildi. Bug\u00fcnk\u00fc tahliyelerin ard\u0131ndan davadaki tutuklu san\u0131k say\u0131s\u0131 21&#8217;e d\u00fc\u015ft\u00fc.<!--more--><\/p>\n<p style=\"text-align: justify;\">\u0130stanbul 13. A\u011f\u0131r Ceza Mahkemesi taraf\u0131ndan g\u00f6r\u00fclen davan\u0131n d\u00fcn g\u00f6r\u00fclen 130 duru\u015fmas\u0131 yap\u0131ld\u0131. CHP milletvekili Mustafa Balbay salona girerken izleyiciler taraf\u0131ndan co\u015fkuyla alk\u0131\u015fland\u0131. Se\u00e7ildikten bu yana duru\u015fmada ilk kez s\u00f6z alan Mustafa Balbay, CHP milletvekillerini ve izleyicileri selamlad\u0131. Balbay, \u201cCHP milletvekili olarak Meclis\u2019te g\u00f6rev yapmam\u0131 23 Haziran\u2019da verdi\u011finiz kararla engellemeye \u00e7al\u0131\u015ft\u0131n\u0131z\u201d diye konu\u015ftu.Balbay \u015f\u00f6yle devam etti:<\/p>\n<p style=\"text-align: justify;\">\u201cMilletvekili olarak tutuklu kalmam\u0131n birebir yarg\u0131n\u0131n siyasete m\u00fcdahalesi oldu\u011funu d\u00fc\u015f\u00fcn\u00fcyorum. Yasama organ\u0131n\u0131n bir \u00fcyesinin tutukluluk halinin devam ettirilmesinin bir hukuk karar\u0131 oldu\u011funu d\u00fc\u015f\u00fcnm\u00fcyorum. Tutuklama bir tedbirdir. Tutukluluk halimi s\u00fcrd\u00fcrmenizin yeni d\u00f6nemde siyasi sonu\u00e7lar\u0131 olacak bir durum oldu\u011funu sizinle payla\u015fmak istiyorum\u201d<\/p>\n<p style=\"text-align: justify;\">Balbay, Anayasa kitap\u00e7\u0131\u011f\u0131n\u0131 g\u00f6stererek \u201cAnayasa\u2019n\u0131n 81. maddesinde yer alan metin ya\u015fam\u0131m boyunca ba\u011fl\u0131 kalmaya \u00e7al\u0131\u015ft\u0131\u011f\u0131m bir metindir. Gazetecilik g\u00f6revimde oldu\u011fu gibi milletvekilli\u011fi g\u00f6revimde de bu metne sad\u0131k kalaca\u011f\u0131m\u201d diye konu\u015ftu. Balbay daha sonra Anayasa\u2019n\u0131n 81. maddesinde d\u00fczenlenen \u201cMilletvekili se\u00e7ilenlerin g\u00f6reve ba\u015flamalar\u0131 i\u00e7in etmeleri gereken yemin metnini\u201d okudu. Salonu dolduran izleyicilerin yan\u0131 s\u0131ra avukat s\u0131ralar\u0131nda oturan CHP milletvekileri de Balbay\u2019\u0131n yemimini alk\u0131\u015flad\u0131. Ba\u015fkan \u00d6zese jandarma g\u00f6revlilerine \u201cBir\u00e7ok kez uyard\u0131m. Alk\u0131\u015flayanlar\u0131 d\u0131\u015far\u0131 \u00e7\u0131kar\u0131n\u201d diye talimat verdi. Balbay ise \u00d6zese\u2019ye \u201c\u0130zmir\u2019den gelen se\u00e7menlerim var, ho\u015fg\u00f6r\u00fcn\u201d diye ricada bulundu.\u0130zleyicileri d\u0131\u015far\u0131 \u00e7\u0131karmaktan vazge\u00e7en \u00d6zese \u201cBu dava siyasi bir dava de\u011fil. Kanunlara, Anayasa\u2019ya uygun olarak yarg\u0131lama yap\u0131yoruz, maddi ger\u00e7e\u011fi ortaya \u00e7\u0131karmaya \u00e7al\u0131\u015f\u0131yoruz. TCK ve CMK h\u00fck\u00fcmlerini uyguluyoruz\u201d diye a\u00e7\u0131klama yapt\u0131.<\/p>\n<p style=\"text-align: justify;\"><strong>\u201cBu dava siyasidir\u201d\u00a0<\/strong><\/p>\n<p style=\"text-align: justify;\">Ba\u015fkan \u00d6zese\u2019nin bu s\u00f6zleri \u00fczerine izleyiciler aras\u0131nda g\u00fcl\u00fc\u015fmeler olurken Tuncay \u00d6zkan\u2019\u0131n avukat\u0131 eski CHP milletvikili \u015eahin Meng\u00fc de \u201cBu dava siyasidir\u201d diye ba\u011f\u0131rd\u0131. Balbay \u201cSiyasi dava de\u011fil dediniz. Bize y\u00f6neltilen su\u00e7lar aras\u0131nda \u2018siyaseti dizayn etmeye \u00e7al\u0131\u015fmak\u2019 var. Siyaseti dizayn etmeye siz \u00e7al\u0131\u015fmaktas\u0131n\u0131z\u201d diye konu\u015ftu. \u00d6zese\u2019nin \u201cTCK kapsam\u0131ndaki su\u00e7 isnatlar\u0131na g\u00f6re yarg\u0131lama yap\u0131yoruz, hukuki davad\u0131r\u201d diye konu\u015funca Balbay \u015fu yan\u0131t\u0131 verdi: \u201cHukukidir ama sonu\u00e7 olarak yarg\u0131 siyasete m\u00fcdahale ediyor. Milletvekili olarak g\u00f6revimi yapmam\u0131 engelliyorsunuz. 23 Haziran\u2019daki tutukluluk halinin devam\u0131n\u0131 karar\u0131yla h\u00fck\u00fcm in\u015fa ettiniz. Masumiyet karinesi de\u011fil mahkumiyet karar\u0131 verdiniz.\u201d<\/p>\n<p style=\"text-align: justify;\">Balbay, \u201c23 Haziran\u2019daki karar\u0131n\u0131zda \u2018devletin b\u00f6l\u00fcnmez b\u00fct\u00fcnl\u00fc\u011f\u00fcn\u00fc\u2019 gerek\u00e7e g\u00f6steriyorsunuz. Bana b\u00f6yle bir su\u00e7 isnad\u0131 yok\u201d dedi. \u00d6zese Anayasa\u2019n\u0131n 14. Maddesi\u2019nin milletvekili dokunulmazl\u0131\u011f\u0131n\u0131 kapsamayan su\u00e7lar\u0131 d\u00fczenledi\u011fi a\u00e7\u0131klamas\u0131n\u0131 yapt\u0131. Balbay \u201cSiz benim milletvkeili g\u00f6revimi yapmam\u0131 engelleyemezsiniz. Bedemini tutsak tutabilirsiniz, ama milletvekilli\u011fi g\u00f6revimi yapmaya devam edece\u011fim\u201d diye konu\u015ftu.<\/p>\n<p style=\"text-align: justify;\">Sedat Sami Ha\u015f\u0131lo\u011flu\u2019nun Balbay\u2019\u0131n s\u00f6zlerini ele\u015ftirerek \u201cDe\u011fil T\u00fcrkiye\u2019nin d\u00fcnyan\u0131n en demokratik yarg\u0131lamas\u0131n yap\u0131yoruz\u201d burada s\u00f6zleri salonda g\u00fcl\u00fc\u015fmelere neden oldu.<\/p>\n<p style=\"text-align: justify;\">Balbay \u201cBir gazeteci tutukland\u0131\u011f\u0131 okurlar\u0131, bir milletvekili tutukland\u0131\u011f\u0131nda se\u00e7menleri cezaland\u0131r\u0131l\u0131r. Siz bana oy verin 500 bin se\u00e7meni ve t\u00fcm halk\u0131 cezaland\u0131r\u0131yorsunuz\u201d diye konu\u015ftu.<\/p>\n<p style=\"text-align: justify;\"><strong>Demokrasi tarihi\u00a0<\/strong><\/p>\n<p style=\"text-align: justify;\">Yasa maddelerinin \u00f6zg\u00fcrl\u00fck\u00e7\u00fc yorumlanmas\u0131ndan s\u00f6z edildi\u011fini anlatan Balbay, 1950\u2019de gazeteci M\u00fcmtaz Faik Fenik, 1957\u2019de Osman B\u00f6l\u00fckba\u015f\u0131 ve 2007\u2019de Sebahat Tuncel\u2019in milletvekili se\u00e7ildiklerinde tahliye edildiklerini anlatt\u0131. Balbay mahkeme heyetine \u015f\u00f6yle seslendi:<\/p>\n<p style=\"text-align: justify;\">\u201cT\u00fcrkiye demokrasi tarihine bak\u0131ld\u0131\u011f\u0131nda bu \u00fc\u00e7 olay varken kendi gerek\u00e7enizi muhakeme ediniz. Acaba demokrasi a\u00e7\u0131s\u0131ndan geri mi gittik ileri mi? Anayasa\u2019n\u0131n 9. maddesi \u2018Yarg\u0131 T\u00fcrk milleti ad\u0131na karar verir\u2019 der. Bu da milli iradedir. Milli irade, milli iradeye kar\u015f\u0131 olamaz.\u201d<\/p>\n<p style=\"text-align: justify;\"><strong>Meclis\u2019te ara\u015ft\u0131rma s\u00f6z\u00fc\u00a0<\/strong><\/p>\n<p style=\"text-align: justify;\">Savc\u0131 Mehmet Ali Pekg\u00fczel\u2019in bir duru\u015fmada \u201cTer\u00f6r \u00f6rg\u00fct\u00fcn\u00fcn\u00fc ortaya \u00e7\u0131karmaya \u00e7al\u0131\u015f\u0131yoruz\u201d dedi\u011fini an\u0131msatan Balbay \u015funlar\u0131 s\u00f6yledi:<\/p>\n<p style=\"text-align: justify;\">\u201c4 y\u0131ld\u0131r devam eden \u00e7al\u0131\u015fman\u0131z\u0131 kola\u015fla\u015ft\u0131rmak istiyorum. CHP y\u00f6neticleri ve milletvekilleri burada. Arad\u0131y\u0131p bulamad\u0131\u011f\u0131n\u0131z Ergenekon Ter\u00f6r \u00d6rg\u00fct\u00fc\u2019n\u00fcn biz bulmaya \u00e7al\u0131\u015fal\u0131m. E\u011fer var oldu\u011funu bulursak ilk \u00f6nce ben s\u00f6yleyip yazmazsam namerdim.\u201d<\/p>\n<p style=\"text-align: justify;\">Cumhuriyet Gazetesi\u2019nin U\u011fur Mumcu, Ahmet Taner K\u0131\u015flal\u0131 gibi yazarlar\u0131n\u0131 ter\u00f6re kurban verdi\u011fini anlatan Balbay \u201cCumhuriyet ter\u00f6re kurban verdi, \u015fimdi de mahpus veriyor\u201d dedi.<\/p>\n<p style=\"text-align: justify;\"><strong>Hakimlerin sorunlar\u0131\u00a0<\/strong><\/p>\n<p style=\"text-align: justify;\">Balbay, Cumhuriyet\u2019e molotof kokteyli atmaktan san\u0131k Bedirhan \u015einal\u2019in \u201cPolislerin Cumhuriyet\u2019e atmas\u0131 i\u00e7in bomba verdi\u011fini ama, sonu\u00e7lar\u0131n\u0131 d\u00fc\u015f\u00fcn\u00fcrek molotof kokteyli att\u0131\u011f\u0131na\u201d ili\u015fkin ifadelerini bas\u0131ndan takip etti\u011fini s\u00f6yledi.<\/p>\n<p style=\"text-align: justify;\">Balbay, \u201c\u015einal polisler bomba verdi diyor, \u00fcye hakim Ha\u015f\u0131lo\u011flu\u2019nun \u2018frene bas\u2019 demi\u015f\u201d s\u00f6zleri \u00fczerine \u00fcye hakim Sedat Sami Ha\u015f\u0131lo\u011flu m\u00fcdahale etti.<\/p>\n<p style=\"text-align: justify;\">Ha\u015f\u0131lo\u011flu, \u201cDosyay\u0131 biliyor musunuz? Mahkeme \u015einal\u2019i 2 saat dinledi. Ancak mahkemeye kar\u015f\u0131 gariz hakaretlerde bulununca m\u00fcdahele etme gere\u011fi duyduk.\u201d dedi.<\/p>\n<p style=\"text-align: justify;\">Ha\u015f\u0131lo\u011flu \u015f\u00f6yle devam etti:<\/p>\n<p style=\"text-align: justify;\">\u201cBiz hakimlerin kaderi kendilerini savunamazlar. Hakimlerin karar a\u015famas\u0131n\u0131 beklemesi \u00e7\u0131ld\u0131rt\u0131c\u0131. Siz bug\u00fcne kadar duru\u015fmalarda ve dilek\u00e7elerinizde bir d\u00fczeyi tutturdunuz. \u00c7ok zekisiniz ve kelimelere hakimsiniz. Ancak hakimlere laf sokarak, kelime oyunlar\u0131yla bir yere var\u0131lmaz. Mahkemeye husumet g\u00fctmek kimsenin yarar\u0131na de\u011fil.\u201d<\/p>\n<p style=\"text-align: justify;\">Balbay ise \u201cTutukluluk davalar\u0131 bozuyor. Delilerin inand\u0131cr\u0131l\u0131\u011f\u0131n\u0131 ortadan kald\u0131yor. \u0130ddaname beni yazar oldu\u011fum gazeteye bomba atan ki\u015fi ile benim ayn\u0131 \u00f6rg\u00fctten oldu\u011fumu s\u00f6yl\u00fcyor. \u00c7\u0131ld\u0131rma noktas\u0131nday\u0131m. Cumhuriyet\u2019e bomba atmaktan san\u0131k \u00e7ocuklar bile bana \u2018Mustafa abi \u015fu dosyaya bak\u2019 diye yard\u0131m istiyor\u201d dedi.<\/p>\n<p style=\"text-align: justify;\"><strong>Norve\u00e7\u00a0<\/strong><\/p>\n<p style=\"text-align: justify;\">Norve\u00e7\u2019te 85 ki\u015fiyi \u00f6ld\u00fcr\u00fcn cani i\u00e7in 8 hafta tutukluluk s\u00fcresi verildi\u011fini \u00f6rnek g\u00f6steren Balbay \u201cBizim tutuklulu\u011fumuz 8 hafta, 8 ay, 8 y\u0131la gidecek. Bug\u00fcn (d\u00fcn) Cumhuriyet\u2019te \u00d6zgen Acar bu konuyu \u00e7ok g\u00fczel yazm\u0131\u015f, tebrik ediyorum. Tutukluluk cezaya d\u00f6n\u00fc\u015ft\u00fc demi\u015ftik. Art\u0131k davada tutukluluk ceza \u00f6tesi, \u00e7\u0131kt\u0131ktan sonra devam eden \u2018\u00f6m\u00fcr boyu men\u2019 gibi \u00f6m\u00fcr boyu s\u00fcrecek a\u015famaya geldi\u201d \u015feklinde konu\u015ftu.<\/p>\n<p style=\"text-align: justify;\"><strong>\u00c7a\u011f\u0131n san\u0131\u011f\u0131\u00a0<\/strong><\/p>\n<p style=\"text-align: justify;\">Balbay \u201cYasama organ\u0131nda g\u00f6rev yapmam\u0131n engellenmesi yarg\u0131n\u0131n siyasete m\u00fcdahalesidir. Bir kanun oylan\u0131rken bir eksik oy eksik olsa bu yarg\u0131n\u0131n m\u00fcdahalesi de\u011fil midir\u201d diye sordu.<\/p>\n<p style=\"text-align: justify;\">Balbay \u00fc\u00e7 y\u0131la yak\u0131n bir s\u00fcredir tutuklu bulundu\u011funu ve bug\u00fcne kadar duru\u015fmalarda yapt\u0131\u011f\u0131 konu\u015fmalar\u0131n 50 saati buldu\u011funu s\u00f6yleyen Balbay \u201cBana y\u00f6neltilen su\u00e7lamalar aras\u0131nda \u2018devlete ait belgeleri ele ge\u00e7irmek\u2019 var. \u015eimdi d\u0131\u015farda olsam Suriye ile ilgili belge bilgi bulmaya \u00e7al\u0131\u015f\u0131rd\u0131m. Irak ile ilgili belgeleri kitab\u0131mda yay\u0131nlam\u0131\u015ft\u0131m. Gazeteci \u00e7a\u011f\u0131n\u0131n tan\u0131\u011f\u0131d\u0131r. Ama sizi gazeteciyi \u2018\u00e7a\u011f\u0131n san\u0131\u011f\u0131\u2019 yapt\u0131n\u0131z\u201d diye konu\u015ftu.<\/p>\n<p style=\"text-align: justify;\">\u201cMilletvekili olarak kendimi daha \u00e7ok sorumlu hissediyorum\u201d diyen Balbay \u201c12 milyon insan\u0131 oyunu alm\u0131\u015f bir partinin milletvekilini tutukluluk halinin devam\u0131n\u0131 karar veriyorsunuz. Bu hafta tutuklu san\u0131klar Ersin G\u00f6nenci\u2019nin O\u011fuzhan Sa\u011f\u0131ro\u011flu\u2019nun savunmas\u0131n\u0131 ald\u0131lar. \u2018Bunlarla bir araya gelmem\u2019 dediler. Ben onlar\u0131n kar\u015f\u0131la\u015ft\u0131\u011f\u0131 hukuksuzluklardan da kendimi sorumlu hissediyorum\u201d diye konu\u015ftu.<\/p>\n<p style=\"text-align: justify;\">Tahliye edilmeme gerek\u00e7eleri aras\u0131nda \u201cka\u00e7ma \u015f\u00fcphesinin\u201d g\u00f6sterildi\u011fini anlatan Balbay \u201c1 Temmuz\u2019da g\u00f6zalt\u0131na al\u0131p 5 Temmuz\u2019da b\u0131rakt\u0131n\u0131z, ka\u00e7mad\u0131m. 5 Mart\u2019ta \u00e7a\u011f\u0131rd\u0131n\u0131z geldim. Benim en ufak ka\u00e7ma \u015f\u00fcphem yok\u201d dedi.<\/p>\n<p style=\"text-align: justify;\">Mahkemenin tahliye etmeme karar\u0131 i\u00e7in \u00e7ok u\u011fra\u015ft\u0131\u011f\u0131n\u0131, geni\u015fleterek doktrin \u00f6rnekleri g\u00f6stedi\u011fini anlatan Balbay \u201cDavan\u0131n durdurulamayaca\u011f\u0131 kar\u0131r\u0131 verdiniz. Biz davan\u0131n durdurulmas\u0131n\u0131 istemedik ki. Yarg\u0131laman\u0131n tutuksuz devam etmesini talep ettik\u201d ifadelerini kulland\u0131.<\/p>\n<p style=\"text-align: justify;\"><strong>Aile hasreti\u00a0<\/strong><\/p>\n<p style=\"text-align: justify;\">\u201c\u00d6n\u00fcm\u00fczdeki d\u00f6nemde CHP\u2019de \u00e7ok \u015feyler yapaca\u011f\u0131ma olan inanc\u0131m bana heyecan veriyor\u201d diyen Balbay \u201cCezaevinde yaln\u0131z kal\u0131yorum, Bu da al\u0131\u015ft\u0131m. O\u011flum kundaktayd\u0131 b\u00fcy\u00fcd\u00fc, g\u00f6r\u00fc\u015f yerindeki camlara dayan\u0131yor, vuruyor. K\u0131z\u0131m gen\u00e7k\u0131z oluyor. Cezaevinde tek \u00e7\u00f6zemedi\u011fim aile hasreti\u201d \u015feklinde konu\u015ftu.<\/p>\n<p style=\"text-align: justify;\"><strong>Yal\u00e7\u0131n K\u00fc\u00e7\u00fck: &#8220;Milletvekililerin hapiste tutma yetkiniz yok&#8221;\u00a0<\/strong><\/p>\n<p style=\"text-align: justify;\">\u0130kinci Ergenekon davas\u0131nda san\u0131k Prof.Dr. Yal\u00e7\u0131n K\u00fc\u00e7\u00fck, CHP \u0130zmir Milletvekili Mustafa Balbay ve CHP Zonguldak Milletvekili Prof.Dr. Mehmet Haberal\u2019\u0131n milletvekilli se\u00e7ilmelerine kar\u015f\u0131n mahkemenin tutukluluk halinin devam\u0131 karar\u0131n\u0131n \u201cyok h\u00fckm\u00fcnde\u201d oldu\u011funu s\u00f6yledi. Zaman zaman heyet ba\u015fkan\u0131 Hasan H\u00fcseyin \u00d6zese ile tart\u0131\u015fan K\u00fc\u00e7\u00fck \u201cSe\u00e7ilen milletvekillerini hapiste tutmak hi\u00e7bir mahkemenin yetkisinde de\u011fildir. Bunu yaparsan\u0131z parlamenter devletin k\u00f6klerini y\u0131km\u0131\u015f olursunuz. 50 y\u0131ld\u0131r yarg\u0131lan\u0131r\u0131m, b\u00f6yle dava g\u00f6rmedim\u201d diye konu\u015ftu. Duru\u015fmay\u0131 aralar\u0131nda CHP Genel Sekreteri Bihlun Tamayl\u0131gil\u2019in de oldu\u011fu 27 CHP milletvekili izledi.<\/p>\n<p style=\"text-align: justify;\">Ergenekon soru\u015fturmas\u0131 kapsam\u0131nda Oda TV operasyonundan tutuklu bulunan, davan\u0131n tutuksuz san\u0131\u011f\u0131 Prof.Dr. Yal\u00e7\u0131n K\u00fc\u00e7\u00fck s\u00f6z alarak \u015f\u00f6yle konu\u015ftu: \u201cSe\u00e7ilen milletvekillerini hapiste tutmak hi\u00e7bir mahkemenin yetkisinde de\u011fildir. Bir milletvekilini hapse atmaya hi\u00e7bir mahkemenin yetkisi yoktur. Bunu yaparsan\u0131z parlamenter devletin k\u00f6klerini y\u0131km\u0131\u015f olursunuz.\u201d<\/p>\n<p style=\"text-align: justify;\"><strong>&#8220;B\u00f6yle dava g\u00f6rmedim&#8221;\u00a0<\/strong><\/p>\n<p style=\"text-align: justify;\">\u201c50 y\u0131ld\u0131r hapse girerim yarg\u0131lan\u0131r\u0131m\u201d diyen K\u00fc\u00e7\u00fck, \u201cCeza Mahkemesi tecr\u00fcbem var. Bizim hukukumuzda mahkum edersiniz Yarg\u0131tay bozar. Israr edersiniz yine bozar. Israr edersiniz yine bozar. O zaman ne yapars\u0131n\u0131z? Uyuyorsunuz yeni \u00fcye uyuyorsunuz\u201d diye konu\u015ftu.<\/p>\n<p style=\"text-align: justify;\">Yal\u00e7\u0131n K\u00fc\u00e7\u00fck\u2019\u00fcn bu s\u00f6zleri \u00fczerine Hasan H\u00fcseyin \u00d6zese, \u201cMahkeme anayasa ve yasalara uygun karar verir. Mahkemeye nas\u0131l davran\u0131laca\u011f\u0131n\u0131 tavsiye durumunda de\u011filsiniz\u201d diye m\u00fcdahale etti.<\/p>\n<p style=\"text-align: justify;\">\u201cSavunmamd\u0131r\u201d diye yan\u0131t veren Yal\u00e7\u0131n K\u00fc\u00e7\u00fck \u201cBalbay\u2019\u0131n, Haberal\u2019\u0131n tutukluluk karar\u0131 yok bir karard\u0131r. Kanunlarda \u00f6yle bir madde yoktur\u201d diye konu\u015ftu.<\/p>\n<p style=\"text-align: justify;\">\u00d6zese \u201cO sizin yorumunuz. Mahkemenin karar\u0131 yasalara ve anayasalara uygundur. De\u011fi\u015fik yorumlar yap\u0131yorsunuz\u201d derken K\u00fc\u00e7\u00fck \u201cDe\u011fi\u015fik yorum yapmak benim i\u015fim. Ben Yal\u00e7\u0131n K\u00fc\u00e7\u00fck\u2019\u00fcm. De\u011fi\u015fik yorumlar yapar\u0131m, onun i\u00e7in bana \u2018\u015feytan\u2019 derler\u201d diye konu\u015ftu.<\/p>\n<p style=\"text-align: justify;\">Mahkemenin Balbay ve Habera\u2019\u0131 \u201cA\u011f\u0131r su\u00e7 \u015f\u00fcphesi, dosya tamamlanmad\u0131\u201d gibi gerek\u00e7elerle tahliye etmedi\u011finin vurgulayan K\u00fc\u00e7\u00fck \u201cBunu s\u00f6yleyemezsiniz. Hapishanenin bu dar ko\u015fullar\u0131nda \u00e7al\u0131\u015f\u0131p geliyorum, Size bunlar\u0131 anlat\u0131yorum. Hi\u00e7 olmazsa te\u015fekk\u00fcr edin. 4 y\u0131la yak\u0131n s\u00fcredir burada a\u011f\u0131r \u015f\u00fcphe olmaz. Hukuka, dil bilimine ayk\u0131r\u0131d\u0131r. 2 milletvekili i\u00e7in a\u011f\u0131r \u015f\u00fcphe var denilemez. Hukuka, kanuna ayk\u0131r\u0131d\u0131r\u201d diye konu\u015ftu.<\/p>\n<p style=\"text-align: justify;\"><strong>&#8220;Su koyuyorsunuz&#8221;<\/strong><\/p>\n<p style=\"text-align: justify;\">Mahkemenin Yarg\u0131tay\u2019\u0131n \u201cmilletvekilerinin yarg\u0131lanmas\u0131na devam edilece\u011fi\u201d karar\u0131n\u0131 \u00f6rnek g\u00f6sterdi\u011fini belirten Prof.Dr.K\u00fc\u00e7\u00fck \u201cBunda tart\u0131\u015fma yok zaten. A\u011f\u0131r \u015f\u00fcphe diyorsunuz. Her g\u00fcn bir CD, her g\u00fcn bir dosya geliyor. 50 y\u0131ld\u0131r yarg\u0131lan\u0131r\u0131m. B\u00f6yle mahkeme g\u00f6rmedim. Bitmeyen rak\u0131 gibi, devaml\u0131 su koyuyorsunuz. Milletvekillerinin derhal \u00e7\u0131kar\u0131lmalar\u0131 laz\u0131m\u201d dedi.<\/p>\n<p style=\"text-align: justify;\">K\u00fc\u00e7\u00fck, Mustafa Balbay\u2019\u0131n \u00f6n\u00fcndeki bir ka\u011f\u0131da bakt\u0131\u011f\u0131n\u0131 fark etmesi \u00fczerine \u201cMustafa beni dinliyor musun senden bahsediyorum\u201d diye tak\u0131ld\u0131 ve \u201cMahkemenin bu karar\u0131 yok h\u00fckm\u00fcndedir\u201d diye konu\u015ftu.<\/p>\n<p style=\"text-align: justify;\"><strong>&#8220;\u00d6zkan\u2019\u0131 da milletvekili yapacakt\u0131m&#8221;\u00a0<\/strong><\/p>\n<p style=\"text-align: justify;\">Ergekenekon san\u0131klar\u0131n\u0131n milletvekili yap\u0131lmas\u0131n\u0131n mimar\u0131n\u0131n kendisi oldu\u011funu s\u00f6yleyen K\u00fc\u00e7\u00fck \u015fu iddialarda bulundu: \u201cOda TV soru\u015fturmas\u0131nda Kemal K\u0131l\u0131\u00e7daro\u011flu\u2019na l\u00fctuf olsun diye tutuklad\u0131lar beni. \u0130\u00e7eri girmeseydim Tuncay \u00d6zkan\u2019\u0131 da Atilla U\u011fur\u2019u da milletvekili yapacakt\u0131m. Balbay i\u00e7in de \u00e7al\u0131\u015ft\u0131m. Bir g\u00fcn Sinan (Ayg\u00fcn) geldi. Milletvekili olaca\u011f\u0131n\u0131 s\u00f6yledi. \u2018Kemal\u2019e gitme, ona g\u00fcvenilmez\u2019 dedim. Ba\u015fka iki isim verdim.\u201d<\/p>\n<p style=\"text-align: justify;\"><strong>&#8220;Y\u00fckselen Y\u0131ld\u0131z&#8221;<\/strong><\/p>\n<p style=\"text-align: justify;\">\u00a0K\u00fc\u00e7\u00fck arkas\u0131na d\u00f6n\u00fcp bakt\u0131ktan sonra \u201cCHP milletvekilleri de gelmi\u015f. Ben bunlar\u0131 s\u00f6ylerken hi\u00e7biri sesini y\u00fckseltmedi. \u015eimdi tabii gelirler. Ergenekon y\u00fckselen y\u0131ld\u0131z\u201d diye konu\u015ftu.<\/p>\n<p style=\"text-align: justify;\">K\u00fc\u00e7\u00fck\u2019\u00fcn bu s\u00f6zlerinin izleyiciler taraf\u0131ndan alk\u0131\u015flanmas\u0131 \u00fczerine Ba\u015fkan \u00d6zese, izleyicileri uyard\u0131. K\u00fc\u00e7\u00fck, g\u00f6rev yeri de\u011fi\u015ftirilen Eski Ba\u015fkan K\u00f6ksal \u015eeng\u00fcn\u2019e ili\u015fkin \u015funlar\u0131 s\u00f6yledi: \u201cBa\u015fkan K\u00f6ksal \u015eeng\u00fcn de beni k\u0131rd\u0131, ben de onu k\u0131rd\u0131m. Ama K\u00f6ksal \u015eeng\u00fcn, b\u00fcy\u00fck bir hukuk\u00e7uydu. G\u00fcle g\u00fcle K\u00f6ksal \u015eeng\u00fcn.\u201d<\/p>\n<p style=\"text-align: justify;\">\u201cFethullah G\u00fclen\u2019in gazetesi Zaman\u2019da en sevdi\u011fi yazar Ekrem Dumanl\u0131\u201d diyerek bir yaz\u0131s\u0131ndan al\u0131nt\u0131 yapt\u0131. \u00d6zese \u201cDava d\u0131\u015f\u0131 beyanlar bizi ba\u011flamaz\u201d diyerek a\u00e7\u0131klamada bulundu.<\/p>\n<p style=\"text-align: justify;\"><strong>&#8220;Kim darbe yapacak?&#8221;\u00a0<\/strong><\/p>\n<p style=\"text-align: justify;\">Eski \u0130n\u00f6n\u00fc \u00dcniversitesi Rekt\u00f6r\u00fc Prof.Dr. Fatih Hilmio\u011flu, slaytlar e\u015fli\u011finde yapt\u0131\u011f\u0131 konu\u015fmas\u0131nda Balyoz ve Ergenekon davalar\u0131n\u0131 kar\u015f\u0131la\u015ft\u0131rak \u015f\u00f6yle konu\u015ftu:<\/p>\n<p style=\"text-align: justify;\">\u201cHer iki iddianame de askeri darbeye te\u015febb\u00fcs iddianamesidir. Kuvvet komutanlar\u0131, Ordu komutanlar\u0131 ve onlarca generalin bulundu\u011fu 200\u2019\u00fcn \u00fczerinde asker \u015fah\u0131s Balyoz darbe plan\u0131n\u0131 ger\u00e7ekle\u015ftiremezken bu davada \u015fu anda tutuklu 5 asker mi darbe ger\u00e7ekle\u015ftirecektir. Tutuksuzlar\u0131 da eklersek tek bir kuvvet komutan\u0131n\u0131n bile bulunmad\u0131\u011f\u0131 15-20 asker mi ger\u00e7ekle\u015ftirecektir. \u201d<\/p>\n<p style=\"text-align: justify;\"><strong>&#8220;Zeka \u00f6z\u00fcrl\u00fc m\u00fc?&#8221;\u00a0<\/strong><\/p>\n<p style=\"text-align: justify;\">Birinci ve ikinci davalarda toplam 194 san\u0131ktan 22\u2019sinin y\u00f6neticilikten yarg\u0131land\u0131\u011f\u0131n\u0131, bunlar\u0131n da sadece 8\u2019nin sivil oldu\u011funu anlatan Prof.Dr.Hilmio\u011flu \u015fu sorular\u0131 s\u0131ralad\u0131: \u201cDava konusu bir askeri darbe giri\u015fimi oldu\u011funa g\u00f6re darbe maddeleri olan 311-1 ve 312-1\u2019den yarg\u0131lananlar\u0131n \u00e7o\u011funun sivil olmas\u0131 nas\u0131l izah edilir? Yani askeri darbe gibi herhalde \u00e7ok kapsaml\u0131 olmas\u0131 gereken bir olay\u0131 buradaki 8 asker mi yapacakt\u0131r? TC Devleti sekiz askerden olu\u015fan bir darbeyi \u00f6nlemede bu kadar aciz midir? Ya da buradaki sekiz asker, devletin bu giri\u015fimi \u00f6nleyeceyecek kadar aciz oldu\u011funu d\u00fc\u015f\u00fcnebilecek kadar zeka \u00f6z\u00fcrl\u00fc m\u00fcd\u00fcr?\u201d<\/p>\n<p style=\"text-align: justify;\"><strong>&#8220;Ergenekon Kazan\u0131nda Kurba\u011fa&#8221;\u00a0<\/strong><\/p>\n<p style=\"text-align: justify;\">\u0130nternet And\u0131\u00e7\u0131 davas\u0131nda tutuksuz yarg\u0131lanacak olan tutuklu san\u0131k eski Y\u00fczba\u015f\u0131 Hasan Ataman Y\u0131ld\u0131r\u0131m, heyete \u201cErgenekon Kazan\u0131nda Kurba\u011fa\u201d adl\u0131 kitab\u0131n\u0131 sundu. Y\u0131ld\u0131r\u0131m \u201cKurba\u011fay\u0131 kaynar suya atsan s\u0131\u00e7ray\u0131p \u00e7\u0131kar. Ama so\u011fuk suya atarsan\u0131z \u00e7\u0131kmaz, yava\u015f yava\u015f \u0131s\u0131t\u0131rsan\u0131z anlamaz. Anlad\u0131\u011f\u0131nda art\u0131k \u00e7\u0131kamaz. Ergenekon davalar\u0131nda da milleti b\u00f6yle uyutuyorlar. Heyete 3 kitap sunam\u0131yorum. Sadece emekli maa\u015f\u0131mla ge\u00e7iniyorum. Kimse kitab\u0131n\u0131 basmaya yana\u015fmad\u0131\u201d dedi.<\/p>\n<p style=\"text-align: justify;\">Duru\u015fmay\u0131 CHP Genel Sekreteri \u0130stanbul Milletvekili Bihlun Tamayl\u0131gil, CHP Grup Ba\u015fkan Vekili Emine \u00dclker Tarhan, Prof.Dr. S\u00fcheyl Batum, Mevl\u00fct Aslano\u011flu, Muharrem \u0130nce, Umut Oran, Mahmut Tanal, Sedef K\u00fc\u00e7\u00fck, Kadir \u00d6\u011f\u00fct ve CHP\u2019nin yemin etmeyen tek milletvekili \u0130sa G\u00f6k\u2019\u00fcn de aralar\u0131nda bulundu\u011fu 27 CHP milletvekili izledi.<\/p>\n<p style=\"text-align: justify;\"><strong>Tuncay \u00d6zkan\u2019\u0131n do\u011fum g\u00fcn\u00fc\u00a0<\/strong><\/p>\n<p style=\"text-align: justify;\">Tutuklu san\u0131k Tuncay \u00d6zkan\u2019\u0131n do\u011fumg\u00fcn\u00fc d\u00fcn Silivri\u2019deki mahkeme salonunda kutland\u0131. \u00d6zkan salona girerken, \u00e7ok say\u0131da izleyici taraf\u0131ndan alk\u0131\u015flarla \u201c\u0130yi ki do\u011fdun Tuncay&#8217;\u201d \u015feklinde kutlamalarla kar\u015f\u0131land\u0131.<\/p>\n<p style=\"text-align: justify;\">Tuncay \u00d6zkan da destek\u00e7ilerine \u015f\u00f6yle seslendi: \u201cDostlar do\u011fmak bir \u015fey de\u011fil, as\u0131l olan ya\u015famak ve ya\u015farken neye katland\u0131\u011f\u0131n\u0131zd\u0131r&#8230;Benimle ayn\u0131 g\u00fcn do\u011fan e\u015fim arka s\u0131rada&#8230;Yarg\u0131\u00e7lar, savc\u0131lar, baz\u0131 san\u0131klar mahkeme s\u00fcrecinde devams\u0131zl\u0131k yapt\u0131lar. Ama o hep buradayd\u0131. \u0130yi ki do\u011fdun yarim. Hem ac\u0131y\u0131 hem sevinci payla\u015f\u0131yoruz. O zaman hepimizin do\u011fum g\u00fcn\u00fc kutlu olsun.\u201d<\/p>\n<p style=\"text-align: justify;\"><strong>Mustafa Balbay&#8217;a yine ret!\u00a0<\/strong><\/p>\n<p style=\"text-align: justify;\">\u0130kinci &#8221;Ergenekon&#8221; davas\u0131n\u0131n tutuklu san\u0131klar\u0131ndan Servet Kaynak ve O\u011fuzhan Sa\u011f\u0131ro\u011flu&#8217;nun tahliyesine karar verildi.<\/p>\n<p style=\"text-align: justify;\">\u0130stanbul 13. A\u011f\u0131r Ceza Mahkemesince g\u00f6r\u00fclen duru\u015fmada, verilen aran\u0131n ard\u0131ndan ara karar\u0131n\u0131 a\u00e7\u0131klayan mahkeme heyeti, tutuklu san\u0131klardan Servet Kaynak ve O\u011fuzhan Sa\u011f\u0131ro\u011flu&#8217;nun, delil durumu ve tutuklu kald\u0131klar\u0131 s\u00fcre dikkate al\u0131narak tahliyelerini kararla\u015ft\u0131rd\u0131.<\/p>\n<p style=\"text-align: justify;\">Mahkeme heyeti, Kaynak ve Sa\u011f\u0131ro\u011flu&#8217;na yurt d\u0131\u015f\u0131na \u00e7\u0131k\u0131\u015f yasa\u011f\u0131 da koydu.<\/p>\n<p style=\"text-align: justify;\">Cumhuriyet Gazetesi yazar\u0131 Mustafa Balbay ve tutuklu san\u0131klar\u0131n bu hallerinin devam\u0131na h\u00fckmeden heyet, iddia makam\u0131 ile baz\u0131 san\u0131k ve avukatlar\u0131n taleplerinin celse aras\u0131nda de\u011ferlendirilmesine karar verdi.<\/p>\n<p style=\"text-align: justify;\">Bug\u00fcnk\u00fc tahliyelerin ard\u0131ndan davadaki tutuklu san\u0131k say\u0131s\u0131 21&#8217;e d\u00fc\u015ft\u00fc.<\/p>\n<p style=\"text-align: justify;\">Duru\u015fma, 19 Eyl\u00fcl&#8217;e ertelendi.<\/p>\n<p style=\"text-align: justify;\"><a href=\"http:\/\/www.cumhuriyet.com.tr\/?hn=268708&amp;kw=Mustafa+Balbay'a+yine+ret!\" target=\"_blank\">Kaynak : Cumhuriyet Haber Portal\u0131<\/a><\/p>\n","protected":false},"excerpt":{"rendered":"<p style=\"text-align: center;\">\n<p style=\"text-align: justify;\">Cumhuriyet gazetesi yazar\u0131 ve CHP \u0130zmir Milletvekili Musatafa Balbay&#8217;\u0131n tahliye talebi oy birli\u011fiyle reddedildi. Mahkeme 19 Eyl\u00fcl tarihine ertelenirken Servet Kaynak ve O\u011fuzhan Sa\u011f\u0131ro\u011flu&#8217;nun tahliye edilmesine karar verildi. Bug\u00fcnk\u00fc tahliyelerin ard\u0131ndan davadaki tutuklu san\u0131k say\u0131s\u0131 21&#8217;e d\u00fc\u015ft\u00fc.<\/p>\n","protected":false},"author":1,"featured_media":0,"comment_status":"open","ping_status":"open","sticky":false,"template":"","format":"standard","meta":{"footnotes":""},"categories":[105],"tags":[],"class_list":["post-38413","post","type-post","status-publish","format-standard","hentry","category-gundem","odd"],"_links":{"self":[{"href":"http:\/\/www.korhanyilmaz.com\/index.php?rest_route=\/wp\/v2\/posts\/38413","targetHints":{"allow":["GET"]}}],"collection":[{"href":"http:\/\/www.korhanyilmaz.com\/index.php?rest_route=\/wp\/v2\/posts"}],"about":[{"href":"http:\/\/www.korhanyilmaz.com\/index.php?rest_route=\/wp\/v2\/types\/post"}],"author":[{"embeddable":true,"href":"http:\/\/www.korhanyilmaz.com\/index.php?rest_route=\/wp\/v2\/users\/1"}],"replies":[{"embeddable":true,"href":"http:\/\/www.korhanyilmaz.com\/index.php?rest_route=%2Fwp%2Fv2%2Fcomments&post=38413"}],"version-history":[{"count":0,"href":"http:\/\/www.korhanyilmaz.com\/index.php?rest_route=\/wp\/v2\/posts\/38413\/revisions"}],"wp:attachment":[{"href":"http:\/\/www.korhanyilmaz.com\/index.php?rest_route=%2Fwp%2Fv2%2Fmedia&parent=38413"}],"wp:term":[{"taxonomy":"category","embeddable":true,"href":"http:\/\/www.korhanyilmaz.com\/index.php?rest_route=%2Fwp%2Fv2%2Fcategories&post=38413"},{"taxonomy":"post_tag","embeddable":true,"href":"http:\/\/www.korhanyilmaz.com\/index.php?rest_route=%2Fwp%2Fv2%2Ftags&post=38413"}],"curies":[{"name":"wp","href":"https:\/\/api.w.org\/{rel}","templated":true}]}}