{"id":38410,"date":"2011-08-12T14:12:20","date_gmt":"2011-08-12T11:12:20","guid":{"rendered":"http:\/\/www.korhanyilmaz.com\/?p=38410"},"modified":"2011-08-13T15:23:14","modified_gmt":"2011-08-13T12:23:14","slug":"caminin-fendi-genelevi-yendi","status":"publish","type":"post","link":"http:\/\/www.korhanyilmaz.com\/?p=38410","title":{"rendered":"Caminin fendi genelevi yendi!"},"content":{"rendered":"<div id=\"attachment_38450\" style=\"width: 370px\" class=\"wp-caption aligncenter\"><a href=\"http:\/\/www.korhanyilmaz.com\/wp-content\/uploads\/2011\/08\/60201.jpg\"  class=\"lightview\"><img loading=\"lazy\" decoding=\"async\" aria-describedby=\"caption-attachment-38450\" class=\"size-full wp-image-38450\" src=\"http:\/\/www.korhanyilmaz.com\/wp-content\/uploads\/2011\/08\/60201.jpg\" alt=\"\" width=\"360\" height=\"240\" \/><\/a><p id=\"caption-attachment-38450\" class=\"wp-caption-text\">Bu foto\u011fraf 2009&#39;da \u00e7ekildi. Genelevin \u00e7evresinde 2 metre y\u00fcksekli\u011findeki demir paravan bulunuyor.<\/p><\/div>\n<p style=\"text-align: justify;\">Antalya&#8217;n\u0131n 42 y\u0131ll\u0131k genelevi bu sabah kapat\u0131ld\u0131. Kepez \u0130l\u00e7esi Kuzeyyaka Mahallesi Ye\u015fil\u0131rmak Caddesi \u00fczerinde 40 y\u0131ld\u0131r faaliyet g\u00f6steren genelevin kald\u0131r\u0131lmas\u0131 i\u00e7in \u00e7e\u015fitli giri\u015fimlerde bulundu.<\/p>\n<p style=\"text-align: justify;\">ANTALYA \u2013 Kentin gecekondu yerle\u015fiminin yo\u011fun oldu\u011fu Kuzeyyaka Mahallesi\u2019ne polis e\u015fli\u011finde gelen Kepez Belediyesi Zab\u0131ta ekipleri, genelev i\u00e7inde bulunan 2 blo\u011fu ve ana giri\u015f kapas\u0131n\u0131 m\u00fch\u00fcrledi. Genelev \u00e7al\u0131\u015fanlar\u0131, kapatmadan mahalle muhtar\u0131 Binali G\u00fcney\u2019i sorumlu tuttu. Genelev \u00e7al\u0131\u015fan\u0131 bir kad\u0131n, &#8220;Banka kredisiyle ev ald\u0131m, bunun paras\u0131 nas\u0131l \u00f6denecek?&#8221; dedi.\u00a0<!--more--><\/p>\n<p style=\"text-align: justify;\">Antalya\u2019da 42 y\u0131l \u00f6nce kentin d\u0131\u015f\u0131nda kurulan genelev, Antalya Valili\u011fi Z\u00fchrevi Hastal\u0131klar Fuhu\u015fla M\u00fccadele Komisyonu\u2019nun ald\u0131\u011f\u0131 \u2019ta\u015f\u0131nma\u2019 karar\u0131n\u0131 yerine getirmedi\u011fi i\u00e7in m\u00fch\u00fcrlendi. 10 May\u0131s tarihinde toplanan komisyon genelevlerin \u00e7al\u0131\u015fma usul ve esaslar\u0131n\u0131 d\u00fczenleyen \u2019Genel Kad\u0131nlar ve Genelevlerin Tabi Olacaklar\u0131 H\u00fck\u00fcmler ve Fuhu\u015f Y\u00fcz\u00fcnden Bula\u015fan Z\u00fchrevi Hastal\u0131klarla M\u00fccadele\u2019 t\u00fcz\u00fc\u011f\u00fcn\u00fcn 47 ve 48\u2019inci maddeleri uyar\u0131nca genelevlerin resmi daire, ibadet, e\u011fitim yerleri, spor sahalar\u0131 ve genel toplanma, e\u011flence ve bayram yeri yak\u0131n\u0131nda olamayaca\u011f\u0131 belirterek, Antalya genelevinin bu \u00f6zelli\u011fini y\u0131llar i\u00e7inde kaybetti\u011fi h\u00fckm\u00fcne vard\u0131.<\/p>\n<p style=\"text-align: justify;\">\u0130l Z\u00fchrevi Hastal\u0131klar Fuhu\u015fla M\u00fccadele Komisyonu karar\u0131 do\u011frultusunda 20 Temmuz 2011 tarihinde genelevin i\u015fletmecisi olarak g\u00f6r\u00fcnen S.S\u2019ye g\u00f6nderilen yaz\u0131da 15 g\u00fcn i\u00e7inde genelevin ba\u015fka bir adrese nakli istendi. \u0130lgili yaz\u0131y\u0131 takip eden 9 A\u011fustos tarihli yine Kepez Belediyesi Zab\u0131ta M\u00fcd\u00fcrl\u00fc\u011f\u00fc\u2019n\u00fcn yaz\u0131s\u0131nda genelevinin verilen s\u00fcre i\u00e7inde ta\u015f\u0131nmad\u0131\u011f\u0131 ve bu nedenle Antalya Valili\u011fi ve \u0130l Emniyet M\u00fcd\u00fcrl\u00fc\u011f\u00fc\u2019n\u00fcn 18 Mart 2004 tarihli i\u015fyeri a\u00e7ma ve i\u015fletme izninin iptal edildi\u011fini bildirdi. Antalya Genelevi, 2 g\u00fcn izinsiz \u00e7al\u0131\u015ft\u0131ktan sonra bug\u00fcn kapat\u0131ld\u0131.<\/p>\n<p style=\"text-align: justify;\"><strong>KONTROL ED\u0130L\u0130P M\u00dcH\u00dcRLEND\u0130\u00a0<\/strong><\/p>\n<p style=\"text-align: justify;\">M\u00fch\u00fcrleme i\u00e7in Kepez Belediyesi Zab\u0131ta ekipleri 3 minib\u00fcs dolusu \u00e7evik kuvvet polisiyle bu sabah geneleve geldi. Zab\u0131ta ve polisleri genelevde erkekler kar\u015f\u0131lad\u0131. Genelevde \u00e7al\u0131\u015fan 20 kad\u0131na bug\u00fcn i\u015flerine gelmemelerini tembihlendi\u011fi belirtildi. Zab\u0131ta ekipleri genelevin bulundu\u011fu alanda iki ayr\u0131 blo\u011fu tek tek gezdi, odalar\u0131 kontrol etti ve ard\u0131ndan iki blo\u011fu da m\u00fch\u00fcrledi. Ard\u0131ndan genelevin ana giri\u015f kap\u0131s\u0131 da m\u00fch\u00fcrlenirken genelev \u00e7al\u0131\u015fanlar\u0131 hukuksuzlukla kar\u015f\u0131 kar\u015f\u0131ya olduklar\u0131n\u0131 iddia etti.<\/p>\n<p style=\"text-align: justify;\"><strong>\u2019KISA S\u00dcREDE TA\u015eINMAMIZ \u0130STEND\u0130\u2019\u00a0<\/strong><\/p>\n<p style=\"text-align: justify;\">Komisyonun ta\u015f\u0131nma karar\u0131na ra\u011fmen konuyla ilgili hi\u00e7bir kamu kurum ve kurulu\u015funun kendilerini yeni bir yer g\u00f6stermedi\u011fini belirten genelevin sorumlusu Y., &#8220;Ev sahibi bile kirac\u0131s\u0131n\u0131 15 g\u00fcnde tahliye edemiyor. Bizden bu kadar k\u0131sa bir s\u00fcrede ta\u015f\u0131nmamaz isteniyor&#8221; dedi. Mahallenin kendilerinden bir \u015fikayeti bulunmad\u0131\u011f\u0131n\u0131, etraflar\u0131n\u0131n y\u00fcksek duvarlarla \u00e7evrili oldu\u011funu ve d\u0131\u015far\u0131ya rahats\u0131zl\u0131k vermemek i\u00e7in \u00f6zel bir \u00e7aba sarf ettiklerini belirten Y., &#8220;Bizimle tek u\u011fra\u015fan mahalle muhtar\u0131d\u0131r. Kendisi bizim buradan gitmemizle olu\u015facak rant\u0131n pe\u015fine d\u00fc\u015ft\u00fc&#8221; iddias\u0131nda bulundu. Genelev sorumlusu Y. ayr\u0131ca Kepez Belediyesi\u2019nin Antalya Valili\u011fi ve \u0130l Emniyet M\u00fcd\u00fcr\u00fc taraf\u0131ndan verilen \u00e7al\u0131\u015fma iznini iptal yetkisi bulunmad\u0131\u011f\u0131n\u0131 da savundu.<\/p>\n<p style=\"text-align: justify;\"><strong>GENELEV KADINININ \u0130SYANI\u00a0<\/strong><\/p>\n<p style=\"text-align: justify;\">M\u00fch\u00fcrleme i\u015fleminin tamamlanmas\u0131ndan sonra \u00e7al\u0131\u015ft\u0131\u011f\u0131 geneleve gelen bir hayat kad\u0131n\u0131 ise y\u00fcz\u00fcn\u00fc e\u015farb\u0131yla kapatarak muhtara ate\u015f p\u00fcsk\u00fcrd\u00fc. Kendisinin banka kredisiyle ev ald\u0131\u011f\u0131 ve genelevde \u00e7al\u0131\u015fmazsa borcunun nas\u0131l \u00f6deyece\u011fini soran hayat kad\u0131n\u0131, &#8220;Muhtara etek giydirip burada \u00e7al\u0131\u015ft\u0131raca\u011f\u0131m. Benim \u00e7olu\u011fuma \u00e7ocu\u011fuma kim bakacak? Banka borcunu ben \u00e7al\u0131\u015fmazsam kim \u00f6deyecek?&#8221; diye konu\u015ftu.<\/p>\n<p style=\"text-align: justify;\"><strong>YANINA CAM\u0130 YAPTIRILMI\u015eTI<\/strong><\/p>\n<p style=\"text-align: justify;\">Antalya\u2019da gecekondu yerle\u015fiminin en yo\u011fun oldu\u011fu Varsak yolu \u00fczerinde bulunan genelevin kald\u0131r\u0131lmas\u0131 i\u00e7in mahallede uzun bir s\u00fcredir m\u00fccadele y\u00fcr\u00fct\u00fclerken, 2009\u2019da genelevin yan\u0131nda cami in\u015faat\u0131 ba\u015flat\u0131lm\u0131\u015ft\u0131. Hz. Hamza Camii\u2019nin in\u015faat\u0131 k\u0131sa s\u00fcrede bitirilip hizmete a\u00e7\u0131l\u0131rken cemaat, &#8220;Caminin yan\u0131nda genelev olmaz&#8221; diyerek genelevin kald\u0131r\u0131lmas\u0131n\u0131 istedi. K\u0131blesi geneleve d\u00f6n\u00fck camiin yapt\u0131r\u0131lmas\u0131 i\u00e7in kurulan Hz. Hamza Camii Yapt\u0131rma ve Ya\u015fatma Derne\u011fi Ba\u015fkan Yard\u0131mc\u0131s\u0131 Mikail G\u00fcney, caminin in\u015fat\u0131 s\u0131ras\u0131nda yapt\u0131\u011f\u0131 a\u00e7\u0131klamada &#8220;Yar\u0131n birilerinin ba\u015flataca\u011f\u0131 ufac\u0131k bir provokasyon \u00e7ok b\u00fcy\u00fck olaylara neden olur. O zaman biz bu insanlar\u0131n \u00f6n\u00fcne ge\u00e7emeyiz&#8221; ifadelerine yer vermi\u015fti.<\/p>\n<p style=\"text-align: justify;\"><a href=\"http:\/\/www.radikal.com.tr\/Radikal.aspx?aType=RadikalDetayV3&amp;ArticleID=1059756&amp;Date=13.08.2011&amp;CategoryID=77\" target=\"_blank\"><img loading=\"lazy\" decoding=\"async\" class=\"aligncenter size-full wp-image-38451\" title=\"\" src=\"http:\/\/www.korhanyilmaz.com\/wp-content\/uploads\/2011\/08\/60211.jpg\" alt=\"\" width=\"400\" height=\"258\" \/>Kaynak : Radikal.com.tr<\/a><\/p>\n","protected":false},"excerpt":{"rendered":"<p id=\"caption-attachment-38450\" class=\"wp-caption-text\">Bu foto\u011fraf 2009&#39;da \u00e7ekildi. Genelevin \u00e7evresinde 2 metre y\u00fcksekli\u011findeki demir paravan bulunuyor.<\/p>\n<p style=\"text-align: justify;\">Antalya&#8217;n\u0131n 42 y\u0131ll\u0131k genelevi bu sabah kapat\u0131ld\u0131. Kepez \u0130l\u00e7esi Kuzeyyaka Mahallesi Ye\u015fil\u0131rmak Caddesi \u00fczerinde 40 y\u0131ld\u0131r faaliyet g\u00f6steren genelevin kald\u0131r\u0131lmas\u0131 i\u00e7in \u00e7e\u015fitli giri\u015fimlerde bulundu.<\/p>\n<p style=\"text-align: justify;\">ANTALYA \u2013 Kentin gecekondu yerle\u015fiminin yo\u011fun oldu\u011fu Kuzeyyaka Mahallesi\u2019ne polis e\u015fli\u011finde gelen Kepez <\/p>\n","protected":false},"author":1,"featured_media":0,"comment_status":"open","ping_status":"open","sticky":false,"template":"","format":"standard","meta":{"footnotes":""},"categories":[105],"tags":[],"class_list":["post-38410","post","type-post","status-publish","format-standard","hentry","category-gundem","odd"],"_links":{"self":[{"href":"http:\/\/www.korhanyilmaz.com\/index.php?rest_route=\/wp\/v2\/posts\/38410","targetHints":{"allow":["GET"]}}],"collection":[{"href":"http:\/\/www.korhanyilmaz.com\/index.php?rest_route=\/wp\/v2\/posts"}],"about":[{"href":"http:\/\/www.korhanyilmaz.com\/index.php?rest_route=\/wp\/v2\/types\/post"}],"author":[{"embeddable":true,"href":"http:\/\/www.korhanyilmaz.com\/index.php?rest_route=\/wp\/v2\/users\/1"}],"replies":[{"embeddable":true,"href":"http:\/\/www.korhanyilmaz.com\/index.php?rest_route=%2Fwp%2Fv2%2Fcomments&post=38410"}],"version-history":[{"count":0,"href":"http:\/\/www.korhanyilmaz.com\/index.php?rest_route=\/wp\/v2\/posts\/38410\/revisions"}],"wp:attachment":[{"href":"http:\/\/www.korhanyilmaz.com\/index.php?rest_route=%2Fwp%2Fv2%2Fmedia&parent=38410"}],"wp:term":[{"taxonomy":"category","embeddable":true,"href":"http:\/\/www.korhanyilmaz.com\/index.php?rest_route=%2Fwp%2Fv2%2Fcategories&post=38410"},{"taxonomy":"post_tag","embeddable":true,"href":"http:\/\/www.korhanyilmaz.com\/index.php?rest_route=%2Fwp%2Fv2%2Ftags&post=38410"}],"curies":[{"name":"wp","href":"https:\/\/api.w.org\/{rel}","templated":true}]}}