{"id":38384,"date":"2011-08-12T22:10:32","date_gmt":"2011-08-12T19:10:32","guid":{"rendered":"http:\/\/www.korhanyilmaz.com\/?p=38384"},"modified":"2011-08-13T15:19:56","modified_gmt":"2011-08-13T12:19:56","slug":"hanefi-avci-emin-arslandan-sonra-hedef-secildim","status":"publish","type":"post","link":"http:\/\/www.korhanyilmaz.com\/?p=38384","title":{"rendered":"Hanefi Avc\u0131: Emin Arslan&#8217;dan sonra hedef se\u00e7ildim"},"content":{"rendered":"<p style=\"text-align: center;\"><a href=\"http:\/\/www.korhanyilmaz.com\/wp-content\/uploads\/2011\/08\/60191.jpg\"  class=\"lightview\"><img loading=\"lazy\" decoding=\"async\" class=\"aligncenter size-full wp-image-38445\" src=\"http:\/\/www.korhanyilmaz.com\/wp-content\/uploads\/2011\/08\/60191.jpg\" alt=\"\" width=\"315\" height=\"213\" \/><\/a><\/p>\n<p style=\"text-align: justify;\">Devrimci Karargah ter\u00f6r \u00f6rg\u00fct\u00fcne yard\u0131m etti\u011fi iddias\u0131yla tutuklu yarg\u0131lanan eski Emniyet M\u00fcd\u00fcr\u00fc Hanefi Avc\u0131, duru\u015fmada savunmas\u0131n\u0131 yapmaya ba\u015flad\u0131. Soru\u015fturman\u0131n iyi niyetli olmad\u0131\u011f\u0131na vurgu yapan Avc\u0131, &#8220;Bana kar\u015f\u0131 yap\u0131lan bir komplodur&#8221; dedi.<\/p>\n<p style=\"text-align: justify;\">&#8220;Emin Arslan&#8217;a kefilim, tahkikat\u0131 yapanlar hatal\u0131 bir \u015feyler yapm\u0131\u015ft\u0131r&#8221; \u015feklinde a\u00e7\u0131klama yapt\u0131\u011f\u0131n\u0131 hat\u0131rlatan Avc\u0131, &#8220;Bu a\u00e7\u0131klamamdan sonra hedef se\u00e7ildim. Hayat\u0131ma y\u00f6nelik bir a\u00e7\u0131\u011f\u0131m\u0131 bulmak i\u00e7in \u00e7al\u0131\u015fma ba\u015flat\u0131ld\u0131\u011f\u0131n\u0131 duydum&#8221; dedi. <!--more--><\/p>\n<p style=\"text-align: justify;\">\u0130stanbul 9. A\u011f\u0131r Ceza Mahkemesi&#8217;ndeki duru\u015fmaya aralar\u0131nda Hanefi Avc\u0131&#8217;n\u0131n da bulundu\u011fu 20 tutuklu san\u0131k ile baz\u0131 tutuksuz san\u0131klar kat\u0131ld\u0131. Milletvekilleri Ak\u0131n Birdal ve Aysel Tu\u011fluk&#8217;un da izledi\u011fi duru\u015fmada tutuklu san\u0131klar savunma yapt\u0131. Ancak s\u0131ra Hanefi Avc\u0131&#8217;ya geldi\u011finde Birdal&#8217;\u0131n salondan \u00e7\u0131kmas\u0131 dikkat \u00e7ekti.<\/p>\n<p style=\"text-align: justify;\"><strong>Deliller maddi ger\u00e7eklere ayk\u0131r\u0131<\/strong><\/p>\n<p style=\"text-align: justify;\">Davan\u0131n delillerinin 40 klas\u00f6r oldu\u011funu ancak bunlardan 7&#8217;sinin kendisine ait oldu\u011funu belirten Avc\u0131, davay\u0131 karma\u015f\u0131kla\u015ft\u0131rmak i\u00e7in ayn\u0131 belgelerin bir\u00e7ok yere kondu\u011funu savundu. \u0130ddianamedeki delillerin bir k\u0131sm\u0131n\u0131n maddi ger\u00e7eklere ayk\u0131r\u0131 oldu\u011funu savunan Avc\u0131, &#8220;Bunu da dikkatli bakt\u0131\u011f\u0131n\u0131zda g\u00f6r\u00fcrs\u00fcn\u00fcz. \u00d6rne\u011fin, arama karar\u0131 sadece evimde ge\u00e7erliydi. Ama benim eski makam\u0131m da dahil olmak \u00fczere bir\u00e7ok yerde bu kararla arama yap\u0131lm\u0131\u015ft\u0131r&#8221; dedi.<\/p>\n<p style=\"text-align: justify;\"><strong>Hayat\u0131m ter\u00f6rle m\u00fccadele ile ge\u00e7ti<\/strong><\/p>\n<p style=\"text-align: justify;\">&#8220;Hayat\u0131m ter\u00f6rle m\u00fccadele ile ge\u00e7ti&#8221; diyen Avc\u0131, &#8220;Beni tan\u0131yan herkese sorsan\u0131z, \u2018\u00f6rg\u00fctle alakas\u0131 olacak son insan Hanefi Avc\u0131&#8217;d\u0131r. Hayat\u0131n\u0131 ter\u00f6rle m\u00fccadele ile ge\u00e7irmi\u015f bir ki\u015fi&#8217; derler. Avc\u0131, &#8220;San\u0131klardan Necdet K\u0131l\u0131\u00e7&#8217;\u0131 ben Mersi&#8217;ndeki komiserken tan\u0131d\u0131m. Orada liseli bir gen\u00e7ken g\u00f6zalt\u0131na al\u0131nm\u0131\u015ft\u0131 ve ben sorgusunu yapm\u0131\u015ft\u0131m&#8221; diye konu\u015ftu. Daha sonra Necdet K\u0131l\u0131\u00e7&#8217;la dost oldu\u011funu kaydeden Avc\u0131, &#8220;Ben milliyet\u00e7i sa\u011fc\u0131y\u0131m, o solcudur. Ama g\u00f6r\u00fc\u015f\u00fcyorduk. \u00c7\u00fcnk\u00fc ikimizde demokrat\u0131z. Bu nedenle bu dostlu\u011fa \u00f6zel \u00f6nem veriyordum&#8221; dedi.<\/p>\n<p style=\"text-align: justify;\"><strong>Avc\u0131: Emin Arslan&#8217;dan sonra hedef se\u00e7ildim<\/strong><\/p>\n<p style=\"text-align: justify;\">Duru\u015fmay\u0131 izleyen eski Emniyet M\u00fcd\u00fcr Yard\u0131mc\u0131s\u0131 Emin Arslan&#8217;la ilgili uyu\u015fturucu su\u00e7undan operasyon olunca, &#8220;Ben ona kefilim, tahkikat\u0131 yapanlar hatal\u0131 bir \u015feyler yapm\u0131\u015ft\u0131r&#8221; \u015feklinde a\u00e7\u0131klama yapt\u0131\u011f\u0131n\u0131 hat\u0131rlatan Avc\u0131, &#8220;Bu a\u00e7\u0131klamamdan sonra hedef se\u00e7ildim. Hayat\u0131ma y\u00f6nelik bir a\u00e7\u0131\u011f\u0131m\u0131 bulmak i\u00e7in \u00e7al\u0131\u015fma ba\u015flat\u0131ld\u0131\u011f\u0131n\u0131 duydum&#8221; dedi.<\/p>\n<p style=\"text-align: justify;\">&#8220;Benim \u015fikayet\u00e7i oldu\u011fum ki\u015fi benim hakk\u0131mda istihbarat raporu haz\u0131rl\u0131yor&#8221; diyen Avc\u0131 \u015f\u00f6yle devam etti:<\/p>\n<p style=\"text-align: justify;\">&#8220;Benim \u00f6rg\u00fct \u00fcyeleriyle irtibatl\u0131 oldu\u011fum y\u00f6n\u00fcnde bir rapor haz\u0131rlad\u0131. Daha sonra savc\u0131l\u0131k da bu raporu dikkate al\u0131p dinleme karar\u0131 veriyor. Soru\u015fturman\u0131n iyi niyetli olmad\u0131\u011f\u0131na vurgu yapan Avc\u0131, &#8220;Bana kar\u015f\u0131 yap\u0131lan bir komplodur. Sadece beni de\u011fil, bir\u00e7ok insan\u0131 hukuksuz dinliyorlar.&#8221;<\/p>\n<p style=\"text-align: justify;\"><a href=\"http:\/\/www.cnnturk.com\/2011\/turkiye\/08\/12\/hanefi.avci.emin.arslandan.sonra.hedef.secildim\/625972.0\/index.html\" target=\"_blank\">Kaynak : CNN T\u00dcRK<\/a><\/p>\n","protected":false},"excerpt":{"rendered":"<p style=\"text-align: center;\">\n<p style=\"text-align: justify;\">Devrimci Karargah ter\u00f6r \u00f6rg\u00fct\u00fcne yard\u0131m etti\u011fi iddias\u0131yla tutuklu yarg\u0131lanan eski Emniyet M\u00fcd\u00fcr\u00fc Hanefi Avc\u0131, duru\u015fmada savunmas\u0131n\u0131 yapmaya ba\u015flad\u0131. Soru\u015fturman\u0131n iyi niyetli olmad\u0131\u011f\u0131na vurgu yapan Avc\u0131, &#8220;Bana kar\u015f\u0131 yap\u0131lan bir komplodur&#8221; dedi.<\/p>\n<p style=\"text-align: justify;\">&#8220;Emin Arslan&#8217;a kefilim, tahkikat\u0131 yapanlar hatal\u0131 bir \u015feyler yapm\u0131\u015ft\u0131r&#8221; \u015feklinde a\u00e7\u0131klama yapt\u0131\u011f\u0131n\u0131 hat\u0131rlatan Avc\u0131, &#8220;Bu a\u00e7\u0131klamamdan sonra <\/p>\n","protected":false},"author":1,"featured_media":0,"comment_status":"open","ping_status":"open","sticky":false,"template":"","format":"standard","meta":{"footnotes":""},"categories":[105],"tags":[],"class_list":["post-38384","post","type-post","status-publish","format-standard","hentry","category-gundem","odd"],"_links":{"self":[{"href":"http:\/\/www.korhanyilmaz.com\/index.php?rest_route=\/wp\/v2\/posts\/38384","targetHints":{"allow":["GET"]}}],"collection":[{"href":"http:\/\/www.korhanyilmaz.com\/index.php?rest_route=\/wp\/v2\/posts"}],"about":[{"href":"http:\/\/www.korhanyilmaz.com\/index.php?rest_route=\/wp\/v2\/types\/post"}],"author":[{"embeddable":true,"href":"http:\/\/www.korhanyilmaz.com\/index.php?rest_route=\/wp\/v2\/users\/1"}],"replies":[{"embeddable":true,"href":"http:\/\/www.korhanyilmaz.com\/index.php?rest_route=%2Fwp%2Fv2%2Fcomments&post=38384"}],"version-history":[{"count":0,"href":"http:\/\/www.korhanyilmaz.com\/index.php?rest_route=\/wp\/v2\/posts\/38384\/revisions"}],"wp:attachment":[{"href":"http:\/\/www.korhanyilmaz.com\/index.php?rest_route=%2Fwp%2Fv2%2Fmedia&parent=38384"}],"wp:term":[{"taxonomy":"category","embeddable":true,"href":"http:\/\/www.korhanyilmaz.com\/index.php?rest_route=%2Fwp%2Fv2%2Fcategories&post=38384"},{"taxonomy":"post_tag","embeddable":true,"href":"http:\/\/www.korhanyilmaz.com\/index.php?rest_route=%2Fwp%2Fv2%2Ftags&post=38384"}],"curies":[{"name":"wp","href":"https:\/\/api.w.org\/{rel}","templated":true}]}}