{"id":38300,"date":"2011-08-12T12:29:25","date_gmt":"2011-08-12T09:29:25","guid":{"rendered":"http:\/\/www.korhanyilmaz.com\/?p=38300"},"modified":"2011-08-13T15:24:51","modified_gmt":"2011-08-13T12:24:51","slug":"chpde-buyuk-operasyon","status":"publish","type":"post","link":"http:\/\/www.korhanyilmaz.com\/?p=38300","title":{"rendered":"CHP&#8217;de b\u00fcy\u00fck operasyon"},"content":{"rendered":"<p style=\"text-align: center;\"><a href=\"http:\/\/www.korhanyilmaz.com\/wp-content\/uploads\/2011\/08\/60181.jpg\"  class=\"lightview\"><img loading=\"lazy\" decoding=\"async\" class=\"aligncenter size-full wp-image-38453\" src=\"http:\/\/www.korhanyilmaz.com\/wp-content\/uploads\/2011\/08\/60181.jpg\" alt=\"\" width=\"344\" height=\"266\" \/><\/a><\/p>\n<p style=\"text-align: justify;\">CHP Genel Ba\u015fkan\u0131 Kemal K\u0131l\u0131\u00e7daro\u011flu, parti y\u00f6netiminde b\u00fcy\u00fck operasyona haz\u0131rlan\u0131yor.<\/p>\n<p style=\"text-align: justify;\">K\u0131l\u0131\u00e7daro\u011flu&#8217;nun 17 ki\u015filik MYK&#8217;daki 10 ismi de\u011fi\u015ftirmesi bekleniyor. Say\u0131n\u0131n 12&#8217;ye de \u00e7\u0131kabilece\u011fi, MYK&#8217;da kalacak baz\u0131 isimlerin de g\u00f6revlerinin de\u011fi\u015ftirilebiliece\u011fi belirtiliyor.<\/p>\n<p style=\"text-align: justify;\">Vatan gazetesinin haberine g\u00f6re muhaliflerin hedefindeki bir numaral\u0131 isim olan Genel Ba\u015fkan Yard\u0131mc\u0131s\u0131 G\u00fcrsel Tekin&#8217;in g\u00f6revinde kalmas\u0131 beklenirken, kulislerde &#8220;K\u0131l\u0131\u00e7daro\u011flu, G\u00fcrsel Tekin ile en az\u0131ndan t\u00fcz\u00fck kurultay\u0131na kadar devam edecek&#8221; yorumlar\u0131 yap\u0131l\u0131yor.\u00a0<!--more--><\/p>\n<p style=\"text-align: justify;\"><strong>\u00c7ar\u015famba g\u00fcn\u00fc yeni \u00fcyelerle MYK\u00a0<\/strong><\/p>\n<p style=\"text-align: justify;\">K\u0131l\u0131\u00e7daro\u011flu se\u00e7im sonras\u0131na b\u0131rakt\u0131\u011f\u0131 MYK revizyonunu hafta ba\u015f\u0131nda ger\u00e7ekle\u015ftirecek. \u00c7ar\u015famba g\u00fcn\u00fc MYK toplant\u0131s\u0131 da yeni \u00fcyelerle yap\u0131lacak. 2010 May\u0131s&#8217;\u0131nda Genel Ba\u015fkan se\u00e7ilen K\u0131l\u0131\u00e7daro\u011flu, 4. ekibini kurmu\u015f olacak.<\/p>\n<p style=\"text-align: justify;\"><strong>Kimler koltu\u011funu koruyacak?\u00a0<\/strong><\/p>\n<p style=\"text-align: justify;\">K\u0131l\u0131\u00e7daro\u011flu yeni ekibini belirlerken, milletvekili olmayan Parti Meclis&#8217;i \u00fcyelerine a\u011f\u0131rl\u0131k verdi. Milletvekillerinden de Meclis&#8217;te daha etkin \u00e7al\u0131\u015fma isteyece\u011fi ifade edildi. Kulislere s\u0131zan bilgilere g\u00f6re, mevcut MYK&#8217;da yerini korumas\u0131na kesin g\u00f6z\u00fcyle bak\u0131lan isimler \u015f\u00f6yle: G\u00fcrsel Tekin, Faik \u00d6ztrak, Sencer Ayata, Erdo\u011fan Toprak, G\u00fcls\u00fcn Bilgehan.<\/p>\n<p style=\"text-align: justify;\"><strong>Gidecek isimler kimler olacak?\u00a0<\/strong><\/p>\n<p style=\"text-align: justify;\">Kulislerde MYK \u00fcyeli\u011fini kaybetme olas\u0131l\u0131\u011f\u0131 y\u00fcksek g\u00f6r\u00fclen isimler de \u015f\u00f6yle s\u0131ralan\u0131yor: Sezgin Tanr\u0131kulu, Engin Altay, Hur\u015fit G\u00fcne\u015f, umut Oran, S\u00fcheyl Batum, Sena Kaleli, \u0130zzet \u00c7etin, Alaattin Y\u00fcksel.<\/p>\n<p style=\"text-align: justify;\">Ayr\u0131ca K\u0131l\u0131\u00e7daro\u011flu&#8217;nun Genel Sekreter Bihlun Tamayl\u0131gil&#8217;i de\u011fi\u015ftirmeyi planlad\u0131\u011f\u0131 yerine de Nihad Matkap&#8217;\u0131n Genel Sekreterlik g\u00f6revini \u00fcstlenece\u011fi \u00f6\u011frenildi. CHP kulislerine g\u00f6re MYK&#8217;ya girmesine kesin g\u00f6z\u00fcyle bak\u0131lan isimler de \u015f\u00f6yle: Ercan Karaka\u015f, Nihad Matkap, Ferit Mevl\u00fct Aslano\u011flu, B\u00fclent Ku\u015fo\u011flu, Perihan Sar\u0131, Levent Eyipi\u015firen, G\u00fclseren Onan\u00e7.<\/p>\n<p style=\"text-align: justify;\"><strong>G\u00fcrsel Tekin ile yola devam\u00a0<\/strong><\/p>\n<p style=\"text-align: justify;\">Kulislerde, muhaliflerin hedefindeki G\u00fcrsel Tekin&#8217;in g\u00f6rev yerinin de\u011fi\u015febilece\u011fi iddialar\u0131 dillendiriliyor, ancak K\u0131l\u0131\u00e7daro\u011flu&#8217;nun, Tekin&#8217;in baz\u0131 a\u00e7\u0131klamalar\u0131n\u0131 ele\u015ftirse de, onunla \u00e7al\u0131\u015fmaktan memnun oldu\u011fu ifade ediliyor. K\u0131l\u0131\u00e7dao\u011flu&#8217;nun en az\u0131ndan t\u00fcz\u00fck kurultay\u0131na kadar \u00f6rg\u00fctlerden sorumlu genel ba\u015fkan yard\u0131mc\u0131s\u0131 olarak devam etmesinden yana oldu\u011fu belirtiliyor.<\/p>\n<p style=\"text-align: justify;\"><strong>\u00dc\u00e7 kez de\u011fi\u015ftirmi\u015fti\u00a0<\/strong><\/p>\n<p style=\"text-align: justify;\">May\u0131s 2010&#8217;da ilk MYK&#8217;s\u0131n\u0131, de\u011fi\u015fen t\u00fcz\u00fc\u011f\u00fcn y\u00fcr\u00fcrl\u00fckte oldu\u011funa ili\u015fkin Yarg\u0131tay Cumhuriyet Ba\u015fsavc\u0131l\u0131\u011f\u0131&#8217;n\u0131n karar\u0131 nedeniyle 3 Kas\u0131m 2010&#8217;da ikinci ve 18 Aral\u0131k 2010&#8217;daki ola\u011fan\u00fcst\u00fc kurultay\u0131nda \u00fc\u00e7\u00fcnc\u00fc kez ekibini kuran K\u0131l\u0131\u00e7daro\u011flu, yapaca\u011f\u0131 yenilik ile 4. ekibini kurmu\u015f olacak. \u0130l \u00f6rg\u00fctlerinin de il kurultaylar\u0131 ve atamalar yoluyla 3-4 ayl\u0131k s\u00fcre\u00e7te tamamen revize edilece\u011fi ve &#8220;Yeni&#8221; CHP&#8217;nin tamamen yenilenmi\u015f, Meclis, parti ve te\u015fkilat yap\u0131s\u0131yla yeni d\u00f6nemde \u00e7al\u0131\u015faca\u011f\u0131 ifade edildi.<\/p>\n<p style=\"text-align: justify;\"><strong>&#8220;Odalar\u0131 toplayal\u0131m bari&#8221;\u00a0<\/strong><\/p>\n<p style=\"text-align: justify;\">Baz\u0131 MYK \u00fcyelerinin K\u0131l\u0131\u00e7daro\u011flu&#8217;na, &#8220;Ben dahi de\u011fi\u015ftirilsem MYK de\u011fi\u015fmeli. Yeni MYK ile devam etmelisiniz&#8221; dedi\u011fi \u00f6\u011frenildi. K\u0131l\u0131\u00e7daro\u011flu&#8217;nun \u00f6nceki g\u00fcnk\u00fc MYK toplant\u0131s\u0131 biterken, &#8220;MYK&#8217;da bir de\u011fi\u015fim gerekiyor, bunu ger\u00e7ekle\u015ftirece\u011fim&#8221; demesi ise &#8220;de\u011fi\u015fim&#8221;in i\u015fareti olarak alg\u0131lanm\u0131\u015ft\u0131. MYK&#8217;n\u0131n bitiminin ard\u0131ndan K\u0131l\u0131\u00e7daro\u011flu toplant\u0131 salonundan ayr\u0131ld\u0131ktan sonra, Engin Altay&#8217;\u0131n &#8220;Arkada\u015flar odalar\u0131 toplayal\u0131m bari&#8230;&#8221; diyerek espri yapt\u0131\u011f\u0131 kaydedildi.<\/p>\n<p style=\"text-align: justify;\"><strong>Meclis&#8217;te kim g\u00f6revli?\u00a0<\/strong><\/p>\n<p style=\"text-align: justify;\">Kulislerde, 17 olan MYK \u00fcye say\u0131s\u0131n\u0131n 14&#8217;e d\u00fc\u015f\u00fcr\u00fclebilece\u011fi konu\u015fulurken, TBMM komisyonlar\u0131nda g\u00f6revlendirilen \u00fcyelerin MYK d\u0131\u015f\u0131nda kalabilece\u011fi ifade ediliyor.<\/p>\n<p style=\"text-align: justify;\">Komisyonlarda g\u00f6revlendirilen MYK \u00fcyeleri \u015f\u00f6yle:<\/p>\n<p style=\"text-align: justify;\">S\u00fcheyl Batum (Anayasa Komisyonu)<\/p>\n<p style=\"text-align: justify;\">Osman Korut\u00fcrk (D\u0131\u015fi\u015fleri Komisyonu)<\/p>\n<p style=\"text-align: justify;\">Sezgin Tanr\u0131kulu (\u0130nsan Haklar\u0131n\u0131 \u0130nceleme Komisyonu)<\/p>\n<p style=\"text-align: justify;\">Umut Oran (AB Uyum Komisyonu ve T\u00fcrkiye-AB Karma Parlamento Komisyonu)<\/p>\n<p style=\"text-align: justify;\">G\u00fcls\u00fcn Bilgehan (AKPM)<\/p>\n<p style=\"text-align: justify;\">Emrehan Hal\u0131c\u0131 (NATOPA T\u00fcrk Grubu)<\/p>\n<p style=\"text-align: justify;\">Faik \u00d6ztrak (NATOPA T\u00fcrk Grubu as\u0131l \u00fcyesi)<\/p>\n<p style=\"text-align: justify;\">Hur\u015fit G\u00fcne\u015f (Parlamentolararas\u0131 Birlik)<\/p>\n<p style=\"text-align: justify;\">S\u00fcleyman Sencer Ayata (Asya Parlamenter Asamblesi).<\/p>\n<p style=\"text-align: justify;\"><strong>Genel Sekreteri olacak\u00a0<\/strong><\/p>\n<p style=\"text-align: justify;\">K\u0131l\u0131\u00e7daro\u011flu&#8217;nun SSK Genel M\u00fcd\u00fcrl\u00fc\u011f\u00fc d\u00f6neminde \u00c7al\u0131\u015fma Bakan\u0131 olan Nihad Matkap, yeni parti y\u00f6netiminde yer alacak. \u015eimdi Matkap&#8217;\u0131n Genel Sekreter olamas\u0131 bekleniyor.<\/p>\n<p style=\"text-align: justify;\"><a href=\"http:\/\/www.cnnturk.com\/2011\/yazarlar\/08\/12\/chpde.buyuk.operasyon\/625891.0\/index.html\" target=\"_blank\">Kaynak : CNN T\u00dcRK<\/a><\/p>\n","protected":false},"excerpt":{"rendered":"<p style=\"text-align: center;\">\n<p style=\"text-align: justify;\">CHP Genel Ba\u015fkan\u0131 Kemal K\u0131l\u0131\u00e7daro\u011flu, parti y\u00f6netiminde b\u00fcy\u00fck operasyona haz\u0131rlan\u0131yor.<\/p>\n<p style=\"text-align: justify;\">K\u0131l\u0131\u00e7daro\u011flu&#8217;nun 17 ki\u015filik MYK&#8217;daki 10 ismi de\u011fi\u015ftirmesi bekleniyor. Say\u0131n\u0131n 12&#8217;ye de \u00e7\u0131kabilece\u011fi, MYK&#8217;da kalacak baz\u0131 isimlerin de g\u00f6revlerinin de\u011fi\u015ftirilebiliece\u011fi belirtiliyor.<\/p>\n<p style=\"text-align: justify;\">Vatan gazetesinin haberine g\u00f6re muhaliflerin hedefindeki bir numaral\u0131 isim olan Genel Ba\u015fkan Yard\u0131mc\u0131s\u0131 G\u00fcrsel Tekin&#8217;in g\u00f6revinde <\/p>\n","protected":false},"author":1,"featured_media":0,"comment_status":"open","ping_status":"open","sticky":false,"template":"","format":"standard","meta":{"footnotes":""},"categories":[105],"tags":[],"class_list":["post-38300","post","type-post","status-publish","format-standard","hentry","category-gundem","odd"],"_links":{"self":[{"href":"http:\/\/www.korhanyilmaz.com\/index.php?rest_route=\/wp\/v2\/posts\/38300","targetHints":{"allow":["GET"]}}],"collection":[{"href":"http:\/\/www.korhanyilmaz.com\/index.php?rest_route=\/wp\/v2\/posts"}],"about":[{"href":"http:\/\/www.korhanyilmaz.com\/index.php?rest_route=\/wp\/v2\/types\/post"}],"author":[{"embeddable":true,"href":"http:\/\/www.korhanyilmaz.com\/index.php?rest_route=\/wp\/v2\/users\/1"}],"replies":[{"embeddable":true,"href":"http:\/\/www.korhanyilmaz.com\/index.php?rest_route=%2Fwp%2Fv2%2Fcomments&post=38300"}],"version-history":[{"count":0,"href":"http:\/\/www.korhanyilmaz.com\/index.php?rest_route=\/wp\/v2\/posts\/38300\/revisions"}],"wp:attachment":[{"href":"http:\/\/www.korhanyilmaz.com\/index.php?rest_route=%2Fwp%2Fv2%2Fmedia&parent=38300"}],"wp:term":[{"taxonomy":"category","embeddable":true,"href":"http:\/\/www.korhanyilmaz.com\/index.php?rest_route=%2Fwp%2Fv2%2Fcategories&post=38300"},{"taxonomy":"post_tag","embeddable":true,"href":"http:\/\/www.korhanyilmaz.com\/index.php?rest_route=%2Fwp%2Fv2%2Ftags&post=38300"}],"curies":[{"name":"wp","href":"https:\/\/api.w.org\/{rel}","templated":true}]}}