{"id":3828,"date":"2009-02-27T11:55:02","date_gmt":"2009-02-27T09:55:02","guid":{"rendered":"http:\/\/www.korhanyilmaz.com\/?p=3828"},"modified":"2015-09-05T00:59:17","modified_gmt":"2015-09-04T21:59:17","slug":"28-subatcilar-tehdit-etmis-refah-yola-destegini-cekmezsen-basina-is-acilir","status":"publish","type":"post","link":"http:\/\/www.korhanyilmaz.com\/?p=3828","title":{"rendered":"28 \u015eubat\u00e7\u0131lar tehdit etmi\u015f: Refah-Yol&#8217;a deste\u011fini \u00e7ekmezsen, ba\u015f\u0131na i\u015f a\u00e7\u0131l\u0131r"},"content":{"rendered":"<p><img loading=\"lazy\" decoding=\"async\" class=\"aligncenter size-full wp-image-3829\" title=\"BBP lideri Muhsin Yaz\u0131c\u0131o\u011flu\" src=\"http:\/\/www.korhanyilmaz.com\/wp-content\/uploads\/2009\/02\/ym_yazicioglu2_k.jpg\" alt=\"BBP lideri Muhsin Yaz\u0131c\u0131o\u011flu\" width=\"365\" height=\"235\" \/><\/p>\n<p style=\"text-align: justify;\"><strong>T\u00fcrk siyaset tarihine &#8216;postmodern darbe&#8217; olarak ge\u00e7en 28 \u015eubat s\u00fcreci \u00fczerindeki sis perdesi her ge\u00e7en g\u00fcn biraz daha aralan\u0131yor. \u0130ktidardaki Refah Partisi-DYP koalisyon h\u00fck\u00fcmetini (Refah-Yol) d\u00fc\u015f\u00fcrmek i\u00e7in her yola ba\u015fvuran 28 \u015eubat\u00e7\u0131lar\u0131n, 7 milletvekiliyle demokrasinin yan\u0131nda yer alan BBP lideri Muhsin Yaz\u0131c\u0131o\u011flu&#8217;nu tehdit ettikleri ortaya \u00e7\u0131kt\u0131.<\/strong><\/p>\n<p style=\"text-align: justify;\">S\u00fcrecin en hararetli noktas\u0131nda Yaz\u0131c\u0131o\u011flu&#8217;nun Meclis&#8217;teki odas\u0131na gelen iki sivil, mesaj getirdiklerini belirterek, &#8220;H\u00fck\u00fcmetten deste\u011fini \u00e7ekmezsen, ba\u015f\u0131na i\u015f a\u00e7\u0131l\u0131r.&#8221; diyor. BBP liderinin buna cevab\u0131 sert olur: &#8220;Demokrasinin yan\u0131nday\u0131z. Bana tehdit s\u00f6kmez. Bizim Allah&#8217;tan ba\u015fka kimseden korkumuz yok.&#8221; \u0130lgin\u00e7 olay\u0131 ilk kez Zaman&#8217;a anlatan BBP lideri Yaz\u0131c\u0131o\u011flu, kendisine gelen ki\u015filere milli iradeyi temsil ettiklerini ve ne olursa olsun demokrasinin arkas\u0131nda duracaklar\u0131n\u0131 s\u00f6yledi\u011fini kaydediyor.<!--more--><\/p>\n<p style=\"text-align: justify;\">Meclis&#8217;teki hadiseye BBP Genel Ba\u015fkan Yard\u0131mc\u0131s\u0131 Hakk\u0131 \u00d6znur da \u015fahitlik etmi\u015f. O d\u00f6nem partinin Genel \u0130dare Kurulu \u00fcyesi olan \u00d6znur, Yaz\u0131c\u0131o\u011flu&#8217;nun &#8220;haval\u0131&#8221; bir \u015fekilde Meclis&#8217;e gelen iki ki\u015fiyi ya\u015fananlar\u0131n ard\u0131ndan odas\u0131ndan kovdu\u011funu anlat\u0131yor. Bir tek milletvekili i\u00e7in bile transfer borsalar\u0131n\u0131n kuruldu\u011funu kaydeden \u00d6znur, 7 milletvekiliyle BBP&#8217;nin kilit konuma geldi\u011finin alt\u0131n\u0131 \u00e7iziyor. \u00d6znur, &#8220;Bu y\u00fczden \u00e7ok a\u011f\u0131r bask\u0131lara ve sald\u0131r\u0131lara maruz kald\u0131k, ama duru\u015fumuzu bozmad\u0131k. \u00dclkeyi karanl\u0131\u011fa s\u00fcr\u00fcklemek isteyen mihraklara demokrasi dersi verdik.&#8221; ifadelerini kullan\u0131yor.<\/p>\n<p style=\"text-align: justify;\">Hakk\u0131 \u00d6znur, ordu i\u00e7inde h\u00fck\u00fcmeti devirmek i\u00e7in kurulan cuntan\u0131n, &#8216;tekelci sermaye&#8217; ve medyadan b\u00fcy\u00fck destek ald\u0131\u011f\u0131n\u0131 vurguluyor. \u00d6znur, &#8220;Medya patronlar\u0131, en \u00f6nemli temsilcilerini bize yollad\u0131lar. Erbakan-\u00c7iller koalisyonuna kar\u015f\u0131 \u00e7\u0131karsak, gazete ve televizyonlar\u0131n\u0131n kap\u0131lar\u0131n\u0131 ard\u0131na kadar a\u00e7acaklar\u0131n\u0131 s\u00f6ylediler.&#8221; diyor. M\u00fcdahalenin t\u00fcm orduya mal edilmesinin yanl\u0131\u015f oldu\u011funu ifade eden \u00d6znur, TSK i\u00e7inde ya\u015fananlar\u0131 do\u011fru tahlil edenlerin de bulundu\u011funa dikkat \u00e7ekiyor. \u00d6znur, Yaz\u0131c\u0131o\u011flu&#8217;nun o d\u00f6nemde yapt\u0131\u011f\u0131 &#8220;T\u00fcrkiye \u0130ran olmaz, Cezayir olmayacakt\u0131r. Suriye rejimi hi\u00e7bir zaman olmayacakt\u0131r.&#8221; \u00e7\u0131k\u0131\u015f\u0131n\u0131n ordu i\u00e7indeki bu kesim taraf\u0131ndan memnuniyetle kar\u015f\u0131land\u0131\u011f\u0131n\u0131 dile getiriyor.<\/p>\n<p style=\"text-align: justify;\">28 \u015eubat s\u00fcrecinin akt\u00f6rlerini tahlil eden \u00d6znur, \u015fu tespitleri yap\u0131yor: &#8220;12 Mart 1971 muht\u0131ras\u0131n\u0131n ard\u0131ndan tasfiye edilen solcu 9 Mart cuntas\u0131n\u0131n kal\u0131nt\u0131lar\u0131 28 \u015eubat&#8217;ta kar\u015f\u0131m\u0131za \u00e7\u0131kt\u0131. Medyayla, b\u00fcy\u00fck sermayeyle i\u015fbirli\u011fi yapt\u0131lar. Bug\u00fcn Enc\u00fcmen-i Dani\u015f diye konu\u015ftu\u011fumuz grup da, bu antidemokratik m\u00fcdahaleyi y\u00f6netenlerin aras\u0131ndayd\u0131. O d\u00f6nemde asl\u0131nda do\u011frudan darbe planlar\u0131 yap\u0131l\u0131yordu. Fakat art\u0131k herkesin T\u00fcrkiye&#8217;de darbeler d\u00f6neminin kapand\u0131\u011f\u0131n\u0131 anlamas\u0131 gerekiyor.&#8221;<\/p>\n<p style=\"text-align: justify;\"><span style=\"color: #888888;\">Kaynak : Emre Soncan \/ Zaman Gazetesi<\/span><\/p>\n<p style=\"text-align: justify;\">\u00a0<\/p>\n","protected":false},"excerpt":{"rendered":"<\/p>\n<p style=\"text-align: justify;\">T\u00fcrk siyaset tarihine &#8216;postmodern darbe&#8217; olarak ge\u00e7en 28 \u015eubat s\u00fcreci \u00fczerindeki sis perdesi her ge\u00e7en g\u00fcn biraz daha aralan\u0131yor. \u0130ktidardaki Refah Partisi-DYP koalisyon h\u00fck\u00fcmetini (Refah-Yol) d\u00fc\u015f\u00fcrmek i\u00e7in her yola ba\u015fvuran 28 \u015eubat\u00e7\u0131lar\u0131n, 7 milletvekiliyle demokrasinin yan\u0131nda yer alan BBP lideri Muhsin Yaz\u0131c\u0131o\u011flu&#8217;nu tehdit ettikleri ortaya \u00e7\u0131kt\u0131.<\/p>\n<p style=\"text-align: justify;\">S\u00fcrecin en hararetli noktas\u0131nda <\/p>\n","protected":false},"author":1,"featured_media":0,"comment_status":"open","ping_status":"closed","sticky":false,"template":"","format":"standard","meta":{"footnotes":""},"categories":[105],"tags":[1651,302,104,1650],"class_list":["post-3828","post","type-post","status-publish","format-standard","hentry","category-gundem","tag-dyp","tag-hakki-oznur","tag-muhsin-yazicioglu","tag-refah-partisi","odd"],"_links":{"self":[{"href":"http:\/\/www.korhanyilmaz.com\/index.php?rest_route=\/wp\/v2\/posts\/3828","targetHints":{"allow":["GET"]}}],"collection":[{"href":"http:\/\/www.korhanyilmaz.com\/index.php?rest_route=\/wp\/v2\/posts"}],"about":[{"href":"http:\/\/www.korhanyilmaz.com\/index.php?rest_route=\/wp\/v2\/types\/post"}],"author":[{"embeddable":true,"href":"http:\/\/www.korhanyilmaz.com\/index.php?rest_route=\/wp\/v2\/users\/1"}],"replies":[{"embeddable":true,"href":"http:\/\/www.korhanyilmaz.com\/index.php?rest_route=%2Fwp%2Fv2%2Fcomments&post=3828"}],"version-history":[{"count":0,"href":"http:\/\/www.korhanyilmaz.com\/index.php?rest_route=\/wp\/v2\/posts\/3828\/revisions"}],"wp:attachment":[{"href":"http:\/\/www.korhanyilmaz.com\/index.php?rest_route=%2Fwp%2Fv2%2Fmedia&parent=3828"}],"wp:term":[{"taxonomy":"category","embeddable":true,"href":"http:\/\/www.korhanyilmaz.com\/index.php?rest_route=%2Fwp%2Fv2%2Fcategories&post=3828"},{"taxonomy":"post_tag","embeddable":true,"href":"http:\/\/www.korhanyilmaz.com\/index.php?rest_route=%2Fwp%2Fv2%2Ftags&post=3828"}],"curies":[{"name":"wp","href":"https:\/\/api.w.org\/{rel}","templated":true}]}}