{"id":38263,"date":"2011-08-11T11:48:39","date_gmt":"2011-08-11T08:48:39","guid":{"rendered":"http:\/\/www.korhanyilmaz.com\/?p=38263"},"modified":"2011-08-12T02:36:51","modified_gmt":"2011-08-11T23:36:51","slug":"5-eski-ozel-harekatci-tutuklandi","status":"publish","type":"post","link":"http:\/\/www.korhanyilmaz.com\/?p=38263","title":{"rendered":"5 eski \u00f6zel harekat\u00e7\u0131 tutukland\u0131"},"content":{"rendered":"<p style=\"text-align: center;\"><a href=\"http:\/\/www.korhanyilmaz.com\/wp-content\/uploads\/2011\/08\/6011.jpg\"  class=\"lightview\"><img loading=\"lazy\" decoding=\"async\" class=\"aligncenter size-full wp-image-38264\" src=\"http:\/\/www.korhanyilmaz.com\/wp-content\/uploads\/2011\/08\/6011.jpg\" alt=\"\" width=\"396\" height=\"180\" \/><\/a><\/p>\n<p style=\"text-align: justify;\">Faili me\u00e7hul cinayetler kapsam\u0131nda g\u00f6zalt\u0131na al\u0131nan 5 \u00f6zel harekat\u00e7\u0131 mahkeme taraf\u0131ndan tutukland\u0131.<\/p>\n<p style=\"text-align: justify;\">ANKARA &#8211; Susurluk h\u00fck\u00fcml\u00fcs\u00fc eski \u00f6zel harekat polisi Ayhan \u00c7ark\u0131n&#8217;\u0131n ge\u00e7ti\u011fimiz Haziran ay\u0131nda verdi\u011fi ifadeler do\u011frultusunda 1994&#8217;te i\u015flenen 4 faili me\u00e7hul cinayetin sorumlusu oldu\u011fu iddia edilen 5 \u00f6zel harekat polisi yap\u0131lan operasyonlarla g\u00f6zalt\u0131na al\u0131nm\u0131\u015ft\u0131.\u00a0<!--more--><\/p>\n<p style=\"text-align: justify;\">5 \u00f6zel harekat\u00e7\u0131; Ayhan A, U\u011fur \u015e, Seyfettin L, Ayhan \u00d6 ve Enver U soru\u015fturmay\u0131 y\u00fcr\u00fcten \u00f6zel yetkili savc\u0131lar taraf\u0131ndan sorguya al\u0131nd\u0131.<\/p>\n<p style=\"text-align: justify;\">Yap\u0131lan sorgulaman\u0131n ard\u0131ndan \u015fah\u0131slar, tutuklanmalar\u0131 talebiyle n\u00f6bet\u00e7i a\u011f\u0131r ceza mahkemesine sevk edildiler. \u015eah\u0131slar 1994&#8217;te i\u015flenen Sa\u011fl\u0131k Bakanl\u0131\u011f\u0131 m\u00fcfetti\u015fi Nam\u0131k Erdo\u011fan, Alt\u0131nda\u011f N\u00fcfus M\u00fcd\u00fcr\u00fc Necip Bask\u0131n, DEP Ankara il Ba\u015fkan\u0131 Faik Candan ve Avukat Yusuf Ekinci cinayetlerinden sorumlu tutuluyorlar.<\/p>\n<p style=\"text-align: justify;\"><a href=\"http:\/\/www.gazeteport.com.tr\/haber\/46709\/5_eski_ozel_harekatci_tutuklandi\" target=\"_blank\">Kaynak : GAZETEPORT<\/a><\/p>\n","protected":false},"excerpt":{"rendered":"<p style=\"text-align: center;\">\n<p style=\"text-align: justify;\">Faili me\u00e7hul cinayetler kapsam\u0131nda g\u00f6zalt\u0131na al\u0131nan 5 \u00f6zel harekat\u00e7\u0131 mahkeme taraf\u0131ndan tutukland\u0131.<\/p>\n<p style=\"text-align: justify;\">ANKARA &#8211; Susurluk h\u00fck\u00fcml\u00fcs\u00fc eski \u00f6zel harekat polisi Ayhan \u00c7ark\u0131n&#8217;\u0131n ge\u00e7ti\u011fimiz Haziran ay\u0131nda verdi\u011fi ifadeler do\u011frultusunda 1994&#8217;te i\u015flenen 4 faili me\u00e7hul cinayetin sorumlusu oldu\u011fu iddia edilen 5 \u00f6zel harekat polisi yap\u0131lan operasyonlarla g\u00f6zalt\u0131na al\u0131nm\u0131\u015ft\u0131. <\/p>\n","protected":false},"author":1,"featured_media":0,"comment_status":"open","ping_status":"open","sticky":false,"template":"","format":"standard","meta":{"footnotes":""},"categories":[105],"tags":[],"class_list":["post-38263","post","type-post","status-publish","format-standard","hentry","category-gundem","odd"],"_links":{"self":[{"href":"http:\/\/www.korhanyilmaz.com\/index.php?rest_route=\/wp\/v2\/posts\/38263","targetHints":{"allow":["GET"]}}],"collection":[{"href":"http:\/\/www.korhanyilmaz.com\/index.php?rest_route=\/wp\/v2\/posts"}],"about":[{"href":"http:\/\/www.korhanyilmaz.com\/index.php?rest_route=\/wp\/v2\/types\/post"}],"author":[{"embeddable":true,"href":"http:\/\/www.korhanyilmaz.com\/index.php?rest_route=\/wp\/v2\/users\/1"}],"replies":[{"embeddable":true,"href":"http:\/\/www.korhanyilmaz.com\/index.php?rest_route=%2Fwp%2Fv2%2Fcomments&post=38263"}],"version-history":[{"count":0,"href":"http:\/\/www.korhanyilmaz.com\/index.php?rest_route=\/wp\/v2\/posts\/38263\/revisions"}],"wp:attachment":[{"href":"http:\/\/www.korhanyilmaz.com\/index.php?rest_route=%2Fwp%2Fv2%2Fmedia&parent=38263"}],"wp:term":[{"taxonomy":"category","embeddable":true,"href":"http:\/\/www.korhanyilmaz.com\/index.php?rest_route=%2Fwp%2Fv2%2Fcategories&post=38263"},{"taxonomy":"post_tag","embeddable":true,"href":"http:\/\/www.korhanyilmaz.com\/index.php?rest_route=%2Fwp%2Fv2%2Ftags&post=38263"}],"curies":[{"name":"wp","href":"https:\/\/api.w.org\/{rel}","templated":true}]}}