{"id":38226,"date":"2011-08-11T00:20:58","date_gmt":"2011-08-10T21:20:58","guid":{"rendered":"http:\/\/www.korhanyilmaz.com\/?p=38226"},"modified":"2011-08-11T05:06:55","modified_gmt":"2011-08-11T02:06:55","slug":"dikkat-yagmur-geliyor","status":"publish","type":"post","link":"http:\/\/www.korhanyilmaz.com\/?p=38226","title":{"rendered":"Dikkat, ya\u011fmur geliyor!.."},"content":{"rendered":"<p style=\"text-align: center;\"><a href=\"http:\/\/www.korhanyilmaz.com\/wp-content\/uploads\/2011\/08\/6005.jpg\"  class=\"lightview\"><img loading=\"lazy\" decoding=\"async\" class=\"aligncenter size-full wp-image-38227\" src=\"http:\/\/www.korhanyilmaz.com\/wp-content\/uploads\/2011\/08\/6005.jpg\" alt=\"\" width=\"306\" height=\"218\" \/><\/a><\/p>\n<p style=\"text-align: justify;\">Meteorolojik tahminlere g\u00f6re, bug\u00fcn \u0130stanbul&#8217;da \u00f6\u011fle saatlerinde k\u0131sa ama \u00e7ok etkili sa\u011fanak ya\u011f\u0131\u015f bekleniyor.<\/p>\n<p style=\"text-align: justify;\">(DHA) &#8212; Hafta ba\u015f\u0131nda yap\u0131lan tahminlerde \u00f6nce Trakya b\u00f6lgesinde g\u00f6zlenecek ya\u011f\u0131\u015f\u0131n d\u00fcn gece yar\u0131s\u0131 \u0130stanbul&#8217;a ula\u015fmas\u0131 bekleniyordu.<\/p>\n<p style=\"text-align: justify;\">G\u00fcncellenen meteorolojik tahminlere g\u00f6re, ya\u011f\u0131\u015f \u00f6ng\u00f6r\u00fcs\u00fc devam ediyor ancak beklenen ya\u011f\u0131\u015f\u0131n yo\u011funlu\u011fu katlanarak artt\u0131.\u00a0<!--more--><\/p>\n<p style=\"text-align: justify;\">Buna g\u00f6re bug\u00fcn \u00f6\u011fle saatlerinde \u0130stanbul&#8217;a ula\u015fmas\u0131 beklenen ya\u011f\u0131\u015f, ak\u015fam saatlerine do\u011fru kenti terkedecek ancak bu s\u00fcrede \u00e7ok etkili olacak.<\/p>\n<p style=\"text-align: justify;\">\u00d6ng\u00f6r\u00fclere g\u00f6re, \u0130stanbul&#8217;da metrekareye 30 mm \u00fczerinde ya\u011f\u0131\u015f d\u00fc\u015fecek, baz\u0131 tahminlere g\u00f6re \u0130stanbul&#8217;un merkez il\u00e7elerinde bu rakam 50 mm&#8217;ye yakla\u015fabilir.<\/p>\n<p style=\"text-align: justify;\">Ya\u011f\u0131\u015f\u0131n etkili oldu\u011fu bu saatlerde bir ba\u015fka beklenti de \u00e7ok kuvvetli karayel r\u00fczgar\u0131.<\/p>\n<p style=\"text-align: justify;\">Karadeniz&#8217;de ve \u0130stanbul&#8217;da f\u0131rt\u0131na \u015feklinde esmesi beklenen karayelin kuvvetinin 7&#8217;ye ula\u015fmas\u0131, yani saatteki h\u0131z\u0131n\u0131n 60 kilometrenin \u00fczerinde \u00f6l\u00e7\u00fclebilece\u011fi tahmin ediliyor.<\/p>\n<p style=\"text-align: justify;\"><a href=\"http:\/\/www.cnnturk.com\/2011\/turkiye\/08\/11\/dikkat.yagmur.geliyor\/625539.0\/index.html\" target=\"_blank\">Kaynak : CNN T\u00dcRK<\/a><\/p>\n","protected":false},"excerpt":{"rendered":"<p style=\"text-align: center;\">\n<p style=\"text-align: justify;\">Meteorolojik tahminlere g\u00f6re, bug\u00fcn \u0130stanbul&#8217;da \u00f6\u011fle saatlerinde k\u0131sa ama \u00e7ok etkili sa\u011fanak ya\u011f\u0131\u015f bekleniyor.<\/p>\n<p style=\"text-align: justify;\">(DHA) &#8212; Hafta ba\u015f\u0131nda yap\u0131lan tahminlerde \u00f6nce Trakya b\u00f6lgesinde g\u00f6zlenecek ya\u011f\u0131\u015f\u0131n d\u00fcn gece yar\u0131s\u0131 \u0130stanbul&#8217;a ula\u015fmas\u0131 bekleniyordu.<\/p>\n<p style=\"text-align: justify;\">G\u00fcncellenen meteorolojik tahminlere g\u00f6re, ya\u011f\u0131\u015f \u00f6ng\u00f6r\u00fcs\u00fc devam ediyor ancak beklenen ya\u011f\u0131\u015f\u0131n yo\u011funlu\u011fu katlanarak artt\u0131. <\/p>\n","protected":false},"author":1,"featured_media":0,"comment_status":"open","ping_status":"open","sticky":false,"template":"","format":"standard","meta":{"footnotes":""},"categories":[105],"tags":[],"class_list":["post-38226","post","type-post","status-publish","format-standard","hentry","category-gundem","odd"],"_links":{"self":[{"href":"http:\/\/www.korhanyilmaz.com\/index.php?rest_route=\/wp\/v2\/posts\/38226","targetHints":{"allow":["GET"]}}],"collection":[{"href":"http:\/\/www.korhanyilmaz.com\/index.php?rest_route=\/wp\/v2\/posts"}],"about":[{"href":"http:\/\/www.korhanyilmaz.com\/index.php?rest_route=\/wp\/v2\/types\/post"}],"author":[{"embeddable":true,"href":"http:\/\/www.korhanyilmaz.com\/index.php?rest_route=\/wp\/v2\/users\/1"}],"replies":[{"embeddable":true,"href":"http:\/\/www.korhanyilmaz.com\/index.php?rest_route=%2Fwp%2Fv2%2Fcomments&post=38226"}],"version-history":[{"count":0,"href":"http:\/\/www.korhanyilmaz.com\/index.php?rest_route=\/wp\/v2\/posts\/38226\/revisions"}],"wp:attachment":[{"href":"http:\/\/www.korhanyilmaz.com\/index.php?rest_route=%2Fwp%2Fv2%2Fmedia&parent=38226"}],"wp:term":[{"taxonomy":"category","embeddable":true,"href":"http:\/\/www.korhanyilmaz.com\/index.php?rest_route=%2Fwp%2Fv2%2Fcategories&post=38226"},{"taxonomy":"post_tag","embeddable":true,"href":"http:\/\/www.korhanyilmaz.com\/index.php?rest_route=%2Fwp%2Fv2%2Ftags&post=38226"}],"curies":[{"name":"wp","href":"https:\/\/api.w.org\/{rel}","templated":true}]}}