{"id":38217,"date":"2011-08-10T14:55:20","date_gmt":"2011-08-10T11:55:20","guid":{"rendered":"http:\/\/www.korhanyilmaz.com\/?p=38217"},"modified":"2011-08-10T22:06:34","modified_gmt":"2011-08-10T19:06:34","slug":"osym-ile-ilgili-yeni-iddia","status":"publish","type":"post","link":"http:\/\/www.korhanyilmaz.com\/?p=38217","title":{"rendered":"\u00d6SYM ile ilgili yeni iddia!"},"content":{"rendered":"<p style=\"text-align: center;\"><a href=\"http:\/\/www.korhanyilmaz.com\/wp-content\/uploads\/2011\/08\/6004.jpg\"  class=\"lightview\"><img loading=\"lazy\" decoding=\"async\" class=\"aligncenter size-full wp-image-38218\" src=\"http:\/\/www.korhanyilmaz.com\/wp-content\/uploads\/2011\/08\/6004.jpg\" alt=\"\" width=\"306\" height=\"234\" \/><\/a><\/p>\n<p style=\"text-align: justify;\">Skandallar\u0131n adresi \u00d6SYM hakk\u0131nda yeni bir iddia ortaya at\u0131ld\u0131. \u0130ddiaya g\u00f6re s\u0131nav\u0131 kazan\u0131p tercihlerini yapan baz\u0131 adaylar\u0131n ya tercihlerinin s\u0131ralamas\u0131 de\u011fi\u015fti ya da hi\u00e7 yazmad\u0131klar\u0131 yerler tercihlerinde yer ald\u0131.<\/p>\n<p style=\"text-align: justify;\">\u0130ddiada, &#8220;LYS&#8217;ye giren 4 \u00f6\u011frencinin tercih formlar\u0131nda de\u011fi\u015fiklik oldu\u011fu, 5 A\u011fustos&#8217;ta sistemde aynen g\u00f6r\u00fcnen tercihlerin, 6 A\u011fustos&#8217;ta de\u011fi\u015fti\u011fi, tercih listelerinde olmayan \u00fcniversitelerin ilk ve tek tercihleri olarak g\u00f6r\u00fcnd\u00fc\u011f\u00fc&#8221; belirtiliyor.\u00a0<!--more--><\/p>\n<p style=\"text-align: justify;\">Edinilen bilgiye g\u00f6re, tercihlerinde b\u00f6yle bir tablo ile kar\u015f\u0131la\u015fan adaylar \u00d6SYM&#8217;ye itirazlar\u0131n\u0131 dilek\u00e7elerle yapt\u0131.<\/p>\n<p style=\"text-align: justify;\">Adaylar, ayn\u0131 zamanda \u00d6SYM hakk\u0131nda savc\u0131l\u0131\u011fa su\u00e7 duyurusunda da bulundu.<\/p>\n<p style=\"text-align: justify;\"><strong>\u00d6SYM&#8217;den a\u00e7\u0131klama geldi\u00a0<\/strong><\/p>\n<p style=\"text-align: justify;\">Konuyla ilgili \u00d6SYM&#8217;den a\u00e7\u0131klama geldi. A\u00e7\u0131klamada, &#8220;LYS&#8217;e giren 4 \u00f6\u011frencinin tercih formlar\u0131nda de\u011fi\u015fiklik oldu\u011fu&#8221; iddias\u0131na ili\u015fkin yap\u0131lan a\u00e7\u0131klamada &#8220;4 aday\u0131n tercih i\u015flemlerine ait son g\u00fcn ve ayn\u0131 saat diliminde yap\u0131lan de\u011fi\u015fiklikler, ayn\u0131 IP numaras\u0131na aittir. Bir ba\u015fka deyi\u015fle ayn\u0131 bilgisayardan de\u011fi\u015ftirilmi\u015ftir&#8221; ifadelerine yer verildi.<\/p>\n<p style=\"text-align: justify;\">&#8220;\u00d6SYM&#8217;de yeniden yap\u0131lanmadan rahats\u0131z olan baz\u0131 kesimlerin, \u00e7e\u015fitli komplolarla \u00e7e\u015fitli muhalif gruplar\u0131n deste\u011fiyle halk\u0131 \u015f\u00fcpheye sevk etme yolunu tercih ettiklerini \u00fcz\u00fclerek g\u00f6zlemliyoruz&#8221; ifadelerine yer verilen a\u00e7\u0131klamada, YGS konusunda &#8220;\u015fifre&#8221; \u00fczerinden kurulmaya \u00e7al\u0131\u015f\u0131lan tezgah\u0131n bozuldu\u011fu, yarg\u0131 karar\u0131yla her \u015feyin a\u00e7\u0131\u011fa \u00e7\u0131karak kan\u0131tland\u0131\u011f\u0131 vurguland\u0131.<\/p>\n<p style=\"text-align: justify;\">A\u00e7\u0131klamada &#8220;Buna ra\u011fmen kurumumuzu y\u0131pratma \u00e7al\u0131\u015fmalar\u0131 sistemli bir \u015fekilde devam etmektedir. Bunu yapanlar\u0131n ba\u015f\u0131nda da \u00e7e\u015fitli bas\u0131n gruplar\u0131 gelmektedir. Oysa kimsenin adaylar\u0131 ve ailelerini bo\u015f yere tedirgin etmeye hakk\u0131 yoktur. Yap\u0131lan yalan haberler kar\u015f\u0131s\u0131nda kay\u0131ts\u0131z kal\u0131nmayacakt\u0131r. \u00d6SYM Ba\u015fkanl\u0131\u011f\u0131 hakk\u0131n\u0131 bundan sonra hukuki zeminde arayacakt\u0131r&#8221; g\u00f6r\u00fc\u015fleri yer ald\u0131.<\/p>\n<p style=\"text-align: justify;\">\u00d6SYM taraf\u0131ndan haberde ismi ge\u00e7en adaylarla ilgili tek tek inceleme yap\u0131ld\u0131\u011f\u0131 bildirilen a\u00e7\u0131klamada, \u015funlara dikkat \u00e7ekildi:<\/p>\n<p style=\"text-align: justify;\">&#8220;Tercihlerinin de\u011fi\u015ftirildi\u011fini s\u00f6yleyen 4 aday, ayn\u0131 lisenin \u00f6\u011frencileridir. 4 aday\u0131n da tercihleri, tercih i\u015flemlerinin son g\u00fcn\u00fc olan 5 A\u011fustos 2011&#8217;de de\u011fi\u015ftirilmi\u015ftir. S\u00f6z konusu adaylar\u0131n tercihleri 21.23, 21.27, 21.30 ve 21.35 saatlerinde pe\u015f pe\u015fe de\u011fi\u015ftirilmi\u015ftir. Bu 4 aday\u0131n tercih i\u015flemlerine ait son g\u00fcn ve ayn\u0131 saat diliminde yap\u0131lan de\u011fi\u015fiklikler, ayn\u0131 IP numaras\u0131na aittir. Bir ba\u015fka deyi\u015fle ayn\u0131 bilgisayardan de\u011fi\u015ftirilmi\u015ftir.&#8221;<\/p>\n<p style=\"text-align: justify;\"><strong>Yap\u0131lan her i\u015flem kay\u0131t alt\u0131nda\u00a0<\/strong><\/p>\n<p style=\"text-align: justify;\">\u00d6SYM Aday i\u015flemleri Sistemi \u00fczerinden yap\u0131lan her i\u015flemin, kay\u0131t alt\u0131nda ve ar\u015fivli oldu\u011fu, hangi aday\u0131n, hangi IP adresinden, ne zaman, hangi i\u015flemi ger\u00e7ekle\u015ftirdi\u011finin dakika dakika izlenebildi\u011fi vurgulanan a\u00e7\u0131klamada, \u015funlar kaydedildi:<\/p>\n<p style=\"text-align: justify;\">&#8220;Bir kez daha belirtmekte fayda var ki \u00d6SYM taraf\u0131ndan ge\u00e7erli olan, TC kimlik numaras\u0131 ve adaya ait \u015fifreyle sistem \u00fczerinden yap\u0131lan tercihlerdir. Bu adaylar\u0131n da TC kimlik numaralar\u0131 ve ki\u015fiye \u00f6zel \u015fifreleriyle tercih i\u015flemi ger\u00e7ekle\u015ftirilmi\u015ftir. Unutulmamal\u0131d\u0131r ki \u015fifre ki\u015fiye \u00f6zeldir ve asla bir ba\u015fkas\u0131yla payla\u015f\u0131lmamas\u0131 gerekir. Haberdeki 4 aday\u0131n \u015f\u00fcphelendikleri bir durum varsa savc\u0131l\u0131\u011fa bildirmeleri gerekmektedir.<\/p>\n<p style=\"text-align: justify;\">Haberde kulland\u0131\u011f\u0131 dille direkt kurumumuzu su\u00e7layan gazetenin, bir g\u00fcn \u00f6nce de &#8216;\u00d6SYM bir kalemde 160 puan d\u00fc\u015f\u00fcrd\u00fc&#8217; ba\u015fl\u0131\u011f\u0131yla yine kurumumuzu hedef alan ba\u015fka bir habere yer verdi\u011fini belirtir, habere kaynak g\u00f6sterdikleri YGS sonu\u00e7 belgesinin, sistemimiz \u00fczerinden al\u0131nan orijinal \u00e7\u0131kt\u0131 olmad\u0131\u011f\u0131na dair yapt\u0131\u011f\u0131m\u0131z bas\u0131n a\u00e7\u0131klamas\u0131n\u0131 bu vesileyle bir kez daha hat\u0131rlat\u0131r\u0131z.&#8221;<\/p>\n<p style=\"text-align: justify;\">\u00d6SYM Ba\u015fkan\u0131 Ali Demir ise, son d\u00f6nemde yapt\u0131\u011f\u0131 a\u00e7\u0131klamalarda \u00d6SYM&#8217;nin s\u0131navlarla ilgili yeterli tecr\u00fcbeyi edindi\u011fini s\u00f6ylemi\u015f ve teknik altyap\u0131s\u0131n\u0131n da yeterli oldu\u011funa vurgu yapm\u0131\u015ft\u0131.<\/p>\n<p style=\"text-align: justify;\"><a href=\"http:\/\/www.cnnturk.com\/2011\/turkiye\/08\/10\/osym.ile.ilgili.yeni.iddia\/625659.0\/index.html\" target=\"_blank\">Kaynak : CNN T\u00dcRK<\/a><\/p>\n","protected":false},"excerpt":{"rendered":"<p style=\"text-align: center;\">\n<p style=\"text-align: justify;\">Skandallar\u0131n adresi \u00d6SYM hakk\u0131nda yeni bir iddia ortaya at\u0131ld\u0131. \u0130ddiaya g\u00f6re s\u0131nav\u0131 kazan\u0131p tercihlerini yapan baz\u0131 adaylar\u0131n ya tercihlerinin s\u0131ralamas\u0131 de\u011fi\u015fti ya da hi\u00e7 yazmad\u0131klar\u0131 yerler tercihlerinde yer ald\u0131.<\/p>\n<p style=\"text-align: justify;\">\u0130ddiada, &#8220;LYS&#8217;ye giren 4 \u00f6\u011frencinin tercih formlar\u0131nda de\u011fi\u015fiklik oldu\u011fu, 5 A\u011fustos&#8217;ta sistemde aynen g\u00f6r\u00fcnen tercihlerin, 6 A\u011fustos&#8217;ta de\u011fi\u015fti\u011fi, tercih <\/p>\n","protected":false},"author":1,"featured_media":0,"comment_status":"open","ping_status":"open","sticky":false,"template":"","format":"standard","meta":{"footnotes":""},"categories":[105],"tags":[],"class_list":["post-38217","post","type-post","status-publish","format-standard","hentry","category-gundem","odd"],"_links":{"self":[{"href":"http:\/\/www.korhanyilmaz.com\/index.php?rest_route=\/wp\/v2\/posts\/38217","targetHints":{"allow":["GET"]}}],"collection":[{"href":"http:\/\/www.korhanyilmaz.com\/index.php?rest_route=\/wp\/v2\/posts"}],"about":[{"href":"http:\/\/www.korhanyilmaz.com\/index.php?rest_route=\/wp\/v2\/types\/post"}],"author":[{"embeddable":true,"href":"http:\/\/www.korhanyilmaz.com\/index.php?rest_route=\/wp\/v2\/users\/1"}],"replies":[{"embeddable":true,"href":"http:\/\/www.korhanyilmaz.com\/index.php?rest_route=%2Fwp%2Fv2%2Fcomments&post=38217"}],"version-history":[{"count":0,"href":"http:\/\/www.korhanyilmaz.com\/index.php?rest_route=\/wp\/v2\/posts\/38217\/revisions"}],"wp:attachment":[{"href":"http:\/\/www.korhanyilmaz.com\/index.php?rest_route=%2Fwp%2Fv2%2Fmedia&parent=38217"}],"wp:term":[{"taxonomy":"category","embeddable":true,"href":"http:\/\/www.korhanyilmaz.com\/index.php?rest_route=%2Fwp%2Fv2%2Fcategories&post=38217"},{"taxonomy":"post_tag","embeddable":true,"href":"http:\/\/www.korhanyilmaz.com\/index.php?rest_route=%2Fwp%2Fv2%2Ftags&post=38217"}],"curies":[{"name":"wp","href":"https:\/\/api.w.org\/{rel}","templated":true}]}}