{"id":38212,"date":"2011-08-10T18:09:01","date_gmt":"2011-08-10T15:09:01","guid":{"rendered":"http:\/\/www.korhanyilmaz.com\/?p=38212"},"modified":"2011-08-10T22:01:26","modified_gmt":"2011-08-10T19:01:26","slug":"emekli-org-hasan-igsiz-tutuklandi","status":"publish","type":"post","link":"http:\/\/www.korhanyilmaz.com\/?p=38212","title":{"rendered":"Emekli Org. Hasan I\u011fs\u0131z tutukland\u0131"},"content":{"rendered":"<p style=\"text-align: center;\"><a href=\"http:\/\/www.korhanyilmaz.com\/wp-content\/uploads\/2011\/08\/6002.jpg\"  class=\"lightview\"><img loading=\"lazy\" decoding=\"async\" class=\"aligncenter size-full wp-image-38213\" src=\"http:\/\/www.korhanyilmaz.com\/wp-content\/uploads\/2011\/08\/6002.jpg\" alt=\"\" width=\"306\" height=\"234\" \/><\/a><\/p>\n<p style=\"text-align: justify;\">&#8220;Kamuoyunu y\u00f6nlendirme ama\u00e7l\u0131 internet siteleri&#8221; davas\u0131 kapsam\u0131nda haklar\u0131nda yakalama emri \u00e7\u0131kart\u0131lan 14 san\u0131ktan biri olan eski 1. Ordu Komutan\u0131 emekli Orgeneral Hasan I\u011fs\u0131z tutukland\u0131.<\/p>\n<p style=\"text-align: justify;\">I\u011fs\u0131z, d\u00fcn Ter\u00f6rle M\u00fccadele \u015eube M\u00fcd\u00fcrl\u00fc\u011f\u00fc polislerince aranarak adliyede olmas\u0131 istendi.<\/p>\n<p style=\"text-align: justify;\">I\u011fs\u0131z bunun \u00fczerine bu sabah avukat\u0131 ile birlikte Be\u015fikta\u015f&#8217;taki \u0130stanbul Adliyesi&#8217;ne geldi.<!--more--><\/p>\n<p style=\"text-align: justify;\"><a href=\"http:\/\/www.korhanyilmaz.com\/wp-content\/uploads\/2011\/08\/6003.jpg\"  class=\"lightview\"><img loading=\"lazy\" decoding=\"async\" class=\"alignleft size-full wp-image-38214\" style=\"margin-left: 10px; margin-right: 10px;\" src=\"http:\/\/www.korhanyilmaz.com\/wp-content\/uploads\/2011\/08\/6003.jpg\" alt=\"\" width=\"292\" height=\"224\" \/><\/a>\u00a0\u0130stanbul 13. A\u011f\u0131r Ceza Mahkemesi heyetinin kar\u015f\u0131s\u0131na 13.00 s\u0131ralar\u0131nda \u00e7\u0131kan I\u011fs\u0131z\u2019\u0131n ilk olarak kimlik tespiti yap\u0131ld\u0131.<\/p>\n<p style=\"text-align: justify;\">I\u011fs\u0131z, Mahkeme Ba\u015fkan\u0131 Hasan H\u00fcseyin \u00d6zese\u2019nin \u201cSu\u00e7lamalara ne diyorsunuz?&#8221; s\u00f6z\u00fc \u00fczerine \u201cBu a\u015famada bir \u015fey s\u00f6ylemeyece\u011fim. S\u00f6z\u00fc avukat\u0131ma b\u0131rak\u0131yorum&#8221; diye konu\u015ftu.<\/p>\n<p style=\"text-align: justify;\">Meslekte ge\u00e7irilen 50 y\u0131ldan sonra m\u00fcvekkiline ter\u00f6r su\u00e7lamas\u0131 yap\u0131lmas\u0131n\u0131n hayat\u0131n ola\u011fan ak\u0131\u015f\u0131na ayk\u0131r\u0131 oldu\u011funu kaydeden Avukat Orhan \u00d6nder, \u201c10 y\u0131ld\u0131r bu siteler \u00e7al\u0131\u015f\u0131yor. Genelkurmay da bunu kabul ediyor. Faturas\u0131 en son m\u00fcvekkilim ile and\u0131c\u0131n alt\u0131nda imzas\u0131 olan ki\u015filere \u00e7\u0131km\u0131\u015ft\u0131r. M\u00fcvekkilim ile ilgili olarak \u2018illegal faaliyetlerin \u00fcst\u00fcn\u00fc \u00f6rtt\u00fc\u2019 deniyor. \u0130llegal faaliyetlerin \u00fcst\u00fcn\u00fc \u00f6rtmek i\u00e7in yaz\u0131l\u0131 belge haz\u0131rlamak su\u00e7u if\u015faya girer. Ortada yaz\u0131l\u0131 belge oldu\u011funa g\u00f6re illegal durum s\u00f6z konusu de\u011fildir. \u00c7\u00fcnk\u00fc yaz\u0131l\u0131 belge ile illegal durumun \u00fczerinin \u00f6rt\u00fclmesi m\u00fcmk\u00fcn de\u011fildi&#8221; diye konu\u015ftu.<\/p>\n<p style=\"text-align: justify;\">And\u0131c\u0131n, devletin normal silsilesi i\u00e7inde yap\u0131lm\u0131\u015f bir faaliyet oldu\u011funa dikkat \u00e7eken \u00d6nder, \u201cY\u00fczba\u015f\u0131dan 2. ba\u015fkana kadar bir silsile i\u00e7inde and\u0131\u00e7 haz\u0131rlanm\u0131\u015ft\u0131r. En \u00fcst makama da sunulmu\u015ftur. Bu silsile de yer alan subaylar\u0131n hepsinin ter\u00f6r \u00f6rg\u00fct\u00fcne \u00fcye olmas\u0131 hayat\u0131n ola\u011fan ak\u0131\u015f\u0131na uygun de\u011fildir&#8221; dedi.<\/p>\n<p style=\"text-align: justify;\">Sitelere 10 y\u0131ll\u0131k s\u00fcre\u00e7te neler konuldu\u011fu, kim taraf\u0131ndan ve ne zaman konuldu\u011funun iddianamede a\u00e7\u0131klanmad\u0131\u011f\u0131n\u0131 ifade eden \u00d6nder, \u201cBunlar tespit edilmeli. Bu hukuki illiyet kurulsayd\u0131, ger\u00e7ek su\u00e7lular ortaya \u00e7\u0131kacakt\u0131. O zaman su\u00e7lamalar, h\u00fck\u00fcmete hakaret ya da g\u00f6revi k\u00f6t\u00fcye kullanma olabilirdi. Cebir ve \u015fiddet \u00e7ok a\u011f\u0131r bir su\u00e7lama. Belki ter\u00f6r \u00f6rg\u00fct\u00fc \u00fcyeli\u011fi de olabilirdi. Ama biz bu delillerle bunu diyemiyoruz&#8221; diye konu\u015ftu.<\/p>\n<p style=\"text-align: justify;\"><strong>Metris&#8217;e g\u00f6nderildi\u00a0<\/strong><\/p>\n<p style=\"text-align: justify;\">Savunman\u0131n ard\u0131ndan mahkeme heyeti yakalama karar\u0131n\u0131 I\u011fs\u0131z\u2019\u0131n y\u00fcz\u00fcne okundu ve tutuklanmas\u0131na karar verildi.<\/p>\n<p style=\"text-align: justify;\">Mahkeme, emekli Orgeneral Hasan I\u011fs\u0131z&#8217;\u0131n tutuklanmas\u0131na karar verdi. I\u011fs\u0131z, Metris Cezaevi&#8217;ne g\u00f6nderildi.<\/p>\n<p style=\"text-align: justify;\">Tutuklama karar\u0131na kar\u015f\u0131 7 g\u00fcn i\u00e7inde \u0130stanbul 14. A\u011f\u0131r Ceza Mahkmesi\u2019ne itiraz hakk\u0131n\u0131n bulundu\u011funun belirtildi\u011fi kararda, iddianamenin bir \u00f6rne\u011finin Genelkurmay Ba\u015fkanl\u0131\u011f\u0131\u2019na g\u00f6nderilmesine de h\u00fckmedildi.<\/p>\n<p style=\"text-align: justify;\"><strong>14 ki\u015fiye yakalama karar\u0131\u00a0<\/strong><\/p>\n<p style=\"text-align: justify;\">\u0130stanbul 13. A\u011f\u0131r Ceza Mahkemesi, 22 san\u0131kl\u0131 davada YA\u015e karar\u0131yla Kara Kuvvetleri E\u011fitim ve Doktrin Komutanl\u0131\u011f\u0131na atanan Orgeneral H\u00fcseyin Nusret Ta\u015fdeler, eski 1. Ordu Komutan\u0131 emekli Orgeneral Hasan I\u011fs\u0131z, Koramiral Mehmet Otuzbiro\u011flu, korgeneraller Mehmet Er\u00f6z, \u0130smail Hakk\u0131 Pekin, t\u00fcmgeneraller H\u0131fz\u0131 \u00c7ubuklu, Mustafa Bak\u0131c\u0131, Tu\u011famiral Alaettin Sevim, Albay Sedat \u00d6z\u00fcer, emekli Albay Fuat Selvi, Hulusi G\u00fclbahar, Cemal G\u00f6k\u00e7eo\u011flu, Mehmet B\u00fclent Sar\u0131kahya ile Ziya \u0130lker G\u00f6kta\u015f hakk\u0131nda yakalama emri \u00e7\u0131kartm\u0131\u015ft\u0131.<\/p>\n<p style=\"text-align: justify;\">Bu ki\u015filerden d\u00fcn teslim olan emekli Albay Fuat Selvi, tutuklanarak cezaevine g\u00f6nderilmi\u015fti.<\/p>\n<p style=\"text-align: justify;\"><a href=\"http:\/\/www.cnnturk.com\/2011\/turkiye\/08\/10\/emekli.org.hasan.igsiz.tutuklandi\/625621.0\/index.html\" target=\"_blank\">Kaynak : CNN T\u00dcRK<\/a><\/p>\n","protected":false},"excerpt":{"rendered":"<p style=\"text-align: center;\">\n<p style=\"text-align: justify;\">&#8220;Kamuoyunu y\u00f6nlendirme ama\u00e7l\u0131 internet siteleri&#8221; davas\u0131 kapsam\u0131nda haklar\u0131nda yakalama emri \u00e7\u0131kart\u0131lan 14 san\u0131ktan biri olan eski 1. Ordu Komutan\u0131 emekli Orgeneral Hasan I\u011fs\u0131z tutukland\u0131.<\/p>\n<p style=\"text-align: justify;\">I\u011fs\u0131z, d\u00fcn Ter\u00f6rle M\u00fccadele \u015eube M\u00fcd\u00fcrl\u00fc\u011f\u00fc polislerince aranarak adliyede olmas\u0131 istendi.<\/p>\n<p style=\"text-align: justify;\">I\u011fs\u0131z bunun \u00fczerine bu sabah avukat\u0131 ile birlikte Be\u015fikta\u015f&#8217;taki \u0130stanbul Adliyesi&#8217;ne <\/p>\n","protected":false},"author":1,"featured_media":0,"comment_status":"open","ping_status":"open","sticky":false,"template":"","format":"standard","meta":{"footnotes":""},"categories":[105],"tags":[],"class_list":["post-38212","post","type-post","status-publish","format-standard","hentry","category-gundem","odd"],"_links":{"self":[{"href":"http:\/\/www.korhanyilmaz.com\/index.php?rest_route=\/wp\/v2\/posts\/38212","targetHints":{"allow":["GET"]}}],"collection":[{"href":"http:\/\/www.korhanyilmaz.com\/index.php?rest_route=\/wp\/v2\/posts"}],"about":[{"href":"http:\/\/www.korhanyilmaz.com\/index.php?rest_route=\/wp\/v2\/types\/post"}],"author":[{"embeddable":true,"href":"http:\/\/www.korhanyilmaz.com\/index.php?rest_route=\/wp\/v2\/users\/1"}],"replies":[{"embeddable":true,"href":"http:\/\/www.korhanyilmaz.com\/index.php?rest_route=%2Fwp%2Fv2%2Fcomments&post=38212"}],"version-history":[{"count":0,"href":"http:\/\/www.korhanyilmaz.com\/index.php?rest_route=\/wp\/v2\/posts\/38212\/revisions"}],"wp:attachment":[{"href":"http:\/\/www.korhanyilmaz.com\/index.php?rest_route=%2Fwp%2Fv2%2Fmedia&parent=38212"}],"wp:term":[{"taxonomy":"category","embeddable":true,"href":"http:\/\/www.korhanyilmaz.com\/index.php?rest_route=%2Fwp%2Fv2%2Fcategories&post=38212"},{"taxonomy":"post_tag","embeddable":true,"href":"http:\/\/www.korhanyilmaz.com\/index.php?rest_route=%2Fwp%2Fv2%2Ftags&post=38212"}],"curies":[{"name":"wp","href":"https:\/\/api.w.org\/{rel}","templated":true}]}}