{"id":38207,"date":"2011-08-10T20:16:35","date_gmt":"2011-08-10T17:16:35","guid":{"rendered":"http:\/\/www.korhanyilmaz.com\/?p=38207"},"modified":"2011-08-10T21:21:25","modified_gmt":"2011-08-10T18:21:25","slug":"kriz-psikolojisi-bizi-esir-almayacak","status":"publish","type":"post","link":"http:\/\/www.korhanyilmaz.com\/?p=38207","title":{"rendered":"&#8220;Kriz psikolojisi bizi esir almayacak"},"content":{"rendered":"<p style=\"text-align: center;\"><a href=\"http:\/\/www.korhanyilmaz.com\/wp-content\/uploads\/2011\/08\/6001.jpg\"  class=\"lightview\"><img loading=\"lazy\" decoding=\"async\" class=\"aligncenter size-full wp-image-38208\" src=\"http:\/\/www.korhanyilmaz.com\/wp-content\/uploads\/2011\/08\/6001.jpg\" alt=\"\" width=\"347\" height=\"267\" \/><\/a><\/p>\n<p style=\"text-align: justify;\">Ba\u015fbakan Recep Tayyip Erdo\u011fan, &#8220;Kriz psikolojisinin bizi esir almas\u0131na izin vermiyoruz, izin vermeyece\u011fiz. Milletin cebinden \u00e7\u0131kan her kuru\u015fun sorumlulu\u011funu hissediyoruz&#8221; dedi.<\/p>\n<p style=\"text-align: justify;\">Erdo\u011fan, partisinin genel merkezinde AK Parti Geni\u015fletilmi\u015f \u0130l Ba\u015fkanlar\u0131 Toplant\u0131s\u0131&#8217;nda yapt\u0131\u011f\u0131 konu\u015fmada, ekonomide ya\u015fanan dalgalanmalar\u0131 de\u011ferlendirdi.\u00a0<!--more--><\/p>\n<p style=\"text-align: justify;\">Erdo\u011fan, &#8220;H\u00fck\u00fcmetimiz, \u00f6nleyici bir yakla\u015f\u0131mla sorunlar kap\u0131m\u0131z\u0131 \u00e7almadan bunlar\u0131 nas\u0131l bertaraf edece\u011fimizin m\u00fccadelesini veriyor. Bu \u00e7er\u00e7evede \u00f6nlemlerimizi al\u0131yoruz&#8221; dedi.<\/p>\n<p style=\"text-align: justify;\">Ba\u015fbakan s\u00f6zlerine, &#8220;K\u00fcresel ekonomide ya\u015fanan son geli\u015fmeler orta ve uzun vadede T\u00fcrkiye&#8217;yi bu kez in\u015fallah te\u011fet bile ge\u00e7meyecektir. Benim bu noktada milletimden tek bir ricam var. Ramazan ay\u0131n\u0131 da bir imkan bilerek l\u00fctfen israftan ka\u00e7\u0131n\u0131n. Bak\u0131n, birilerinin dedi\u011fi gibi &#8216;harcama yapmay\u0131n&#8217; falan demiyorum. Ne demek harcama yapmay\u0131n. Tabii ki harcama yapacaks\u0131n\u0131z. Piyasada bu hareketlilikler olacak. Ama israf etmeyeceksiniz. Biz israf etmeyece\u011fiz. \u0130sraf ekonomisinden yana de\u011fil, verim ekonomisinden yana olaca\u011f\u0131z&#8221; diye devam etti.<\/p>\n<p style=\"text-align: justify;\">T\u00fcrkiye&#8217;nin bug\u00fcn en olumsuz k\u00fcresel \u015fartlara kar\u015f\u0131 b\u00fcy\u00fcme istikrar\u0131n\u0131 s\u00fcrd\u00fcrd\u00fc\u011f\u00fcn\u00fc vurgulayan Erdo\u011fan, \u015funlar\u0131 kaydetti:<\/p>\n<p style=\"text-align: justify;\">&#8220;Bu \u00e7ok \u00f6nemli. \u00c7\u00fcnk\u00fc k\u00fcresel krizin ba\u015flad\u0131\u011f\u0131 g\u00fcnden bug\u00fcne d\u00fcnyan\u0131n ekonomik olarak en sa\u011flam bilinen \u00fclkeleri bile \u00e7ok ciddi depremler ya\u015fad\u0131lar. \u0130\u015fte bor\u00e7 tablosuna bakt\u0131\u011f\u0131n\u0131zda d\u00fcnyan\u0131n \u015fu anda bir numaral\u0131 bor\u00e7lu \u00fclkesi Amerika. Arkas\u0131nda Japonya var, arkas\u0131nda \u0130talya var. Bak\u0131n nereler var. \u00c7e\u015fitli Avrupa \u00fclkelerinin bu dalgalanmalardan ne \u00f6l\u00e7\u00fcde etkilendi\u011fi, nas\u0131l iflas\u0131n e\u015fi\u011fine kadar geldi\u011fi haberlerinin ard\u0131 arkas\u0131 kesilmiyor. \u0130\u015fte \u0130spanya, i\u015fte Portekiz ortada. \u0130rlanda ortada. Bunlar daha k\u0131sa bir s\u00fcre \u00f6nce d\u00fcnyan\u0131n, Avrupa&#8217;n\u0131n \u015f\u0131mar\u0131k \u00fclkeleriydi. Ama bak\u0131n \u015fimdi neredeler. Avro B\u00f6lgesi \u00dclkeleri bug\u00fcn bozulan b\u00fct\u00e7e dengeleri ve artan kamu bor\u00e7lar\u0131 nedeniyle ciddi s\u0131k\u0131nt\u0131larla kar\u015f\u0131 kar\u015f\u0131ya. \u0130\u015fte d\u00fcnyan\u0131n en b\u00fcy\u00fck ekonomisi diyebilece\u011fimiz ABD ekonomisinde de g\u00f6r\u00fclmemi\u015f \u00f6l\u00e7\u00fcde b\u00fcy\u00fck s\u0131k\u0131nt\u0131lar, sars\u0131nt\u0131lar ya\u015fan\u0131yor. Daha birka\u00e7 g\u00fcn \u00f6nce d\u00fcnyan\u0131n \u00f6nde gelen kredi derecelendirme kurulu\u015flar\u0131ndan biri ilk kez Amerika&#8217;n\u0131n kredi notunu d\u00fc\u015f\u00fcrd\u00fc. D\u00fcnyan\u0131n her yerinde ekonomik durgunluk, hem y\u00f6netimleri hem toplumsal huzuru tehdit eder hale gelmi\u015f durumda. T\u00fcrkiye, b\u00f6yle olumsuz k\u00fcresel \u015fartlar i\u00e7inde kalk\u0131nma iradesini koruyor.&#8221;<\/p>\n<p style=\"text-align: justify;\">\u00a0<strong>Muhalefete \u00e7att\u0131&#8230;\u00a0<\/strong><\/p>\n<p style=\"text-align: justify;\">Erdo\u011fan konu\u015fmas\u0131nda CHP lideri K\u0131l\u0131\u00e7daro\u011flu&#8217;na da y\u00fcklendi.<\/p>\n<p style=\"text-align: justify;\">Ba\u015fbakan, &#8220;Zira milletimizin cebinden \u00e7\u0131kan her kuru\u015funu sorumlulu\u011funu hissediyoruz ama bak\u0131yorsunuz anamuhalefetin lideri ne dese be\u011fenirsiniz; &#8216;Madem ekonomi bu kadar iyi gidiyor, arkas\u0131 arkas\u0131na bu kadar toplant\u0131lar\u0131 niye yap\u0131yorsunuz&#8217; diyor, aman Yarabbi, evlere \u015fenlik bir anamuhalefet&#8230; &#8221; dedi.<\/p>\n<p style=\"text-align: justify;\">Erdo\u011fan s\u00f6zlerine \u015f\u00f6yle devam etti:<\/p>\n<p style=\"text-align: justify;\">&#8220;\u015eimdi bu toplant\u0131lar yap\u0131lmasa o zaman da der ki &#8216;H\u00fck\u00fcmet nerede, ni\u00e7in bir araya gelmiyor?&#8217; Bu toplant\u0131lar\u0131n yap\u0131lmas\u0131, bunlar gibi dar perspektifte olaylar\u0131 yakalayan bir anlay\u0131\u015f de\u011fil. Biz \u015fu anda d\u00fcnyay\u0131 mercek alt\u0131na yat\u0131rmak suretiyle bunun bize yans\u0131mas\u0131 ne olur, veya olabilir mi tedbirimizi \u00f6nceden almak durumunday\u0131z ama dedim ya &#8216;bunlar \u00e7\u0131rak bile olamaz&#8217;, s\u0131k\u0131nt\u0131 burada. Bunlar \u00fclke falan\u00a0y\u00f6netemezler.&#8221;<\/p>\n<p style=\"text-align: justify;\">\u015eu anda k\u00fcresel piyasalarda, \u00f6zellikle geli\u015fmi\u015f ekonomilerde ya\u015fanan bir tak\u0131m sorunlar oldu\u011funu, sadece son bir haftada de\u011fer kaybeden borsalar\u0131 dolar kar\u015f\u0131s\u0131nda de\u011fer kaybeden para birimlerini, art\u0131\u015f g\u00f6steren risk primlerinin g\u00f6r\u00fcnd\u00fc\u011f\u00fcne de\u011finen Erdo\u011fan, &#8220;B\u00fct\u00fcn bu geli\u015fmelerin k\u00fcresel ekonomi ile entegre olan T\u00fcrkiye ekonomisine de baz\u0131 etkileri olabilece\u011fi ihtimalini, tedbir al\u0131nmad\u0131\u011f\u0131 takdirde s\u0131k\u0131nt\u0131larla y\u00fczle\u015fmek durumunda kalabilece\u011fimizi kriz i\u015fportac\u0131l\u0131\u011f\u0131ndan medet uman anamuhalefet partisi lideri d\u0131\u015f\u0131nda akl\u0131 ba\u015f\u0131nda olan herkes bunu tahmin ediyor. Bizim yapt\u0131\u011f\u0131m\u0131z bu toplant\u0131lar tamamen bu etkileri minimuma indirerek T\u00fcrk ekonomisinin b\u00fcy\u00fcme trendinin h\u0131z kesmeksizin devam etmesi, milletimizin cebinden tek bir kuru\u015fun dahi bo\u015fa gitmemesi i\u00e7indir&#8221; ifadesini kulland\u0131.<\/p>\n<p style=\"text-align: justify;\"><strong>Suriye&#8217;deki olaylar:<\/strong><\/p>\n<p style=\"text-align: justify;\">Ba\u015fbakan Erdo\u011fan konu\u015fmas\u0131nda Suriye&#8217;ye de de\u011findi.<\/p>\n<p style=\"text-align: justify;\">Ba\u015fbakan, &#8220;D\u0131\u015fi\u015fleri Bakan\u0131m\u0131z, b\u00f6lge hakk\u0131ndaki projeksiyonumuzu a\u00e7\u0131k\u00e7a kom\u015fu bir \u00fclkenin cumhurba\u015fkan\u0131na iletirken, bakan\u0131m\u0131z\u0131n oraya T\u00fcrkiye&#8217;nin mesaj\u0131n\u0131 de\u011fil de ba\u015fka bir \u00fclkenin mesaj\u0131n\u0131 g\u00f6t\u00fcrd\u00fc\u011f\u00fcn\u00fc iddia etmek, bir b\u00fcy\u00fck gafletin de\u011filse, \u015fifa bulmaz bir cehaletin ilan\u0131 de\u011fil midir?&#8221; \u015feklinde konu\u015ftu.<\/p>\n<p style=\"text-align: justify;\">Erdo\u011fan, &#8220;Suriye&#8217;deki geli\u015fmeleri \u00f6n\u00fcm\u00fczdeki g\u00fcnlerde de yak\u0131ndan izlemeye devam edece\u011fiz. B\u00fcy\u00fckel\u00e7imiz Hama&#8217;ya gitti. Hama&#8217;dan tanklar\u0131n \u00e7\u0131kmaya ba\u015flad\u0131\u011f\u0131n\u0131 s\u00f6ylediler. Tabii ki giri\u015fimin olumlu netice vermesi bak\u0131m\u0131ndan \u00e7ok \u00e7ok \u00f6nemli. \u015eurada 10-15 g\u00fcnl\u00fck s\u00fcre i\u00e7erisinde bunlar tamamiyle ger\u00e7ekle\u015fsin ve Suriye&#8217;de reform s\u00fcrecine y\u00f6nelik ad\u0131mlar bunun ard\u0131ndan at\u0131ls\u0131n&#8221; dedi.<\/p>\n<p style=\"text-align: justify;\"><strong>&#8220;Somali&#8217;ye gidece\u011fim&#8221;\u00a0<\/strong><\/p>\n<p style=\"text-align: justify;\">Erdo\u011fan, D\u0131\u015fi\u015fleri Bakan\u0131 Ahmet Davuto\u011flu ile birlikte a\u00e7l\u0131k sorununun ya\u015fand\u0131\u011f\u0131 Somali&#8217;ye gidece\u011fini de s\u00f6yledi.<\/p>\n<p style=\"text-align: justify;\">Erdo\u011fan, Afrika&#8217;da ya\u015fanan a\u00e7l\u0131k sorununu Eyl\u00fcl ay\u0131nda New York&#8217;ta yap\u0131lacak Birle\u015fmi\u015f Milletler toplant\u0131lar\u0131nda g\u00fcndeme getirece\u011fini bildirdi.<\/p>\n<p style=\"text-align: justify;\"><a href=\"http:\/\/www.cnnturk.com\/2011\/turkiye\/08\/10\/kriz.psikolojisi.bizi.esir.almayacak\/625681.0\/index.html\" target=\"_blank\">Kaynak : CNN T\u00dcRK<\/a><\/p>\n","protected":false},"excerpt":{"rendered":"<p style=\"text-align: center;\">\n<p style=\"text-align: justify;\">Ba\u015fbakan Recep Tayyip Erdo\u011fan, &#8220;Kriz psikolojisinin bizi esir almas\u0131na izin vermiyoruz, izin vermeyece\u011fiz. Milletin cebinden \u00e7\u0131kan her kuru\u015fun sorumlulu\u011funu hissediyoruz&#8221; dedi.<\/p>\n<p style=\"text-align: justify;\">Erdo\u011fan, partisinin genel merkezinde AK Parti Geni\u015fletilmi\u015f \u0130l Ba\u015fkanlar\u0131 Toplant\u0131s\u0131&#8217;nda yapt\u0131\u011f\u0131 konu\u015fmada, ekonomide ya\u015fanan dalgalanmalar\u0131 de\u011ferlendirdi. <\/p>\n","protected":false},"author":1,"featured_media":0,"comment_status":"open","ping_status":"open","sticky":false,"template":"","format":"standard","meta":{"footnotes":""},"categories":[105],"tags":[],"class_list":["post-38207","post","type-post","status-publish","format-standard","hentry","category-gundem","odd"],"_links":{"self":[{"href":"http:\/\/www.korhanyilmaz.com\/index.php?rest_route=\/wp\/v2\/posts\/38207","targetHints":{"allow":["GET"]}}],"collection":[{"href":"http:\/\/www.korhanyilmaz.com\/index.php?rest_route=\/wp\/v2\/posts"}],"about":[{"href":"http:\/\/www.korhanyilmaz.com\/index.php?rest_route=\/wp\/v2\/types\/post"}],"author":[{"embeddable":true,"href":"http:\/\/www.korhanyilmaz.com\/index.php?rest_route=\/wp\/v2\/users\/1"}],"replies":[{"embeddable":true,"href":"http:\/\/www.korhanyilmaz.com\/index.php?rest_route=%2Fwp%2Fv2%2Fcomments&post=38207"}],"version-history":[{"count":0,"href":"http:\/\/www.korhanyilmaz.com\/index.php?rest_route=\/wp\/v2\/posts\/38207\/revisions"}],"wp:attachment":[{"href":"http:\/\/www.korhanyilmaz.com\/index.php?rest_route=%2Fwp%2Fv2%2Fmedia&parent=38207"}],"wp:term":[{"taxonomy":"category","embeddable":true,"href":"http:\/\/www.korhanyilmaz.com\/index.php?rest_route=%2Fwp%2Fv2%2Fcategories&post=38207"},{"taxonomy":"post_tag","embeddable":true,"href":"http:\/\/www.korhanyilmaz.com\/index.php?rest_route=%2Fwp%2Fv2%2Ftags&post=38207"}],"curies":[{"name":"wp","href":"https:\/\/api.w.org\/{rel}","templated":true}]}}